{"id":9951,"date":"2025-12-11T21:27:42","date_gmt":"2025-12-11T19:27:42","guid":{"rendered":"https:\/\/www.uutispeili.fi\/?p=9951"},"modified":"2025-12-11T21:27:43","modified_gmt":"2025-12-11T19:27:43","slug":"tyoelama-ja-tasa-arvovaliokunta-puoltaa-irtisanomiskynnyksen-madaltamista-henkiloperusteisissa-tilanteissa","status":"publish","type":"post","link":"https:\/\/www.uutispeili.fi\/index.php\/2025\/12\/11\/tyoelama-ja-tasa-arvovaliokunta-puoltaa-irtisanomiskynnyksen-madaltamista-henkiloperusteisissa-tilanteissa\/","title":{"rendered":"Ty\u00f6el\u00e4m\u00e4- ja tasa-arvovaliokunta puoltaa irtisanomiskynnyksen madaltamista henkil\u00f6perusteisissa tilanteissa"},"content":{"rendered":"<p><strong>Eduskunnan ty\u00f6el\u00e4m\u00e4- ja tasa-arvovaliokunnan mietint\u00f6 hallituksen esityksest\u00e4 henkil\u00f6\u00f6n liittyv\u00e4n irtisanomisperusteen muuttamisesta valmistui torstaina. <\/strong><\/p>\n<p>Esityksess\u00e4 ehdotetaan muutettavaksi <strong><em>ty\u00f6sopimuslakia<\/em><\/strong> ja <strong><em>merity\u00f6sopimuslakia<\/em><\/strong>. Valiokunta puoltaa lakiehdotusten hyv\u00e4ksymist\u00e4 muuttamattomana. Mietint\u00f6\u00f6n sis\u00e4ltyy kaksi vastalausetta (sd., vihr., vas.; kesk.).<\/p>\n<h2>Esityksen tavoitteena on madaltaa irtisanomiskynnyst\u00e4<\/h2>\n<p>Ty\u00f6el\u00e4m\u00e4- ja tasa-arvovaliokunta toteaa, ett\u00e4 esityksen tavoitteena on madaltaa irtisanomiskynnyst\u00e4 henkil\u00f6\u00f6n perustuvissa irtisanomistilanteissa. Muutoksilla tavoitellaan erityisesti pienten ja keskisuurten yritysten toimintaedellytysten ja ty\u00f6llist\u00e4miskyvyn vahvistamista.<\/p>\n<blockquote><p>Henkil\u00f6perusteinen irtisanominen edellytt\u00e4\u00e4 my\u00f6s jatkossa <strong>asiallista syyt\u00e4<\/strong>, eik\u00e4 v\u00e4h\u00e4ist\u00e4 syyt\u00e4 voida pit\u00e4\u00e4 s\u00e4\u00e4nn\u00f6ksess\u00e4 tarkoitetulla tavalla asiallisena. Valiokunta korostaa my\u00f6s, etteiv\u00e4t syrjiv\u00e4t syyt saa vaikuttaa irtisanomiseen jatkossakaan.<\/p><\/blockquote>\n<p>Valiokunta esitt\u00e4\u00e4 mietinn\u00f6ss\u00e4\u00e4n t\u00e4ysistunnolle hyv\u00e4ksytt\u00e4v\u00e4ksi kolme lausumaa, joilla eduskunta edellytt\u00e4\u00e4 hallitukselta toimenpiteit\u00e4. Lausumaehdotuksissa edellytet\u00e4\u00e4n muun muassa, ett\u00e4 valtioneuvosto seuraa lakimuutosten vaikutuksia raskaus- ja perhevapaasyrjinn\u00e4n lis\u00e4\u00e4ntymiseen, ty\u00f6ntekij\u00f6iden asemaan ja ty\u00f6llisyyteen sek\u00e4 k\u00e4yt\u00e4nn\u00f6n vaikutuksia irtisanomiskynnykseen.<\/p>\n<h2>Seuraavaksi on asian t\u00e4ysistuntok\u00e4sittely<\/h2>\n<p>Seuraavaksi eduskunta k\u00e4sittelee lakiehdotusta kahdessa t\u00e4ysistuntok\u00e4sittelyss\u00e4. K\u00e4sittelyn pohjana on valiokunnan mietint\u00f6.<\/p>\n<p>Ensimm\u00e4isess\u00e4 k\u00e4sittelyss\u00e4 p\u00e4\u00e4tet\u00e4\u00e4n lakiehdotusten sis\u00e4ll\u00f6st\u00e4. Lakiehdotuksen toinen k\u00e4sittely voi olla aikaisintaan kolmen p\u00e4iv\u00e4n kuluttua ensimm\u00e4isest\u00e4 k\u00e4sittelyst\u00e4.<\/p>\n<p>Toisen k\u00e4sittelyn pohjana on ensimm\u00e4isess\u00e4 k\u00e4sittelyss\u00e4 hyv\u00e4ksytty lakiteksti. Toisessa k\u00e4sittelyss\u00e4 p\u00e4\u00e4tet\u00e4\u00e4n vain lakiehdotuksen hyv\u00e4ksymisest\u00e4 tai hylk\u00e4\u00e4misest\u00e4, eli sen sis\u00e4lt\u00f6\u00f6n ei en\u00e4\u00e4 t\u00e4ss\u00e4 vaiheessa voida puuttua. <img loading=\"lazy\" decoding=\"async\" class=\"alignnone size-full wp-image-144\" src=\"https:\/\/www.uutispeili.fi\/wp-content\/uploads\/2023\/11\/di.gold_.gif\" alt=\"\" width=\"11\" height=\"11\" \/><\/p>\n<p>Luettavaa:<\/p>\n<ul>\n<li><a href=\"https:\/\/www.eduskunta.fi\/FI\/vaski\/Mietinto\/Sivut\/TyVM_10+2025.aspx\" target=\"_blank\" rel=\"noopener noreferrer\">Lue mietint\u00f6 kokonaisuudessaan eduskunnan sivuilta<\/a><\/li>\n<li>HE 158\/2025<\/li>\n<\/ul>\n","protected":false},"excerpt":{"rendered":"<p>Eduskunnan ty\u00f6el\u00e4m\u00e4- ja tasa-arvovaliokunnan mietint\u00f6 hallituksen esityksest\u00e4 henkil\u00f6\u00f6n liittyv\u00e4n irtisanomisperusteen muuttamisesta valmistui torstaina. Esityksess\u00e4 ehdotetaan muutettavaksi ty\u00f6sopimuslakia ja merity\u00f6sopimuslakia. Valiokunta puoltaa lakiehdotusten hyv\u00e4ksymist\u00e4 muuttamattomana. Mietint\u00f6\u00f6n sis\u00e4ltyy kaksi vastalausetta (sd., vihr., vas.; kesk.). Esityksen tavoitteena on madaltaa irtisanomiskynnyst\u00e4 Ty\u00f6el\u00e4m\u00e4- ja tasa-arvovaliokunta toteaa, ett\u00e4 esityksen tavoitteena on madaltaa irtisanomiskynnyst\u00e4 henkil\u00f6\u00f6n perustuvissa irtisanomistilanteissa. Muutoksilla tavoitellaan erityisesti pienten ja [&hellip;]<\/p>\n","protected":false},"author":3,"featured_media":1929,"comment_status":"open","ping_status":"open","sticky":false,"template":"","format":"standard","meta":{"footnotes":""},"categories":[49],"tags":[],"_links":{"self":[{"href":"https:\/\/www.uutispeili.fi\/index.php\/wp-json\/wp\/v2\/posts\/9951"}],"collection":[{"href":"https:\/\/www.uutispeili.fi\/index.php\/wp-json\/wp\/v2\/posts"}],"about":[{"href":"https:\/\/www.uutispeili.fi\/index.php\/wp-json\/wp\/v2\/types\/post"}],"author":[{"embeddable":true,"href":"https:\/\/www.uutispeili.fi\/index.php\/wp-json\/wp\/v2\/users\/3"}],"replies":[{"embeddable":true,"href":"https:\/\/www.uutispeili.fi\/index.php\/wp-json\/wp\/v2\/comments?post=9951"}],"version-history":[{"count":1,"href":"https:\/\/www.uutispeili.fi\/index.php\/wp-json\/wp\/v2\/posts\/9951\/revisions"}],"predecessor-version":[{"id":9952,"href":"https:\/\/www.uutispeili.fi\/index.php\/wp-json\/wp\/v2\/posts\/9951\/revisions\/9952"}],"wp:featuredmedia":[{"embeddable":true,"href":"https:\/\/www.uutispeili.fi\/index.php\/wp-json\/wp\/v2\/media\/1929"}],"wp:attachment":[{"href":"https:\/\/www.uutispeili.fi\/index.php\/wp-json\/wp\/v2\/media?parent=9951"}],"wp:term":[{"taxonomy":"category","embeddable":true,"href":"https:\/\/www.uutispeili.fi\/index.php\/wp-json\/wp\/v2\/categories?post=9951"},{"taxonomy":"post_tag","embeddable":true,"href":"https:\/\/www.uutispeili.fi\/index.php\/wp-json\/wp\/v2\/tags?post=9951"}],"curies":[{"name":"wp","href":"https:\/\/api.w.org\/{rel}","templated":true}]}}