{"id":9760,"date":"2025-12-03T17:51:47","date_gmt":"2025-12-03T15:51:47","guid":{"rendered":"https:\/\/www.uutispeili.fi\/?p=9760"},"modified":"2025-12-03T17:51:48","modified_gmt":"2025-12-03T15:51:48","slug":"eduskunta-hyvaksyi-kevennykset-perintoveroon-psn-vigelius-yha-useampi-suomalainen-vapautuu-verosta-kokonaan","status":"publish","type":"post","link":"https:\/\/www.uutispeili.fi\/index.php\/2025\/12\/03\/eduskunta-hyvaksyi-kevennykset-perintoveroon-psn-vigelius-yha-useampi-suomalainen-vapautuu-verosta-kokonaan\/","title":{"rendered":"Eduskunta hyv\u00e4ksyi kevennykset perint\u00f6veroon \u2013 PS:n Vigelius: &#8221;Yh\u00e4 useampi suomalainen vapautuu verosta kokonaan&#8221;"},"content":{"rendered":"<p><strong>Eduskunta \u00e4\u00e4nesti t\u00e4n\u00e4\u00e4n l\u00e4pi lakimuutoksen perint\u00f6- ja lahjaveron alentamisesta.<\/strong><\/p>\n<p>(Arkistokuva, kuval\u00e4hde: Eduskunta.(<\/p>\n<p><strong>Perint\u00f6veron<\/strong> alaraja nostetaan 20 000 eurosta 30 000 euroon. N\u00e4it\u00e4 pienempi\u00e4 perint\u00f6j\u00e4 tai lahjoja ei veroteta en\u00e4\u00e4 lainkaan. Alarajan korotus kevent\u00e4\u00e4 my\u00f6s muiden perint\u00f6jen verotusta. Lis\u00e4ksi maksuun tehd\u00e4\u00e4n helpotuksia.<\/p>\n<p><strong>Perussuomalaisten<\/strong> varapuheenjohtaja ja kansanedustaja <strong>Joakim Vigeliu<\/strong>s pit\u00e4\u00e4 muutosta oikeasuuntaisena.<\/p>\n<p>Kansanedustaja huomauttaa, ett\u00e4 selv\u00e4sti yli puolet suomalaisista perii alarajaa v\u00e4hemm\u00e4n.<\/p>\n<blockquote><p>&#8211; Nyt tehdyll\u00e4 muutoksella yh\u00e4 useampi suomalainen vapautuu perint\u00f6verosta kokonaan. Lopuillakin veron m\u00e4\u00e4r\u00e4 alenee useilla sadoilla euroilla. Suunta on oikea, Vigelius toteaa.<\/p>\n<p>&#8211; Koska perint\u00f6veron kokonaan poistaminen osoittautui haastavaksi vaikeassa taloustilanteessa, t\u00e4m\u00e4 oikein kohdennettu kevennys oli hyv\u00e4 kompromissi.<\/p><\/blockquote>\n<h2><em>&#8217;Kuinka moneen kertaan valtio verottaa ihmisen tienaamaa?<\/em>&#8217;<\/h2>\n<p>Vigeliuksen mukaan perint\u00f6verotuksessa on kyse valtion verotulojen lis\u00e4ksi my\u00f6s kohtuudesta.<\/p>\n<blockquote><p>&#8211; Kuinka moneen kertaan valtion on oikein verottaa ihmisen tienaamaa, <span style=\"font-size: revert; color: initial;\">yritt\u00e4m\u00e4\u00e4, ostamaa ja omistamaa? T\u00e4m\u00e4n p\u00e4\u00e4t\u00f6ksen my\u00f6t\u00e4 hieman aiempaa v\u00e4hemm\u00e4n, -kysyy Vigelius.<\/span><\/p><\/blockquote>\n<p>Ehdotetut lait tulevat voimaan vuoden 2026 alusta. <img loading=\"lazy\" decoding=\"async\" class=\"alignnone size-full wp-image-144\" src=\"https:\/\/www.uutispeili.fi\/wp-content\/uploads\/2023\/11\/di.gold_.gif\" alt=\"\" width=\"11\" height=\"11\" \/><\/p>\n<p>(Uutispeili ei ole muokannut Artikkelin sis\u00e4lt\u00f6\u00e4.)<\/p>\n","protected":false},"excerpt":{"rendered":"<p>Eduskunta \u00e4\u00e4nesti t\u00e4n\u00e4\u00e4n l\u00e4pi lakimuutoksen perint\u00f6- ja lahjaveron alentamisesta. (Arkistokuva, kuval\u00e4hde: Eduskunta.( Perint\u00f6veron alaraja nostetaan 20 000 eurosta 30 000 euroon. N\u00e4it\u00e4 pienempi\u00e4 perint\u00f6j\u00e4 tai lahjoja ei veroteta en\u00e4\u00e4 lainkaan. Alarajan korotus kevent\u00e4\u00e4 my\u00f6s muiden perint\u00f6jen verotusta. Lis\u00e4ksi maksuun tehd\u00e4\u00e4n helpotuksia. Perussuomalaisten varapuheenjohtaja ja kansanedustaja Joakim Vigelius pit\u00e4\u00e4 muutosta oikeasuuntaisena. Kansanedustaja huomauttaa, ett\u00e4 selv\u00e4sti yli [&hellip;]<\/p>\n","protected":false},"author":3,"featured_media":2492,"comment_status":"open","ping_status":"open","sticky":false,"template":"","format":"standard","meta":{"footnotes":""},"categories":[49,25],"tags":[],"_links":{"self":[{"href":"https:\/\/www.uutispeili.fi\/index.php\/wp-json\/wp\/v2\/posts\/9760"}],"collection":[{"href":"https:\/\/www.uutispeili.fi\/index.php\/wp-json\/wp\/v2\/posts"}],"about":[{"href":"https:\/\/www.uutispeili.fi\/index.php\/wp-json\/wp\/v2\/types\/post"}],"author":[{"embeddable":true,"href":"https:\/\/www.uutispeili.fi\/index.php\/wp-json\/wp\/v2\/users\/3"}],"replies":[{"embeddable":true,"href":"https:\/\/www.uutispeili.fi\/index.php\/wp-json\/wp\/v2\/comments?post=9760"}],"version-history":[{"count":1,"href":"https:\/\/www.uutispeili.fi\/index.php\/wp-json\/wp\/v2\/posts\/9760\/revisions"}],"predecessor-version":[{"id":9761,"href":"https:\/\/www.uutispeili.fi\/index.php\/wp-json\/wp\/v2\/posts\/9760\/revisions\/9761"}],"wp:featuredmedia":[{"embeddable":true,"href":"https:\/\/www.uutispeili.fi\/index.php\/wp-json\/wp\/v2\/media\/2492"}],"wp:attachment":[{"href":"https:\/\/www.uutispeili.fi\/index.php\/wp-json\/wp\/v2\/media?parent=9760"}],"wp:term":[{"taxonomy":"category","embeddable":true,"href":"https:\/\/www.uutispeili.fi\/index.php\/wp-json\/wp\/v2\/categories?post=9760"},{"taxonomy":"post_tag","embeddable":true,"href":"https:\/\/www.uutispeili.fi\/index.php\/wp-json\/wp\/v2\/tags?post=9760"}],"curies":[{"name":"wp","href":"https:\/\/api.w.org\/{rel}","templated":true}]}}