{"id":9752,"date":"2025-12-03T16:57:19","date_gmt":"2025-12-03T14:57:19","guid":{"rendered":"https:\/\/www.uutispeili.fi\/?p=9752"},"modified":"2025-12-04T15:30:32","modified_gmt":"2025-12-04T13:30:32","slug":"eduskunnan-lakivaliokunta-kannattaa-uutta-rangaistussaannosta-vakavan-kansainvalisen-rikoksen-kieltamisesta","status":"publish","type":"post","link":"https:\/\/www.uutispeili.fi\/index.php\/2025\/12\/03\/eduskunnan-lakivaliokunta-kannattaa-uutta-rangaistussaannosta-vakavan-kansainvalisen-rikoksen-kieltamisesta\/","title":{"rendered":"Eduskunnan lakivaliokunta kannattaa uutta rangaistuss\u00e4\u00e4nn\u00f6st\u00e4 vakavan kansainv\u00e4lisen rikoksen kielt\u00e4misest\u00e4"},"content":{"rendered":"<p><strong>Lakivaliokunnan mietint\u00f6 hallituksen esityksest\u00e4 muuttaa <em>rikoslain 11 lukua<\/em> on valmistunut.<\/strong><\/p>\n<p>(Kuvituskuva: V\u00e4est\u00f6nsiirtoja\/sotatikoksia Euroopassa 1939-1946.)<\/p>\n<p><strong>Lakivaliokunta<\/strong> kannattaa esitykseen sis\u00e4ltyv\u00e4n lakiehdotuksen hyv\u00e4ksymist\u00e4 er\u00e4in huomioin ja muutosehdotuksin. Mietint\u00f6 on yksimielinen.<\/p>\n<blockquote><p><strong>Hallituksen esityksess\u00e4<\/strong> rikoslain <strong><em>sotarikoksia<\/em><\/strong> ja <strong><em>rikoksia ihmisyytt\u00e4 vastaan<\/em><\/strong> koskevaan lukuun lis\u00e4t\u00e4\u00e4n <em><strong>vakavan kansainv\u00e4lisen rikoksen<\/strong><\/em> kielt\u00e4mist\u00e4 koskeva rangaistuss\u00e4\u00e4nn\u00f6s.<\/p><\/blockquote>\n<p>Kriminalisointi perustuu <strong>Euroopan unionin<\/strong> neuvoston r<em>asismin<\/em> ja <em>muukalaisvihan<\/em> torjumista koskevaan puitep\u00e4\u00e4t\u00f6kseen ja sit\u00e4 koskevaan komission <em><strong>Suomea<\/strong> vastaan<\/em> aloittamaan rikkomusmenettelyyn.<\/p>\n<h2>Esityksen tavoitteena on torjua rasismia<\/h2>\n<p>Esityksen tavoitteena on selkeytt\u00e4\u00e4 lains\u00e4\u00e4d\u00e4nt\u00f6\u00e4 <strong>juutalaisten<\/strong> joukkotuhonnan ja muiden vakavien kansainv\u00e4listen rikosten julkisen puolustelun, kielt\u00e4misen tai <em><strong>vakavan v\u00e4h\u00e4ttelyn<\/strong><\/em> kriminalisoinnin osalta, jotta Suomen lains\u00e4\u00e4d\u00e4nt\u00f6 t\u00e4ytt\u00e4isi puitep\u00e4\u00e4t\u00f6ksen t\u00e4t\u00e4 koskevat velvoitteet riitt\u00e4v\u00e4n yksiselitteisesti.<\/p>\n<p>Esityksen tavoitteena on my\u00f6s parantaa Suomessa el\u00e4vien v\u00e4est\u00f6ryhmien yhdenvertaisuutta ja torjua rasismia.<\/p>\n<blockquote><p>Esityksell\u00e4 korostetaan sellaisten tekojen moitittavuutta, joiden vaikuttimena on etnisyyteen, uskontoon, syntyper\u00e4\u00e4n tai muuhun vastaavaan ominaisuuteen perustuva viha.<\/p><\/blockquote>\n<p>Esityksell\u00e4 pannan my\u00f6s t\u00e4yt\u00e4nt\u00f6\u00f6n <strong>valtioneuvoston<\/strong> eduskunnalle antamassa rasismia ja yhdenvertaisuutta koskevassa tiedonannossa koskeva kirjaus <em>holokaustin kielt\u00e4misen<\/em> kriminalisoinnista.<\/p>\n<h2>Miten asian k\u00e4sittely jatkuu<\/h2>\n<p>Asia etenee seuraavaksi eduskunnan t\u00e4ysistuntoon, joka k\u00e4sittelee lakiehdotusta lakivaliokunnan mietinn\u00f6n pohjalta. <img loading=\"lazy\" decoding=\"async\" class=\"alignnone size-full wp-image-144\" src=\"https:\/\/www.uutispeili.fi\/wp-content\/uploads\/2023\/11\/di.gold_.gif\" alt=\"\" width=\"11\" height=\"11\" \/><\/p>\n<p>Luettavaa:<\/p>\n<ul>\n<li><a href=\"https:\/\/www.eduskunta.fi\/FI\/vaski\/Mietinto\/Sivut\/LaVM_16+2025.aspx\" target=\"_blank\" rel=\"noopener\">Valiokunnan mietint\u00f6\u200b LaVM 16\/2025 vp<\/a>,<\/li>\n<\/ul>\n","protected":false},"excerpt":{"rendered":"<p>Lakivaliokunnan mietint\u00f6 hallituksen esityksest\u00e4 muuttaa rikoslain 11 lukua on valmistunut. (Kuvituskuva: V\u00e4est\u00f6nsiirtoja\/sotatikoksia Euroopassa 1939-1946.) Lakivaliokunta kannattaa esitykseen sis\u00e4ltyv\u00e4n lakiehdotuksen hyv\u00e4ksymist\u00e4 er\u00e4in huomioin ja muutosehdotuksin. Mietint\u00f6 on yksimielinen. Hallituksen esityksess\u00e4 rikoslain sotarikoksia ja rikoksia ihmisyytt\u00e4 vastaan koskevaan lukuun lis\u00e4t\u00e4\u00e4n vakavan kansainv\u00e4lisen rikoksen kielt\u00e4mist\u00e4 koskeva rangaistuss\u00e4\u00e4nn\u00f6s. Kriminalisointi perustuu Euroopan unionin neuvoston rasismin ja muukalaisvihan torjumista koskevaan puitep\u00e4\u00e4t\u00f6kseen [&hellip;]<\/p>\n","protected":false},"author":3,"featured_media":9753,"comment_status":"open","ping_status":"open","sticky":false,"template":"","format":"standard","meta":{"footnotes":""},"categories":[49,25,61,230],"tags":[],"_links":{"self":[{"href":"https:\/\/www.uutispeili.fi\/index.php\/wp-json\/wp\/v2\/posts\/9752"}],"collection":[{"href":"https:\/\/www.uutispeili.fi\/index.php\/wp-json\/wp\/v2\/posts"}],"about":[{"href":"https:\/\/www.uutispeili.fi\/index.php\/wp-json\/wp\/v2\/types\/post"}],"author":[{"embeddable":true,"href":"https:\/\/www.uutispeili.fi\/index.php\/wp-json\/wp\/v2\/users\/3"}],"replies":[{"embeddable":true,"href":"https:\/\/www.uutispeili.fi\/index.php\/wp-json\/wp\/v2\/comments?post=9752"}],"version-history":[{"count":2,"href":"https:\/\/www.uutispeili.fi\/index.php\/wp-json\/wp\/v2\/posts\/9752\/revisions"}],"predecessor-version":[{"id":9771,"href":"https:\/\/www.uutispeili.fi\/index.php\/wp-json\/wp\/v2\/posts\/9752\/revisions\/9771"}],"wp:featuredmedia":[{"embeddable":true,"href":"https:\/\/www.uutispeili.fi\/index.php\/wp-json\/wp\/v2\/media\/9753"}],"wp:attachment":[{"href":"https:\/\/www.uutispeili.fi\/index.php\/wp-json\/wp\/v2\/media?parent=9752"}],"wp:term":[{"taxonomy":"category","embeddable":true,"href":"https:\/\/www.uutispeili.fi\/index.php\/wp-json\/wp\/v2\/categories?post=9752"},{"taxonomy":"post_tag","embeddable":true,"href":"https:\/\/www.uutispeili.fi\/index.php\/wp-json\/wp\/v2\/tags?post=9752"}],"curies":[{"name":"wp","href":"https:\/\/api.w.org\/{rel}","templated":true}]}}