{"id":9740,"date":"2025-12-02T16:04:16","date_gmt":"2025-12-02T14:04:16","guid":{"rendered":"https:\/\/www.uutispeili.fi\/?p=9740"},"modified":"2025-12-02T16:29:47","modified_gmt":"2025-12-02T14:29:47","slug":"saara-sofia-siren-viimeinen-hetki-vahvistaa-eu-yhteistyon-perustaa","status":"publish","type":"post","link":"https:\/\/www.uutispeili.fi\/index.php\/2025\/12\/02\/saara-sofia-siren-viimeinen-hetki-vahvistaa-eu-yhteistyon-perustaa\/","title":{"rendered":"Saara-Sofia Sir\u00e9n: &#8217;Viimeinen hetki vahvistaa EU-yhteisty\u00f6n perustaa&#8217;"},"content":{"rendered":"<p><strong>Suomalaiset olivat n\u00e4kyv\u00e4sti esill\u00e4 COSACin keskusteluissa Euroopan turvallisuudesta ja kauppapolitiikasta.<\/strong><\/p>\n<p>Suomalaiset kansanedustajat olivat n\u00e4kyv\u00e4 valtuuskunta, kun <strong>parlamenttien EU-valiokuntien<\/strong> ja <strong>Euroopan<\/strong> <strong>parlamentin<\/strong> <strong>COSAC-<\/strong>yleiskokous puhui <strong>K\u00f6\u00f6penhaminassa<\/strong> Euroopan turvallisuuden ja kilpailukyvyn vahvistamisesta ja kauppapolitiikasta.<\/p>\n<blockquote><p>Eduskunnan <strong>suuren valiokunnan<\/strong> puheenjohtaja <strong>Saara-Sofia Sir\u00e9n<\/strong>in (Kokoomus) mukaan k\u00e4sill\u00e4 alkaa olla viimeinen hetki vahvistaa EU-yhteisty\u00f6n perustaa: yhteisi\u00e4 arvoja, yhteist\u00e4 turvallisuutta, kilpailukyky\u00e4 ja kyky\u00e4 toimia p\u00e4\u00e4tt\u00e4v\u00e4isesti yhdess\u00e4. Ratkaisevia ovat panostukset turvallisuuteen, puolustukseen ja kilpailukykyyn, Sir\u00e9n sanoi.<\/p><\/blockquote>\n<p>Puheenjohtaja painotti, ett\u00e4 Euroopan t\u00e4rkeimp\u00e4n\u00e4 teht\u00e4v\u00e4n\u00e4 on edelleen tukea <strong>Ukrainaa<\/strong> horjumatta ja lis\u00e4t\u00e4 kaikin tavoin painetta <strong>Ven\u00e4j\u00e4\u00e4<\/strong> kohtaan. Ven\u00e4j\u00e4n aiheuttamat uhat, mukaan lukien esimerkiksi varjolaivaston k\u00e4ytt\u00f6 ja ilmatilaloukkaukset haastavat kaikkien Euroopan maiden vakautta ja turvallisuutta.<\/p>\n<blockquote><p>\u201dVahva Eurooppa ei synny itsest\u00e4\u00e4n, vaan se syntyy niill\u00e4 p\u00e4\u00e4t\u00f6ksill\u00e4 joita me teemme yhdess\u00e4.\u201d, Sir\u00e9n sanoi.<\/p><\/blockquote>\n<h2>&#8217;<em>Ven\u00e4j\u00e4n voitto Ukrainassa muuttaisi kaikki Euroopan suunnitelmat<\/em>&#8217;<\/h2>\n<p><strong>Aleksi J\u00e4ntti<\/strong> (Kokoomus) huomautti, ett\u00e4 Ven\u00e4j\u00e4n voitto Ukrainassa muuttaisi kaikki Euroopan suunnitelmat hetkess\u00e4. J\u00e4ntin mukaan Euroopalla ei ole tarpeeksi tahtoa taata Ukrainan puolustamista koskevia julistuksiaan, eik\u00e4 se siksi my\u00f6sk\u00e4\u00e4n istu neuvottelemassa rauhasta yhdess\u00e4 <strong>Yhdysvaltain<\/strong> ja Ven\u00e4j\u00e4n kanssa.<\/p>\n<blockquote><p>\u201dMeill\u00e4 on pedon kyky, mutta lampaan tahto suhteessa Ven\u00e4j\u00e4\u00e4n. Siksi muodostamamme uhka on Ven\u00e4j\u00e4n n\u00e4k\u00f6kulmasta nolla. Jokainen heikkouden osoitus Ven\u00e4j\u00e4n edess\u00e4 on ollut ja tulee aina olemaan eskalaatio, mutta jokainen p\u00e4\u00e4tt\u00e4v\u00e4isyyden ja voiman osoitus de-eskalaatio\u201d, J\u00e4ntti p\u00e4\u00e4tti.<\/p><\/blockquote>\n<h2>&#8217;<em>Parhaat j\u00e4rjestelm\u00e4t ja kyvykkyydet tulisi ottaa k\u00e4ytt\u00f6\u00f6n<\/em>&#8217;<\/h2>\n<p><strong>Jani Kokko<\/strong> (SDP) muistutti, ett\u00e4 kansallisen teollisuuden suojelu est\u00e4\u00e4 Eurooppaa k\u00e4ytt\u00e4m\u00e4st\u00e4 puolustusm\u00e4\u00e4r\u00e4rahoja tehokkaasti. K\u00e4ytt\u00f6\u00f6n tulisi ottaa parhaat j\u00e4rjestelm\u00e4t ja kyvykkyydet riippumatta siit\u00e4, mist\u00e4 j\u00e4senmaasta ne tulevat.<\/p>\n<blockquote><p>\u201dEik\u00f6h\u00e4n t\u00e4ll\u00e4 porukalla sovita, ett\u00e4 unohdamme <strong>protektionismin<\/strong> ja teemme oikeasti kaikkemme Euroopan puolustuksen eteen, sill\u00e4 se on my\u00f6s yksi keino lis\u00e4t\u00e4 kansalaisten onnellisuutta. Suomi on valittu jo kahdeksatta kertaa maailman onnellisimmaksi maaksi ja yksi syy sille on uskottava puolustuskykymme\u201d, Kokko sanoi.<\/p><\/blockquote>\n<h2>&#8217;<em>Ven\u00e4j\u00e4n LNG-tuonti on kiellett\u00e4v\u00e4 suunniteltua nopeammin<\/em>&#8217;<\/h2>\n<p><strong>Mats L\u00f6fstr\u00f6m<\/strong> (RKP) kiitti <strong>Euroopan komissiota<\/strong> sen ehdotuksista puolustuksen, talouden ja kilpailukyvyn vahvistamiseksi, mutta kiritti j\u00e4senmaita nopeampiin toimenpiteisiin: Ukrainan tukea on lis\u00e4tt\u00e4v\u00e4, Ven\u00e4j\u00e4n <strong>LNG-tuonti<\/strong> on kiellett\u00e4v\u00e4 suunniteltua nopeammin ja sen j\u00e4\u00e4dytetyt varat on saatava k\u00e4ytt\u00f6\u00f6n Ukrainan hyv\u00e4ksi, jotta Ukrainan asema neuvotteluissa vahvistuu.<\/p>\n<blockquote><p>\u201dTarvitsemme pikaisesti p\u00e4\u00e4t\u00f6ksen j\u00e4\u00e4dytettyjen varojen k\u00e4ytt\u00e4misest\u00e4. Kello k\u00e4y ja maailma katsoo meit\u00e4. Meid\u00e4n on n\u00e4ytett\u00e4v\u00e4, ett\u00e4 kykenemme toimimaan\u201d, L\u00f6fstr\u00f6m sanoi.<\/p><\/blockquote>\n<p><strong>Kimmo Kiljunen <\/strong>(SDP) laajensi keskustelun n\u00e4k\u00f6kulmaa huomauttaen, ettei Euroopan vahvuus ole vain sotilaskyvyn ja -keinojen varassa.<\/p>\n<blockquote><p>\u201dMeid\u00e4n vahvuutemme ovat meid\u00e4n arvoissamme. Siin\u00e4 miten me puolustamme ihmisoikeuksia, oikeusvaltiota ja demokratiaa mantereellamme. Meid\u00e4n vahvuutemme on sosiaalisessa yhten\u00e4isyydess\u00e4, suvaitsevaisuudessa ja solidaarisuudessa \u2013 eik\u00e4 solidaarisuus tunne rajoja\u201d, Kiljunen sanoi.<\/p><\/blockquote>\n<h2>&#8217;<em>Puolustuksen sis\u00e4markkinat lis\u00e4isiv\u00e4t turvallisuutta ja v\u00e4hent\u00e4isiv\u00e4t kustannuksia<\/em>&#8217;<\/h2>\n<p>Suuren valiokunnan varapuheenjohtaja <strong>Miapetra Kumpula-Natri<\/strong> (sd.) osallistui keskusteluun EU:n kauppapolitiikan mahdollisuuksista ja haasteista nykyisess\u00e4 maailmantilanteessa. H\u00e4n painotti, ett\u00e4 Eurooppa tarvitsee lis\u00e4\u00e4 kansainv\u00e4list\u00e4 kauppaa, joka on hy\u00f6dytt\u00e4nyt eurooppalaisia monin tavoin.<\/p>\n<blockquote><p>Kumpula-Natri painotti <strong>sis\u00e4markkinoiden<\/strong> merkityst\u00e4 Euroopalle, k\u00e4ytt\u00e4en esimerkkin\u00e4 hy\u00f6tyj\u00e4, joita t\u00e4ss\u00e4 ajassa saataisiin toimivista puolustuksen sis\u00e4markkinoista.<\/p><\/blockquote>\n<p>Varapuheenjohtaja kiinnitti huomiota my\u00f6s Ven\u00e4j\u00e4lle asetettuihin kauppapakotteisiin. Kumpula-Natrin mukaan hy\u00f6kk\u00e4\u00e4j\u00e4n ei saa antaa hy\u00f6ty\u00e4 kaupasta ja ty\u00f6t\u00e4 pakotteiden kiert\u00e4misen est\u00e4miseksi on jatkettava m\u00e4\u00e4r\u00e4tietoisesti.<\/p>\n<p>COSACin toisen p\u00e4iv\u00e4n aiheina mm. kest\u00e4v\u00e4 kasvu, energia, maatalous ja laajentuminen<\/p>\n<p>COSACin yleiskokous jatkui tiistaina: P\u00e4\u00e4t\u00f6sp\u00e4iv\u00e4n aiheina ovat maatalouden ja ruoantuotannon kilpailukyky ja vihre\u00e4 siirtym\u00e4, kest\u00e4v\u00e4 kasvu ja energia sek\u00e4 EU:n laajentuminen.<\/p>\n<h2>Suomalaiset kansanedustajat esittiv\u00e4t COSACissa huolensa EU:n kyvyst\u00e4 laajentua<\/h2>\n<p>Parlamenttien EU-valiokuntien ja Euroopan parlamentin COSAC-yleiskokouksen p\u00e4\u00e4t\u00f6sp\u00e4iv\u00e4n aiheina olivat maatalouden ja ruoantuotannon kilpailukyky ja vihre\u00e4 siirtym\u00e4, kest\u00e4v\u00e4 kasvu ja energia sek\u00e4 EU:n laajentuminen.<\/p>\n<p>Suomalaiset kansanedustajat osallistuivat EU:n laajentumista koskevaan keskusteluun. Jani Kokon (SDP) ja Aleksi J\u00e4ntin (Kokoomus) huolena oli EU:n laajentumisp\u00e4\u00e4t\u00f6ksi\u00e4 koskeva yksimielisyyden vaatimus, joka voi lamauttaa p\u00e4\u00e4t\u00f6ksenteon.<\/p>\n<h2>&#8217;EU:n laajentuminen on geopoliittinen v\u00e4ltt\u00e4m\u00e4tt\u00f6myys&#8217;<\/h2>\n<p>Jani Kokko aloitti suomalaisten puheenvuorot toteamalla, ett\u00e4 EU:n laajentuminen on geopoliittinen v\u00e4ltt\u00e4m\u00e4tt\u00f6myys, sill\u00e4 se on paras keino vakauden ja vaurauden levitt\u00e4miseen Euroopassa. Hakijamaat vastaavat omasta edistymisest\u00e4\u00e4n, Kokko totesi, mutta arvioi, ett\u00e4 EU ei t\u00e4ll\u00e4 hetkell\u00e4 ole valmis laajenemaan.<\/p>\n<blockquote><p>\u201dMeill\u00e4 on tilanne, jossa yksitt\u00e4inen j\u00e4senmaa voi ottaa koko unionin panttivangiksi, kuten on n\u00e4hty Unkarin kohdalla\u201d, Kokko sanoi.<\/p>\n<p>\u201dOngelman ratkaisemiseksi m\u00e4\u00e4r\u00e4enemmist\u00f6p\u00e4\u00e4t\u00f6kset tulee ulottaa koskemaan laajentumista sek\u00e4 yhteisist\u00e4 ulko- ja turvallisuuspolitiikkaa, ja arvoja rikkovilta j\u00e4senmailta tulee ottaa sek\u00e4 \u00e4\u00e4nioikeus ett\u00e4 tuet pois\u201d, Kokko linjasi.<\/p><\/blockquote>\n<p>Aleksi J\u00e4ntti huomautti, ett\u00e4 vaikka yksimielisyyden vaatimus t\u00e4rkeiss\u00e4 asioissa on pienten maiden turva, se ei oikeuta johdonmukaista ja pitk\u00e4aikaista toimintaa EU:n yhteisi\u00e4 arvoja ja tavoitteita vastaan.<\/p>\n<blockquote><p>\u201dKoska EU ei kykene k\u00e4ytt\u00e4m\u00e4\u00e4n jo olemassa olevia mekanismeja sen arvoja systemaattisesti rikkovien j\u00e4senmaiden toiminnan rajoittamiseksi, minun on valitettavasti eritt\u00e4in vaikea uskoa, ett\u00e4 nykymuotoinen EU tulisi laajenemaan\u201d, J\u00e4ntti sanoi.<\/p><\/blockquote>\n<p>Kimmo Kiljunen (SDP) pyrki istunnon viimeisen\u00e4 puhujana kokoamaan yhteen COSACin keskustelun laajentumisesta. Kiljunen nosti erikseen esille Ukrainan tulevaisuuden EU:ssa. Kiljunen arvioi, ett\u00e4 mik\u00e4li kaavaillussa aseleposopimuksessa kunnioitetaan Ukrainan oikeutta p\u00e4\u00e4tt\u00e4\u00e4 EU-j\u00e4senyydest\u00e4\u00e4n, se voi j\u00e4lkik\u00e4teen osoittautua sopimuksen kaikkien t\u00e4rkeimm\u00e4ksi elementiksi.<\/p>\n<h2>COSACin kannanotoissa vahva painotus kilpailukykyyn, Ukrainaan ja turvallisuuteen<\/h2>\n<p>Yleiskokouksen yhteydess\u00e4 COSAC hyv\u00e4ksyi keskusteltuihin teemoihin liittyv\u00e4t kannanotot, jotka toimitetaan EU:n toimielimille. Suomen valtuuskunta vaikutti aktiivisesti erityisesti Ukrainan tukemisen t\u00e4rkeytt\u00e4 painottaviin muotoiluihin kannanotoissa.<\/p>\n<p>Kannanotot julkaistaan parlamenttien EU-verkosto IPEXin sivuilla. Kannat eiv\u00e4t sido kansallisia parlamentteja eiv\u00e4tk\u00e4 m\u00e4\u00e4r\u00e4\u00e4 ennalta niiden kantaa.<\/p>\n<p>COSACin yleiskokous pidet\u00e4\u00e4n kahdesti vuodessa. Kokouksen j\u00e4rjest\u00e4\u00e4 EU:n neuvoston puheenjohtajuutta pit\u00e4v\u00e4n maan parlamentti. COSACin tarkoituksena on kuulla parlamentteja ja vahvistaa niiden yhteistoimintaa. COSAC hyv\u00e4ksyy yleiskokouksessaan yleens\u00e4 kannanotot ja p\u00e4\u00e4telm\u00e4t, jotka toimitetaan EU:n toimielimille. Kannat eiv\u00e4t sido kansallisia parlamentteja eiv\u00e4tk\u00e4 m\u00e4\u00e4r\u00e4\u00e4 ennalta niiden kantaa.<\/p>\n<p>(Uutispeili ei ole muokannut artikkelin sis\u00e4lt\u00f6\u00e4.)<\/p>\n","protected":false},"excerpt":{"rendered":"<p>Suomalaiset olivat n\u00e4kyv\u00e4sti esill\u00e4 COSACin keskusteluissa Euroopan turvallisuudesta ja kauppapolitiikasta. Suomalaiset kansanedustajat olivat n\u00e4kyv\u00e4 valtuuskunta, kun parlamenttien EU-valiokuntien ja Euroopan parlamentin COSAC-yleiskokous puhui K\u00f6\u00f6penhaminassa Euroopan turvallisuuden ja kilpailukyvyn vahvistamisesta ja kauppapolitiikasta. Eduskunnan suuren valiokunnan puheenjohtaja Saara-Sofia Sir\u00e9nin (Kokoomus) mukaan k\u00e4sill\u00e4 alkaa olla viimeinen hetki vahvistaa EU-yhteisty\u00f6n perustaa: yhteisi\u00e4 arvoja, yhteist\u00e4 turvallisuutta, kilpailukyky\u00e4 ja kyky\u00e4 toimia [&hellip;]<\/p>\n","protected":false},"author":3,"featured_media":7145,"comment_status":"open","ping_status":"open","sticky":false,"template":"","format":"standard","meta":{"footnotes":""},"categories":[49,51,70],"tags":[],"_links":{"self":[{"href":"https:\/\/www.uutispeili.fi\/index.php\/wp-json\/wp\/v2\/posts\/9740"}],"collection":[{"href":"https:\/\/www.uutispeili.fi\/index.php\/wp-json\/wp\/v2\/posts"}],"about":[{"href":"https:\/\/www.uutispeili.fi\/index.php\/wp-json\/wp\/v2\/types\/post"}],"author":[{"embeddable":true,"href":"https:\/\/www.uutispeili.fi\/index.php\/wp-json\/wp\/v2\/users\/3"}],"replies":[{"embeddable":true,"href":"https:\/\/www.uutispeili.fi\/index.php\/wp-json\/wp\/v2\/comments?post=9740"}],"version-history":[{"count":3,"href":"https:\/\/www.uutispeili.fi\/index.php\/wp-json\/wp\/v2\/posts\/9740\/revisions"}],"predecessor-version":[{"id":9745,"href":"https:\/\/www.uutispeili.fi\/index.php\/wp-json\/wp\/v2\/posts\/9740\/revisions\/9745"}],"wp:featuredmedia":[{"embeddable":true,"href":"https:\/\/www.uutispeili.fi\/index.php\/wp-json\/wp\/v2\/media\/7145"}],"wp:attachment":[{"href":"https:\/\/www.uutispeili.fi\/index.php\/wp-json\/wp\/v2\/media?parent=9740"}],"wp:term":[{"taxonomy":"category","embeddable":true,"href":"https:\/\/www.uutispeili.fi\/index.php\/wp-json\/wp\/v2\/categories?post=9740"},{"taxonomy":"post_tag","embeddable":true,"href":"https:\/\/www.uutispeili.fi\/index.php\/wp-json\/wp\/v2\/tags?post=9740"}],"curies":[{"name":"wp","href":"https:\/\/api.w.org\/{rel}","templated":true}]}}