{"id":9614,"date":"2025-11-26T16:27:44","date_gmt":"2025-11-26T14:27:44","guid":{"rendered":"https:\/\/www.uutispeili.fi\/?p=9614"},"modified":"2025-11-27T18:41:51","modified_gmt":"2025-11-27T16:41:51","slug":"jos-me-saatais-paattaa-niin","status":"publish","type":"post","link":"https:\/\/www.uutispeili.fi\/index.php\/2025\/11\/26\/jos-me-saatais-paattaa-niin\/","title":{"rendered":"Jos me saatais p\u00e4\u00e4tt\u00e4\u00e4 niin \u2026"},"content":{"rendered":"<h2>Oppositiopuolueiden vaihtoehtobudjetti eduskunnassa<\/h2>\n<p>(Kuva: Riikka Purra keskiviikkona eduskunnassa, kuva: Eduskunta 26.11. 2025.)<\/p>\n<p><strong>SDP<\/strong> haluaa tukea<em> rakennusalaa<\/em>. Demarit haluavat paljon, paljon, mutta ennen muuta sosiaalidemokraatit haluavat olla &#8221;<em>reiluja<\/em>&#8221;.\u00a0 -Omille kannattajilleen ja maahantulijoille, -ja hyvin se on kantanut hedelm\u00e4\u00e4: Maahanmuuttajista \u00e4\u00e4nesti viime vaaleissa demareita 49 %:a.<\/p>\n<p>Ryhm\u00e4n puheenjohtaja <strong>Tytti Tuppurainen<\/strong> vakuutti, ett\u00e4 SDP:n vaihtoehto on pien- ja keskisuurille yritt\u00e4jille edullisempi kuin hallituksen linja.<\/p>\n<figure id=\"attachment_9617\" aria-describedby=\"caption-attachment-9617\" style=\"width: 800px\" class=\"wp-caption aligncenter\"><img loading=\"lazy\" decoding=\"async\" class=\"wp-image-9617 size-full\" src=\"https:\/\/www.uutispeili.fi\/wp-content\/uploads\/2025\/11\/tuppurainen26112025-800446.png\" alt=\"\" width=\"800\" height=\"446\" srcset=\"https:\/\/www.uutispeili.fi\/wp-content\/uploads\/2025\/11\/tuppurainen26112025-800446.png 800w, https:\/\/www.uutispeili.fi\/wp-content\/uploads\/2025\/11\/tuppurainen26112025-800446-300x167.png 300w, https:\/\/www.uutispeili.fi\/wp-content\/uploads\/2025\/11\/tuppurainen26112025-800446-768x428.png 768w\" sizes=\"(max-width: 800px) 100vw, 800px\" \/><figcaption id=\"caption-attachment-9617\" class=\"wp-caption-text\">Tytti Tuppurainen 26.11. eduskunnassa. Kuva: Eduskunta.<\/figcaption><\/figure>\n<blockquote><p>Demarit haluavat varmistaa mm., ett\u00e4 hintojen nousu ei est\u00e4 lasten p\u00e4\u00e4sy\u00e4 p\u00e4iv\u00e4koteihin.<\/p><\/blockquote>\n<p>Tuppurainen kertoi my\u00f6s, ett\u00e4 &#8221;<em>me panostamme hoidon laatuun, -max kahden viikon hoitotakuulla siis p\u00e4\u00e4see l\u00e4\u00e4k\u00e4riin<\/em>&#8221;.<\/p>\n<p>SDP:n vaihtoehdossa kuulemma &#8221;<em>y\u00f6n varjo muuttuu p\u00e4iv\u00e4n kirkkaudeksi<\/em>&#8221;.<\/p>\n<h2>Keskusta haluaa lis\u00e4t\u00e4 toivoa<\/h2>\n<p>Ryhm\u00e4johtaja <strong>Antti Kurvinen<\/strong> jatkoi siit\u00e4, mihin &#8221;<strong>virkasisar<\/strong>&#8221; Tuppurainen j\u00e4i, eli runonp\u00e4tk\u00e4ll\u00e4: &#8221;<em>Viel uusi p\u00e4iv\u00e4 kaiken muuttaa voi<\/em>&#8221; (Suoraan <strong><em>V\u00e4nrikki Stoolin tarinoista<\/em><\/strong>) lausui Kurvinen juristien tunnetulla runonuotilla.<\/p>\n<figure id=\"attachment_9618\" aria-describedby=\"caption-attachment-9618\" style=\"width: 800px\" class=\"wp-caption aligncenter\"><img loading=\"lazy\" decoding=\"async\" class=\"wp-image-9618 size-full\" src=\"https:\/\/www.uutispeili.fi\/wp-content\/uploads\/2025\/11\/kurvinen26112025-800471.png\" alt=\"\" width=\"800\" height=\"471\" srcset=\"https:\/\/www.uutispeili.fi\/wp-content\/uploads\/2025\/11\/kurvinen26112025-800471.png 800w, https:\/\/www.uutispeili.fi\/wp-content\/uploads\/2025\/11\/kurvinen26112025-800471-300x177.png 300w, https:\/\/www.uutispeili.fi\/wp-content\/uploads\/2025\/11\/kurvinen26112025-800471-768x452.png 768w\" sizes=\"(max-width: 800px) 100vw, 800px\" \/><figcaption id=\"caption-attachment-9618\" class=\"wp-caption-text\">Antti Kurvinen 26.11. eduskunnassa, kuva: Eduskunta.<\/figcaption><\/figure>\n<p>Keskusta vaati, ett\u00e4 pit\u00e4\u00e4 saada lis\u00e4\u00e4 t\u00f6it\u00e4, ja yrityksi\u00e4 pit\u00e4\u00e4 tukea, niit\u00e4 pit\u00e4\u00e4 verottaa nykyist\u00e4 v\u00e4hemm\u00e4n. My\u00f6s Keskusta haluaa lis\u00e4\u00e4 rahaa rakennustoimintaan. Itse asiassa Kurvisen tarkka luku on 570 miljoonaa euroa. Keskusta haluaa my\u00f6s lis\u00e4\u00e4 omakotitaloja. Keskusta poistaisi puoleksi vuodeksi rakennusalalta <strong><em>varainsiirtolis\u00e4veron<\/em><\/strong>.<\/p>\n<blockquote><p>Keskusta my\u00f6s haluaisi toteuttavaksi nk. <em>Viron veromallin,<\/em> jossa yritt\u00e4j\u00e4lt\u00e4 ei perit\u00e4 veroa siit\u00e4 rahasta jonka h\u00e4n\/se laittaa investointeihin. Vain palkaksi nostetusta menee vero.<\/p><\/blockquote>\n<p>T\u00e4t\u00e4 demarit eiv\u00e4t tahdo mutta <strong>Perussuomalaiset<\/strong> puheenjohtaja <strong>Riikka Purra<\/strong>n mukaan ovat samoilla linjoilla, eli &#8221;<em>olemme t\u00e4ss\u00e4 asiassa l\u00f6yt\u00e4m\u00e4ss\u00e4 Keskustan kanssa saman suunnan<\/em>&#8221;.<\/p>\n<p>Keskusta vaatii my\u00f6s <em><strong>omal\u00e4\u00e4k\u00e4ri\u00e4<\/strong><\/em> kaikille. Keskustan mukaan t\u00e4m\u00e4 Kurvisen lukema on &#8221;<em>Parempi<\/em> <em>vaihtoehto<\/em>&#8221;.<\/p>\n<figure id=\"attachment_9619\" aria-describedby=\"caption-attachment-9619\" style=\"width: 800px\" class=\"wp-caption aligncenter\"><img loading=\"lazy\" decoding=\"async\" class=\"wp-image-9619 size-full\" src=\"https:\/\/www.uutispeili.fi\/wp-content\/uploads\/2025\/11\/minja.koskela26112025-800465.png\" alt=\"\" width=\"800\" height=\"465\" srcset=\"https:\/\/www.uutispeili.fi\/wp-content\/uploads\/2025\/11\/minja.koskela26112025-800465.png 800w, https:\/\/www.uutispeili.fi\/wp-content\/uploads\/2025\/11\/minja.koskela26112025-800465-300x174.png 300w, https:\/\/www.uutispeili.fi\/wp-content\/uploads\/2025\/11\/minja.koskela26112025-800465-768x446.png 768w\" sizes=\"(max-width: 800px) 100vw, 800px\" \/><figcaption id=\"caption-attachment-9619\" class=\"wp-caption-text\">Minja Koskela 26.11. 2025 Eduskunnassa<\/figcaption><\/figure>\n<h2>Vasemmiston mielest\u00e4 Suomessa on n\u00e4l\u00e4nh\u00e4t\u00e4<\/h2>\n<p><strong>Vasemmistoliiton<\/strong> puheenjohtaja <strong>Minja Koskela<\/strong> v\u00e4itti kivenkovaan, ett\u00e4 Suomessa on paljon n\u00e4lk\u00e4\u00e4 k\u00e4rsivi\u00e4 sek\u00e4 lapsia ,vanhuksia ja ty\u00f6ik\u00e4isi\u00e4 aikuisia.<\/p>\n<p>VL palauttaisi ty\u00f6tt\u00f6myystuet ja asumistuet ennalleen. Koskelan mukaan olisi vahvistettava my\u00f6s ammattiyhdistysliikett\u00e4, ei heikennett\u00e4v\u00e4.<\/p>\n<blockquote><p>Vasemmistoliitto poistaisi kirjoilta verot kokonaan.<\/p><\/blockquote>\n<p>Koskela vaati, ett\u00e4 hyvinvointivaltion rakentaminen pit\u00e4\u00e4 aloittaa uudelleen mm. s\u00e4\u00e4t\u00e4m\u00e4ll\u00e4 vauraille ihmisille <strong><em>miljon\u00e4\u00e4rivero<\/em><\/strong>, pois lukien oma asunto.<\/p>\n<p>Tuo Vasemmistoliiton vaihtoehtobudjetti lis\u00e4isi valtion menoja kaikkiaan yli kuudella miljardilla eurolla. -T\u00e4llaiseen johtop\u00e4\u00e4t\u00f6kseen ovat muiden puolueiden edustajat p\u00e4\u00e4tyneet. Minja Koskelan mukaan se kuitenkin on &#8221;vain&#8221; 3,4 miljardia, ja VL siis kattaisi n\u00e4m\u00e4 kulut verotusta p\u00e4\u00e4osin nostamalla.<\/p>\n<figure id=\"attachment_9615\" aria-describedby=\"caption-attachment-9615\" style=\"width: 800px\" class=\"wp-caption aligncenter\"><img loading=\"lazy\" decoding=\"async\" class=\"wp-image-9615 size-full\" src=\"https:\/\/www.uutispeili.fi\/wp-content\/uploads\/2025\/11\/joona.rasanen-sdp800448.png\" alt=\"\" width=\"800\" height=\"448\" srcset=\"https:\/\/www.uutispeili.fi\/wp-content\/uploads\/2025\/11\/joona.rasanen-sdp800448.png 800w, https:\/\/www.uutispeili.fi\/wp-content\/uploads\/2025\/11\/joona.rasanen-sdp800448-300x168.png 300w, https:\/\/www.uutispeili.fi\/wp-content\/uploads\/2025\/11\/joona.rasanen-sdp800448-768x430.png 768w\" sizes=\"(max-width: 800px) 100vw, 800px\" \/><figcaption id=\"caption-attachment-9615\" class=\"wp-caption-text\">Joona R\u00e4s\u00e4nen, SDP, 26.11. 2025, kuva: eduskunta.<\/figcaption><\/figure>\n<p>Jo eilen, kun sek\u00e4 SDP, ett\u00e4 VL pitiv\u00e4t tiedotustilaisuuden vaihtoehtobudjeteistaan, demarit tuomitsivat Vasemmistoliiton esityksen &#8221;<em>t\u00e4ysin ep\u00e4realistiseksi<\/em>&#8221;: &#8221;<em>Ei Suomi pelk\u00e4ll\u00e4 verottamisella nouse<\/em>&#8221;, kuittaisi demarien veroexpertiksi t\u00e4ll\u00e4 istuntokaudella kohonnut <strong>Joona R\u00e4s\u00e4nen<\/strong>.<\/p>\n<h2>Purra puri kaikkia<\/h2>\n<p>H\u00e4n antoi kyyti\u00e4 jokaiselle varjobudjettiesitykselle. T\u00e4ss\u00e4 pari esimerkki\u00e4:<\/p>\n<blockquote><p>&#8221;Olette te Keskusta kummallinen. Ensin ajetaan l\u00e4pi teid\u00e4n vuosikymmeni\u00e4 haluamanne <strong>soteuudistus<\/strong>, ja kun se on tehty, niin te vaaditte heti per\u00e4\u00e4n, ett\u00e4 meid\u00e4n on se korjattava. Koittakaa p\u00e4\u00e4tt\u00e4\u00e4 mit\u00e4 haluatte, tosin me teemme parhaamme&#8221;.<\/p>\n<p>&#8221;Vasemmistoliiton esitykseen voi aina luottaa: Aina sama laulu. -Eli nostetaan veroja ja maksetaan se pakolaisten maahantulolla&#8221;.<\/p><\/blockquote>\n<p>Opposition puolelta Purraa syytettiin ylimielisyydest\u00e4, ja vaadittiin h\u00e4nelt\u00e4 n\u00f6yryytt\u00e4. Purra kuitenkin sanoi, ett\u00e4 &#8221;<em>te ette itse tunne n\u00f6yryytt\u00e4. Esimerkiksi t\u00e4m\u00e4 Suomen joutuminen ns. <strong>EU:n tarkkailuluokalle<\/strong> eli &#8221;ylij\u00e4\u00e4m\u00e4menettelyyn&#8221;. T\u00e4m\u00e4 maa on ollut ilman talouskasvua 18 vuotta, -lyhytt\u00e4 Sipil\u00e4n hallituksen kautta lukuunottamatta. Ja te oppositio olette istuneet niiss\u00e4 hallituksissa joiden &#8221;ansioista&#8221; ollaan tarkkailuluokalla.<\/em>&#8221;<\/p>\n<p>Kaikkiaan keskustelu on ollut virke\u00e4\u00e4 ja edustajat ovat selv\u00e4sti varustautuneet keskustelemaan: puolustamaan kiihke\u00e4sti omia kantojaan ja iskem\u00e4\u00e4n kipe\u00e4sti takaisin.<\/p>\n<p>Seppo Huhta<\/p>\n","protected":false},"excerpt":{"rendered":"<p>Oppositiopuolueiden vaihtoehtobudjetti eduskunnassa (Kuva: Riikka Purra keskiviikkona eduskunnassa, kuva: Eduskunta 26.11. 2025.) SDP haluaa tukea rakennusalaa. Demarit haluavat paljon, paljon, mutta ennen muuta sosiaalidemokraatit haluavat olla &#8221;reiluja&#8221;.\u00a0 -Omille kannattajilleen ja maahantulijoille, -ja hyvin se on kantanut hedelm\u00e4\u00e4: Maahanmuuttajista \u00e4\u00e4nesti viime vaaleissa demareita 49 %:a. Ryhm\u00e4n puheenjohtaja Tytti Tuppurainen vakuutti, ett\u00e4 SDP:n vaihtoehto on pien- ja [&hellip;]<\/p>\n","protected":false},"author":5,"featured_media":9616,"comment_status":"open","ping_status":"open","sticky":false,"template":"","format":"standard","meta":{"footnotes":""},"categories":[49],"tags":[],"_links":{"self":[{"href":"https:\/\/www.uutispeili.fi\/index.php\/wp-json\/wp\/v2\/posts\/9614"}],"collection":[{"href":"https:\/\/www.uutispeili.fi\/index.php\/wp-json\/wp\/v2\/posts"}],"about":[{"href":"https:\/\/www.uutispeili.fi\/index.php\/wp-json\/wp\/v2\/types\/post"}],"author":[{"embeddable":true,"href":"https:\/\/www.uutispeili.fi\/index.php\/wp-json\/wp\/v2\/users\/5"}],"replies":[{"embeddable":true,"href":"https:\/\/www.uutispeili.fi\/index.php\/wp-json\/wp\/v2\/comments?post=9614"}],"version-history":[{"count":2,"href":"https:\/\/www.uutispeili.fi\/index.php\/wp-json\/wp\/v2\/posts\/9614\/revisions"}],"predecessor-version":[{"id":9621,"href":"https:\/\/www.uutispeili.fi\/index.php\/wp-json\/wp\/v2\/posts\/9614\/revisions\/9621"}],"wp:featuredmedia":[{"embeddable":true,"href":"https:\/\/www.uutispeili.fi\/index.php\/wp-json\/wp\/v2\/media\/9616"}],"wp:attachment":[{"href":"https:\/\/www.uutispeili.fi\/index.php\/wp-json\/wp\/v2\/media?parent=9614"}],"wp:term":[{"taxonomy":"category","embeddable":true,"href":"https:\/\/www.uutispeili.fi\/index.php\/wp-json\/wp\/v2\/categories?post=9614"},{"taxonomy":"post_tag","embeddable":true,"href":"https:\/\/www.uutispeili.fi\/index.php\/wp-json\/wp\/v2\/tags?post=9614"}],"curies":[{"name":"wp","href":"https:\/\/api.w.org\/{rel}","templated":true}]}}