{"id":9583,"date":"2025-11-25T20:20:06","date_gmt":"2025-11-25T18:20:06","guid":{"rendered":"https:\/\/www.uutispeili.fi\/?p=9583"},"modified":"2025-11-25T20:20:07","modified_gmt":"2025-11-25T18:20:07","slug":"ukrainalla-on-ollut-turvatakuut-jo-vuodesta-1994-myos-venajan-takaamana","status":"publish","type":"post","link":"https:\/\/www.uutispeili.fi\/index.php\/2025\/11\/25\/ukrainalla-on-ollut-turvatakuut-jo-vuodesta-1994-myos-venajan-takaamana\/","title":{"rendered":"Ukrainalla on ollut &#8217;turvatakuut&#8217; jo vuodesta 1994, -my\u00f6s Ven\u00e4j\u00e4n takaamana"},"content":{"rendered":"<p><strong>Joulukuun 5;n\u00e4 vuonna 1994 Budapestiin kokoontuneet valtionp\u00e4\u00e4miehet allekitjoittivat p\u00f6yt\u00e4kirjan, joka tunnetaan &#8217;<em>Budapestin memorandumina<\/em>&#8217;. T\u00e4ss\u00e4 asiakirjassa allekirjoittajat sitoutuivat takaamaan mm. Ukrainan alueellisen koskemattomuuden.<\/strong><\/p>\n<p>(Kuvakoosteessa Budapestin memoranduminen allekirjoitus 05.12. 1994.)<\/p>\n<p><strong>Ukrainan<\/strong> ongelma ei siis ole &#8217;turvatakuiden puuttuminen&#8217;, tai ettei <strong>Ven\u00e4j\u00e4<\/strong> olisi sitoutunut kunnioittamaan Ukrainan suvereniteettia. -Ongelma on siin\u00e4, <em>ettei Ven\u00e4j\u00e4 noudata sitoumuksiaan<\/em>, eiv\u00e4tk\u00e4 takaajavaltiot sit\u00e4 silt\u00e4 vaadi.<\/p>\n<p>Saatuaan &#8217;<em>kansainv\u00e4liset turvatakuut<\/em>&#8217; Ukraina luovutti <strong>Neuvostoliiton<\/strong> perint\u00f6n\u00e4 sille j\u00e4\u00e4neet ydinaseet <strong>Ven\u00e4j\u00e4n Federaatiolle<\/strong>. -Ven\u00e4j\u00e4n oli yksi Ukrainan takaajista.<\/p>\n<p><strong>Budapestin p\u00f6yt\u00e4kirjan<\/strong> allekirjoittajat olivat Ukraina, Ven\u00e4j\u00e4n Federaatio, Iso-<strong>Britannia<\/strong> ja <strong>Yhdysvallat<\/strong>.<\/p>\n<p><img loading=\"lazy\" decoding=\"async\" class=\"aligncenter wp-image-9585 size-full\" src=\"https:\/\/www.uutispeili.fi\/wp-content\/uploads\/2025\/11\/budapest94-000.png\" alt=\"\" width=\"620\" height=\"559\" srcset=\"https:\/\/www.uutispeili.fi\/wp-content\/uploads\/2025\/11\/budapest94-000.png 620w, https:\/\/www.uutispeili.fi\/wp-content\/uploads\/2025\/11\/budapest94-000-300x270.png 300w\" sizes=\"(max-width: 620px) 100vw, 620px\" \/><\/p>\n<p>&#8221;<em>Sopimuksen mukaan Yhdysvallat, Ven\u00e4j\u00e4 ja Yhdistynyt kuningaskunta eiv\u00e4t saa k\u00e4ytt\u00e4\u00e4 taloudellisia tai sotilaallisia keinoja, -tai niill\u00e4 uhkaamista-\u00a0 <strong>Kazakstan<\/strong>in, Ukrainan ja <strong>Valko-Ven\u00e4j\u00e4<\/strong>n pakottamiseen tai rajojen muuttamiseen. Itsepuolustus ja muut YK:n perustamiskirjan m\u00e4\u00e4ritt\u00e4m\u00e4t tapaukset ovat t\u00e4m\u00e4n kohdan ulkopuolella. Vastineeksi Kazakstan, Ukraina ja Valko-Ven\u00e4j\u00e4 luopuvat ydinaseistaan viimeist\u00e4\u00e4n vuoteen 1996 menness\u00e4.<\/em><\/p>\n<blockquote><p>Allekirjoittajat kunnioittavat osapuolten riippumattomuutta ja suvereniteettia nykyisill\u00e4 rajoilla (<strong>ETYK<\/strong>:n p\u00e4\u00e4t\u00f6sasiakirjan periaatteiden mukaisesti).<\/p><\/blockquote>\n<p><em>Allekirjoittajat pid\u00e4ttytyv\u00e4t uhkailusta tai voimank\u00e4yt\u00f6st\u00e4 ja kunnioittavat alueellista koskemattomuutta tai poliittista riippumattomuutta, sek\u00e4 sitoutuvat siihen, ett\u00e4 mit\u00e4\u00e4n heid\u00e4n asevoimiaan ei koskaan k\u00e4ytet\u00e4 allekirjoittajamaita vastaan, paitsi itsepuolustustapauksissa <strong>Yhdistyneiden Kansakuntien<\/strong> peruskirjan mukaisesti<\/em>.&#8221;<\/p>\n<p>Melkoisen yksiselitteist\u00e4. Kolme Neuvostoliitosta eronnutta suvereenia valtiota saivat kattavat takuut, -ja sopimuksen takaajat- kaikkea painostusta vastaan. Mik\u00e4li sopimusta joku rikkoo, sit\u00e4 varten on seuraava klausuuli:<\/p>\n<blockquote><p>&#8221;Allekirjoittajat pyyt\u00e4v\u00e4t v\u00e4lit\u00f6nt\u00e4 <strong>YK:n turvallisuusneuvoston<\/strong> toimenpidett\u00e4 avun antamiseksi, mik\u00e4li he &#8221;joutuisivat hy\u00f6kk\u00e4yksen uhriksi tai hy\u00f6kk\u00e4yksen uhan kohteeksi, jossa k\u00e4ytet\u00e4\u00e4n ydinaseita&#8221;.<\/p><\/blockquote>\n<p>&#8221;<em>Allekirjoittajat neuvottelevat kesken\u00e4\u00e4n, jos n\u00e4ist\u00e4 sitoumuksista her\u00e4\u00e4 kysymyksi\u00e4<\/em>.&#8221; (<strong><a href=\"https:\/\/fi.wikipedia.org\/wiki\/Budapestin_sopimus_(1994)\" target=\"_blank\" rel=\"noopener\">LINKKI<\/a><\/strong>)<\/p>\n<p>Budapestin p\u00f6yt\u00e4kirja siis m\u00e4\u00e4ritteli mahdollisten erimielisyyksien k\u00e4sittelyn: Joko kaikkien allekirjoittajien yhteiset neuvottelut, tai asian vieminen YK:n k\u00e4sittelyyn. -Ven\u00e4j\u00e4 kohdistaa muutamia v\u00e4itteit\u00e4 Ukrainaan, mutta ei ole yritt\u00e4nytk\u00e4\u00e4n kutsua Budapestin allekirjoittajia koolle niit\u00e4 k\u00e4sittelem\u00e4\u00e4n, eik\u00e4 ole vedonnut YK:n turvallisuusneuvostoon, eik\u00e4 yleiskokoukseen.<\/p>\n<h2>Voiko mahdollinen uusi sopimus lopettaa taistelut ja turvata Ukrainan<\/h2>\n<p>&#8217;<em>Rauhansuunnitelma<\/em>&#8217;, jota maailma t\u00e4n\u00e4\u00e4n ihmettelee, on nelj\u00e4s laatuaan, -jos <strong>Minsk-1<\/strong> ja <strong>2<\/strong> lasketaan mukaan. Puheiden, k\u00e4sien vatkaamisen ja paperin voimaa on siis jo punnittu.<\/p>\n<p>Kaikki aiemmat yritykset ovat kaatuneet <strong>Kreml<\/strong>in puuttuvaan rauhantahtoon. <img loading=\"lazy\" decoding=\"async\" class=\"alignnone size-full wp-image-144\" src=\"https:\/\/www.uutispeili.fi\/wp-content\/uploads\/2023\/11\/di.gold_.gif\" alt=\"\" width=\"11\" height=\"11\" \/><\/p>\n<ul>\n<li class=\"page-title\"><a href=\"https:\/\/nsarchive.gwu.edu\/document\/32106-1-budapest-memorandum\" target=\"_blank\" rel=\"noopener\">Budapest Memorandum<\/a>.<\/li>\n<\/ul>\n<h2>Aiemmissa julkaisuissa:<\/h2>\n<p>24.11. 2025:<\/p>\n<blockquote class=\"wp-embedded-content\" data-secret=\"AjkUPmr63y\"><p><a href=\"https:\/\/www.uutispeili.fi\/index.php\/2025\/11\/24\/ukrainan-auttaminen-on-asetettava-etusijalle-sanoo-eduskunnan-puhemies-jussi-halla-aho\/\">Ukrainan auttaminen on asetettava etusijalle, sanoo eduskunnan puhemies Jussi Halla-aho<\/a><\/p><\/blockquote>\n<p><iframe class=\"wp-embedded-content\" sandbox=\"allow-scripts\" security=\"restricted\" style=\"position: absolute; clip: rect(1px, 1px, 1px, 1px);\" title=\"&#8221;Ukrainan auttaminen on asetettava etusijalle, sanoo eduskunnan puhemies Jussi Halla-aho&#8221; &#8212; \" src=\"https:\/\/www.uutispeili.fi\/index.php\/2025\/11\/24\/ukrainan-auttaminen-on-asetettava-etusijalle-sanoo-eduskunnan-puhemies-jussi-halla-aho\/embed\/#?secret=IX05yZBIlP#?secret=AjkUPmr63y\" data-secret=\"AjkUPmr63y\" width=\"600\" height=\"338\" frameborder=\"0\" marginwidth=\"0\" marginheight=\"0\" scrolling=\"no\"><\/iframe><\/p>\n<p>25.11. 2025:<\/p>\n<blockquote class=\"wp-embedded-content\" data-secret=\"EMFyGK5rnI\"><p><a href=\"https:\/\/www.uutispeili.fi\/index.php\/2025\/11\/25\/eduskunnan-ulkoasiainvaliokunta-tapasi-ukrainan-parlamentin-ulkoasiainvaliokunnan-etayhteydella\/\">Eduskunnan ulkoasiainvaliokunta tapasi Ukrainan parlamentin ulkoasiainvaliokunnan et\u00e4yhteydell\u00e4<\/a><\/p><\/blockquote>\n<p><iframe class=\"wp-embedded-content\" sandbox=\"allow-scripts\" security=\"restricted\" style=\"position: absolute; clip: rect(1px, 1px, 1px, 1px);\" title=\"&#8221;Eduskunnan ulkoasiainvaliokunta tapasi Ukrainan parlamentin ulkoasiainvaliokunnan et\u00e4yhteydell\u00e4&#8221; &#8212; \" src=\"https:\/\/www.uutispeili.fi\/index.php\/2025\/11\/25\/eduskunnan-ulkoasiainvaliokunta-tapasi-ukrainan-parlamentin-ulkoasiainvaliokunnan-etayhteydella\/embed\/#?secret=8cKN5siJoD#?secret=EMFyGK5rnI\" data-secret=\"EMFyGK5rnI\" width=\"600\" height=\"338\" frameborder=\"0\" marginwidth=\"0\" marginheight=\"0\" scrolling=\"no\"><\/iframe><\/p>\n<p>24.11. 2025:<\/p>\n<blockquote class=\"wp-embedded-content\" data-secret=\"tBJWjsf6Tj\"><p><a href=\"https:\/\/www.uutispeili.fi\/index.php\/2025\/11\/24\/trumpin-zelenskille-esittama-rauhansuunnitelma-oli-wefn-young-global-leaderin-kasialaa\/\">Trumpin Zelenskille esitt\u00e4m\u00e4 rauhansuunnitelma oli WEF:n &#8221;Young Global Leader:in&#8221; k\u00e4sialaa<\/a><\/p><\/blockquote>\n<p><iframe class=\"wp-embedded-content\" sandbox=\"allow-scripts\" security=\"restricted\" style=\"position: absolute; clip: rect(1px, 1px, 1px, 1px);\" title=\"&#8221;Trumpin Zelenskille esitt\u00e4m\u00e4 rauhansuunnitelma oli WEF:n &#8221;Young Global Leader:in&#8221; k\u00e4sialaa&#8221; &#8212; \" src=\"https:\/\/www.uutispeili.fi\/index.php\/2025\/11\/24\/trumpin-zelenskille-esittama-rauhansuunnitelma-oli-wefn-young-global-leaderin-kasialaa\/embed\/#?secret=YVkREiUOxJ#?secret=tBJWjsf6Tj\" data-secret=\"tBJWjsf6Tj\" width=\"600\" height=\"338\" frameborder=\"0\" marginwidth=\"0\" marginheight=\"0\" scrolling=\"no\"><\/iframe><\/p>\n<p>22.11. 2025:<\/p>\n<blockquote class=\"wp-embedded-content\" data-secret=\"EULxWqNsmY\"><p><a href=\"https:\/\/www.uutispeili.fi\/index.php\/2025\/11\/22\/suomalaisia-kommentteja-rauhansuunnitelmasta\/\">Suomalaisia kommentteja &#8221;rauhansuunnitelmasta&#8221;<\/a><\/p><\/blockquote>\n<p><iframe class=\"wp-embedded-content\" sandbox=\"allow-scripts\" security=\"restricted\" style=\"position: absolute; clip: rect(1px, 1px, 1px, 1px);\" title=\"&#8221;Suomalaisia kommentteja &#8221;rauhansuunnitelmasta&#8221;&#8221; &#8212; \" src=\"https:\/\/www.uutispeili.fi\/index.php\/2025\/11\/22\/suomalaisia-kommentteja-rauhansuunnitelmasta\/embed\/#?secret=elInbHPGVD#?secret=EULxWqNsmY\" data-secret=\"EULxWqNsmY\" width=\"600\" height=\"338\" frameborder=\"0\" marginwidth=\"0\" marginheight=\"0\" scrolling=\"no\"><\/iframe><\/p>\n<p>22.11. 2025:<\/p>\n<blockquote class=\"wp-embedded-content\" data-secret=\"IHwANsJpVc\"><p><a href=\"https:\/\/www.uutispeili.fi\/index.php\/2025\/11\/22\/yrjo-rautio-yhdysvaltojen-ja-venajan-rauhansuunnitelmasta-ukrainaan\/\">Yrjo Rautio Yhdysvaltojen ja Ven\u00e4j\u00e4n &#8221;rauhansuunnitelmasta&#8221; Ukrainaan<\/a><\/p><\/blockquote>\n<p><iframe class=\"wp-embedded-content\" sandbox=\"allow-scripts\" security=\"restricted\" style=\"position: absolute; clip: rect(1px, 1px, 1px, 1px);\" title=\"&#8221;Yrjo Rautio Yhdysvaltojen ja Ven\u00e4j\u00e4n &#8221;rauhansuunnitelmasta&#8221; Ukrainaan&#8221; &#8212; \" src=\"https:\/\/www.uutispeili.fi\/index.php\/2025\/11\/22\/yrjo-rautio-yhdysvaltojen-ja-venajan-rauhansuunnitelmasta-ukrainaan\/embed\/#?secret=fm5oShwHMO#?secret=IHwANsJpVc\" data-secret=\"IHwANsJpVc\" width=\"600\" height=\"338\" frameborder=\"0\" marginwidth=\"0\" marginheight=\"0\" scrolling=\"no\"><\/iframe><\/p>\n<p>11.08. 2025:<\/p>\n<blockquote class=\"wp-embedded-content\" data-secret=\"tnYgtvpc1p\"><p><a href=\"https:\/\/www.uutispeili.fi\/index.php\/2025\/08\/11\/hyokkayssotien-laillistaminen-saattaa-edeta-perjantaina-jaljet-eivat-lupaa-hyvaa\/\">Hy\u00f6kk\u00e4yssotien laillistaminen saattaa edet\u00e4 perjantaina, -j\u00e4ljet eiv\u00e4t lupaa hyv\u00e4\u00e4<\/a><\/p><\/blockquote>\n<p><iframe class=\"wp-embedded-content\" sandbox=\"allow-scripts\" security=\"restricted\" style=\"position: absolute; clip: rect(1px, 1px, 1px, 1px);\" title=\"&#8221;Hy\u00f6kk\u00e4yssotien laillistaminen saattaa edet\u00e4 perjantaina, -j\u00e4ljet eiv\u00e4t lupaa hyv\u00e4\u00e4&#8221; &#8212; \" src=\"https:\/\/www.uutispeili.fi\/index.php\/2025\/08\/11\/hyokkayssotien-laillistaminen-saattaa-edeta-perjantaina-jaljet-eivat-lupaa-hyvaa\/embed\/#?secret=NJ1so4EFv0#?secret=tnYgtvpc1p\" data-secret=\"tnYgtvpc1p\" width=\"600\" height=\"338\" frameborder=\"0\" marginwidth=\"0\" marginheight=\"0\" scrolling=\"no\"><\/iframe><\/p>\n<p>26.06. 2025:<\/p>\n<blockquote class=\"wp-embedded-content\" data-secret=\"2sNPioJYwa\"><p><a href=\"https:\/\/www.uutispeili.fi\/index.php\/2025\/06\/26\/euroopan-neuvosto-perustaa-tuomioistuimen-venajan-hyokkayssodan-johtajien-tuomitsemiseksi\/\">Euroopan neuvosto perustaa tuomioistuimen Ven\u00e4j\u00e4n hy\u00f6kk\u00e4yssodan johtajien tuomitsemiseksi<\/a><\/p><\/blockquote>\n<p><iframe class=\"wp-embedded-content\" sandbox=\"allow-scripts\" security=\"restricted\" style=\"position: absolute; clip: rect(1px, 1px, 1px, 1px);\" title=\"&#8221;Euroopan neuvosto perustaa tuomioistuimen Ven\u00e4j\u00e4n hy\u00f6kk\u00e4yssodan johtajien tuomitsemiseksi&#8221; &#8212; \" src=\"https:\/\/www.uutispeili.fi\/index.php\/2025\/06\/26\/euroopan-neuvosto-perustaa-tuomioistuimen-venajan-hyokkayssodan-johtajien-tuomitsemiseksi\/embed\/#?secret=B2TUdDSDFJ#?secret=2sNPioJYwa\" data-secret=\"2sNPioJYwa\" width=\"600\" height=\"338\" frameborder=\"0\" marginwidth=\"0\" marginheight=\"0\" scrolling=\"no\"><\/iframe><\/p>\n","protected":false},"excerpt":{"rendered":"<p>Joulukuun 5;n\u00e4 vuonna 1994 Budapestiin kokoontuneet valtionp\u00e4\u00e4miehet allekitjoittivat p\u00f6yt\u00e4kirjan, joka tunnetaan &#8217;Budapestin memorandumina&#8217;. T\u00e4ss\u00e4 asiakirjassa allekirjoittajat sitoutuivat takaamaan mm. Ukrainan alueellisen koskemattomuuden. (Kuvakoosteessa Budapestin memoranduminen allekirjoitus 05.12. 1994.) Ukrainan ongelma ei siis ole &#8217;turvatakuiden puuttuminen&#8217;, tai ettei Ven\u00e4j\u00e4 olisi sitoutunut kunnioittamaan Ukrainan suvereniteettia. -Ongelma on siin\u00e4, ettei Ven\u00e4j\u00e4 noudata sitoumuksiaan, eiv\u00e4tk\u00e4 takaajavaltiot sit\u00e4 silt\u00e4 vaadi. [&hellip;]<\/p>\n","protected":false},"author":3,"featured_media":9584,"comment_status":"open","ping_status":"open","sticky":false,"template":"","format":"standard","meta":{"footnotes":""},"categories":[31,71,87,74,127],"tags":[],"_links":{"self":[{"href":"https:\/\/www.uutispeili.fi\/index.php\/wp-json\/wp\/v2\/posts\/9583"}],"collection":[{"href":"https:\/\/www.uutispeili.fi\/index.php\/wp-json\/wp\/v2\/posts"}],"about":[{"href":"https:\/\/www.uutispeili.fi\/index.php\/wp-json\/wp\/v2\/types\/post"}],"author":[{"embeddable":true,"href":"https:\/\/www.uutispeili.fi\/index.php\/wp-json\/wp\/v2\/users\/3"}],"replies":[{"embeddable":true,"href":"https:\/\/www.uutispeili.fi\/index.php\/wp-json\/wp\/v2\/comments?post=9583"}],"version-history":[{"count":2,"href":"https:\/\/www.uutispeili.fi\/index.php\/wp-json\/wp\/v2\/posts\/9583\/revisions"}],"predecessor-version":[{"id":9588,"href":"https:\/\/www.uutispeili.fi\/index.php\/wp-json\/wp\/v2\/posts\/9583\/revisions\/9588"}],"wp:featuredmedia":[{"embeddable":true,"href":"https:\/\/www.uutispeili.fi\/index.php\/wp-json\/wp\/v2\/media\/9584"}],"wp:attachment":[{"href":"https:\/\/www.uutispeili.fi\/index.php\/wp-json\/wp\/v2\/media?parent=9583"}],"wp:term":[{"taxonomy":"category","embeddable":true,"href":"https:\/\/www.uutispeili.fi\/index.php\/wp-json\/wp\/v2\/categories?post=9583"},{"taxonomy":"post_tag","embeddable":true,"href":"https:\/\/www.uutispeili.fi\/index.php\/wp-json\/wp\/v2\/tags?post=9583"}],"curies":[{"name":"wp","href":"https:\/\/api.w.org\/{rel}","templated":true}]}}