{"id":9559,"date":"2025-11-24T09:40:29","date_gmt":"2025-11-24T07:40:29","guid":{"rendered":"https:\/\/www.uutispeili.fi\/?p=9559"},"modified":"2025-11-24T13:24:37","modified_gmt":"2025-11-24T11:24:37","slug":"trumpin-zelenskille-esittama-rauhansuunnitelma-oli-wefn-young-global-leaderin-kasialaa","status":"publish","type":"post","link":"https:\/\/www.uutispeili.fi\/index.php\/2025\/11\/24\/trumpin-zelenskille-esittama-rauhansuunnitelma-oli-wefn-young-global-leaderin-kasialaa\/","title":{"rendered":"Trumpin Zelenskille esitt\u00e4m\u00e4 rauhansuunnitelma oli WEF:n &#8221;Young Global Leader:in&#8221; k\u00e4sialaa"},"content":{"rendered":"<p><strong>Yhdysvaltain presidentin, Donald Trumpin, h\u00e4mm\u00e4styst\u00e4 her\u00e4tt\u00e4nyt &#8221;<em>rauhansuunnitelma<\/em>&#8221;, jonka hyv\u00e4ksymiseen Trump j\u00e4tti Ukrainalle aikaa t\u00e4p\u00e4r\u00e4sti ensi viikon torstaihin -&#8221;<em>Kiitosp\u00e4iv\u00e4\u00e4n<\/em>&#8221; asti, n\u00e4ytt\u00e4\u00e4 olleen Ven\u00e4j\u00e4n neuvottelijan Kirill Dmitrijevin k\u00e4sialaa.<\/strong><\/p>\n<p>Julkivuodetun 28-kohtaisen paperin sanamuodoista jo tunnistettiin alkutekstin ven\u00e4j\u00e4nkielisyys, ja tulihan Trumpilta siihen vahvistus: Teksti oli luonnos, ja <strong>Ven\u00e4j\u00e4n<\/strong> toivelista. Prosessi on onneksi jo edennyt, ja <strong>Sveitsiss\u00e4<\/strong> Ukrainan ja Yhdysvaltain edustajat, -mukana ulkoministeri <strong>Marco Rubio<\/strong>&#8211; ovat jo hioneet uuden\u00a0 realistisemman version.<\/p>\n<p>Katsahdamme kuitenkin menneeseen, ja kysymme, mik\u00e4 se &#8217;<em>allekirjoitettava ennen <strong>Kiitosp\u00e4iv\u00e4\u00e4<\/strong><\/em>&#8217; (tai muuten&#8230;!!) -ultimaatumi oli, ja mist\u00e4 se putkahti?<\/p>\n<h2>&#8221;<em>Young Global Leader<\/em>&#8221;<\/h2>\n<p><strong>Kirill Dmitrijev<\/strong>ill\u00e4 n\u00e4kyy olevan tuollainen epiteetti, vuodelta 2009 ja er\u00e4\u00e4n <strong>World Economic Forum<\/strong>in (WEF:n) my\u00f6nt\u00e4m\u00e4n\u00e4, -Mik\u00e4s siin\u00e4: Liidaahan Dmitrijev ainakin yht\u00e4 sotaa maailmassa. Annetaan WEF:n kertoa, ket\u00e4 ovat palkinneet:<\/p>\n<blockquote><p>&#8221;Taloustieteen kandidaatti (Hons), <strong>Stanfordin yliopisto<\/strong>; MBA (Hons), Baker-stipendiaatti, <strong>Harvard Business<\/strong> <strong>School<\/strong>. Aloitti uransa <strong>Goldman Sachs<\/strong>illa ja <strong>McKinsey &amp; Company<\/strong>lla. Aiemmin hallinnoinut suuria p\u00e4\u00e4omasijoitusrahastoja ja toteuttanut useita merkitt\u00e4vi\u00e4 transaktioita Ven\u00e4j\u00e4lle. Vuodesta 2011 l\u00e4htien RDIF:n toimitusjohtaja. J\u00e4sen: <strong>BRICS<\/strong>&#8211; ja <strong>APEC<\/strong>-maiden yritysneuvostot; ALROSAn hallintoneuvosto; <strong>Transneft<\/strong>in, <strong>Rostelecom<\/strong>in, <strong>Gazprombank<\/strong>in, Mother and ChildMDMG:n ja Ven\u00e4j\u00e4n rautateiden hallitukset; &#8230; <strong>Moskovan valtionyliopiston<\/strong>, &#8230; hallintoneuvostot. Ven\u00e4j\u00e4n teollisuus- ja yritt\u00e4j\u00e4liiton varapuheenjohtaja. <strong>Nuori globaali johtaja<\/strong>, Maailman talousfoorumi (2009).&#8221; (linkki <a href=\"https:\/\/www.weforum.org\/people\/kirill-dmitriev\/\" target=\"_blank\" rel=\"noopener\">WEF<\/a>:n sivuille.)<\/p><\/blockquote>\n<p><em>&#8221;&#8230;\u00a0 <strong>Young Global Leader, World Economic Forum (2009)<\/strong>. Recipient of honours and awards, including: named among \u201c100 most influential private equity professionals of the decade\u201d, Private Equity International (2011);&#8221;<\/em><\/p>\n<p><strong>Moskovan Valtionyliopisto<\/strong> n\u00e4kyy listatun. Kyseisess\u00e4 instituutissa opiskellut <strong>Jessikka Aro<\/strong> kertoo kirjassaan paljon mielenkiintoista moskovalaisten huippuoppilaitosten -my\u00f6s Valtionyliopiston- oppiaineista, jotka tukevat mm. psykologista vaikuttamista median (+<strong>some<\/strong>n!) kautta, ja hy\u00f6dyllisten henkil\u00f6iden v\u00e4rv\u00e4\u00e4mist\u00e4.<\/p>\n<p>Ansioita siis on, ja tutkintoja. Dmitrijev huomattiin jo varhain Yhdysvalloissa, johon h\u00e4n kontaktoitui varhain tulevan presidentin, <strong>Donald Trump<\/strong>in tiimiin.<\/p>\n<p>Dmitrijev n\u00e4ytt\u00e4\u00e4 pyrkineen edist\u00e4m\u00e4\u00e4n ep\u00e4virallisia yhteydenpitorakenteita Yhdysvaltain presidentin tiimin, ja Ven\u00e4j\u00e4n johdon v\u00e4lille. T\u00e4ss\u00e4 aikeessa ven\u00e4l\u00e4iset olivat h\u00e4mm\u00e4stytt\u00e4v\u00e4n r\u00f6yhkeit\u00e4:<\/p>\n<blockquote><p>&#8221;(Dmitrijev) ehdotti, ett\u00e4 maiden v\u00e4lille perustetaan <strong>luottamuksellinen pieni ryhm\u00e4<\/strong>, jossa on 2-3 henkil\u00f6\u00e4 kummaltakin puolen&#8221; (Jessikka Aro, sivu 265.)<\/p><\/blockquote>\n<p>Niin mit\u00e4 t\u00e4m\u00e4 virallisissa organisaatiokartoissa n\u00e4kym\u00e4t\u00f6n poppoo sitten tekisi?<\/p>\n<blockquote><p>&#8221;(T\u00e4m\u00e4 luottamuksellinen ryhm\u00e4) koordinoisi t\u00e4rkeimpi\u00e4 valtion virastoja ja hallinnollisia elimi\u00e4.&#8221; (Jessikka Aro, sivu 265.)<\/p><\/blockquote>\n<p>-Ei tietenk\u00e4\u00e4n Ven\u00e4j\u00e4ll\u00e4: Ainoastaan Yhdysvalloissa. <strong>Jessikka Aro<\/strong> kommentoi -suorastaan inhorealistisesti:<\/p>\n<blockquote><p>&#8221;Kuullostaa eritt\u00e4in huonolta, ett\u00e4 yhdysvaltalaisven\u00e4l\u00e4inen salainen ja ep\u00e4virallisia reittej\u00e4 viestiv\u00e4 ryhm\u00e4 koordinoisi yhdysvaltalaisten virastojen johtoa.&#8221; (Jessikka Aro, sivu 265.)<\/p><\/blockquote>\n<p>Viel\u00e4 Aron l\u00e4hde, jos jotakuta kiinnostaa:<\/p>\n<ul>\n<li>Senate Intelligence Committee Russia Investigation Vol.5. S.726; Senate Intelligence Committee 11.01. 2021.<\/li>\n<\/ul>\n<p>Komitean ty\u00f6st\u00e4 on siis aikaa viitisen vuotta, joten Trumpin-Dmitrijevin projektin tuloksia pit\u00e4isi jo n\u00e4ky\u00e4? -Ovatko korkeiden virkamiesten erottamiset ja virkojen t\u00e4ytt\u00e4miset salaliittoteoreetikoilla, MAGA-reppanoilla (&#8217;rep&#8217; -sit\u00e4h\u00e4n se tarkoittaa?) ja \u00e4\u00e4rikristillisill\u00e4 konservatiiveilla em. v.2021 paljastuneen suunnitelman tulosta?<\/p>\n<p>(Jatkuu linkin j\u00e4lkeen.)<\/p>\n<blockquote class=\"wp-embedded-content\" data-secret=\"NMViuyIHVz\"><p><a href=\"https:\/\/www.uutispeili.fi\/index.php\/2025\/06\/21\/trumpin-rekry-paallikko-ohitti-turvallisuuselvityksen-mika-voisi-menna-vikaan\/\">Trumpin rekry-p\u00e4\u00e4llikk\u00f6 ohitti turvallisuuselvityksen, -&#8221;Mik\u00e4 voisi menn\u00e4 vikaan?&#8221;<\/a><\/p><\/blockquote>\n<p><iframe class=\"wp-embedded-content\" sandbox=\"allow-scripts\" security=\"restricted\" style=\"position: absolute; clip: rect(1px, 1px, 1px, 1px);\" title=\"&#8221;Trumpin rekry-p\u00e4\u00e4llikk\u00f6 ohitti turvallisuuselvityksen, -&#8221;Mik\u00e4 voisi menn\u00e4 vikaan?&#8221;&#8221; &#8212; \" src=\"https:\/\/www.uutispeili.fi\/index.php\/2025\/06\/21\/trumpin-rekry-paallikko-ohitti-turvallisuuselvityksen-mika-voisi-menna-vikaan\/embed\/#?secret=EgnbqCj3oY#?secret=NMViuyIHVz\" data-secret=\"NMViuyIHVz\" width=\"600\" height=\"338\" frameborder=\"0\" marginwidth=\"0\" marginheight=\"0\" scrolling=\"no\"><\/iframe><\/p>\n<h2>Sama ketju <em>neuvottelup\u00f6yd\u00e4n molemmilla puolilla?<\/em><\/h2>\n<p>Ennenkuin spekuloimme ihmeellisell\u00e4 sattumalla, ett\u00e4 Ven\u00e4j\u00e4n helmikuussa 2022 kiihtynytt\u00e4 hy\u00f6kk\u00e4yssotaa Ukrainassa sovittelivat &#8211;<em>neuvottelup\u00f6yd\u00e4n molemmilla puolilla<\/em>&#8211; &#8217;Trumpin miehet (-ja ven\u00e4j\u00e4nkielell\u00e4), huomaamme, ett\u00e4 Trumpin tukijaan, sotaurakoitsija <strong>Eric Prince<\/strong>en, iski ujouden ja vaatimattomuuden puuska, kun h\u00e4nen piti kertoa <strong>Robert Mueller<\/strong>in johtamalle kongressin komitealle, miksi h\u00e4n tapasi Dmitrijevin <strong>Seychelleill\u00e4<\/strong> &#8217;<em>vain p\u00e4ivi\u00e4 ennen Trumpin virkaanastujaisia&#8217;<\/em>.<\/p>\n<h2>&#8221;En lent\u00e4nyt sinne tapaamaan ket\u00e4\u00e4n ven\u00e4l\u00e4ist\u00e4&#8221;<\/h2>\n<blockquote><p>&#8221;En lent\u00e4nyt sinne tapaamaan ket\u00e4\u00e4n ven\u00e4l\u00e4ist\u00e4&#8221;, Prince kertoi edustajainhuoneen pysyv\u00e4lle tiedusteluvaliokunnalle marraskuussa. H\u00e4n todisti matkustaneensa Seychelleille tapaamaan Yhdistyneiden arabiemiirikuntien virkamiehi\u00e4 mahdollisista liiketoimintamahdollisuuksista, ja he esitteliv\u00e4t h\u00e4net \u2013 odottamatta \u2013 Dmitrieville. (ABC News 06.04. 2018))<\/p><\/blockquote>\n<p>Princen ep\u00e4onneksi tapaamisen j\u00e4rjest\u00e4nyt liikemies -libanonilais-amerikkalainen liikemies <strong>George Nader<\/strong>&#8211; oli jo avautunut komitealle. -Oli keskustelujen aihe mik\u00e4 tahansa, kiertely ja muunnettu totuus puhuvat puolestaan.<\/p>\n<p>N\u00e4emme nyt ketjun <em>Trump-Dmitrijev-Putin<\/em>, -ja mielenkiintoisena ajankohtana. N\u00e4immek\u00f6 juuri senkin, ettei Ukrainan sodan &#8221;<em>rauhansuunnitelma<\/em>&#8221; mennyt ihan maaliin?<\/p>\n<p>Pekka Kemppainen<\/p>\n<p>Luettavaa:<\/p>\n<ul>\n<li><a href=\"https:\/\/www.weforum.org\/people\/kirill-dmitriev\/\" target=\"_blank\" rel=\"noopener\"><strong>World Economic Forum<\/strong><\/a>: Kirill Dimitriev,<\/li>\n<li><a href=\"https:\/\/abcnews.go.com\/Politics\/mueller-evidence-raising-questions-prince-testimony-meeting-russian\/story?id=54277090\" target=\"_blank\" rel=\"noopener\"><strong>abcNews<\/strong><\/a> 06.04. 2028: <a href=\"https:\/\/abcnews.go.com\/Politics\/mueller-evidence-raising-questions-prince-testimony-meeting-russian\/story?id=54277090\" target=\"_blank\" rel=\"noopener\">L\u00e4hteet: Muellerilla on todisteita siit\u00e4, ett\u00e4 Trumpin kannattajan tapaaminen Putinin liittolaisen kanssa ei ehk\u00e4 ollut sattumaa<\/a>; L\u00e4hteiden mukaan avaintodistaja on kertonut tutkijoille j\u00e4rjest\u00e4neens\u00e4 tapaamisen.,<\/li>\n<li><a href=\"https:\/\/www.theguardian.com\/world\/2025\/nov\/21\/who-is-kirill-dmitriev-draft-plan-ukraine-war-russia\" target=\"_blank\" rel=\"noopener\"><strong>The Guardian<\/strong><\/a> 21.11. 2025: <a href=\"https:\/\/www.theguardian.com\/world\/2025\/nov\/21\/who-is-kirill-dmitriev-draft-plan-ukraine-war-russia\" target=\"_blank\" rel=\"noopener\">Kirill Dmitriev: &#8221;armottoman kunnianhimoinen&#8221; Kremlin hahmo Ukrainan suunnitelman takana<\/a>; Harvardin koulutuksen saanut Ven\u00e4j\u00e4n sijoitusrahaston johtaja on noussut avainasemaan, vaikka h\u00e4nell\u00e4 on vain v\u00e4h\u00e4n diplomaattista kokemusta.<\/li>\n<li><a href=\"https:\/\/www.independent.co.uk\/news\/world\/europe\/putin-russia-kirill-dmitriev-trump-ukraine-peace-deal-b2870735.html\" target=\"_blank\" rel=\"noopener\"><strong>Independent<\/strong><\/a> 23.11. 2025,<\/li>\n<li><strong>Jessikka Aro<\/strong>; &#8217;<em>Putinin USA, N\u00e4in Ven\u00e4j\u00e4 hajottaa ja hallitsee Yhdysvaltoja<\/em>&#8217; Johnny Kniga 2025,<\/li>\n<\/ul>\n<p>Aiemmissa julkaisuissa:<\/p>\n<p>13.11. 2025:<\/p>\n<blockquote class=\"wp-embedded-content\" data-secret=\"Ay2eZ4nWCT\"><p><a href=\"https:\/\/www.uutispeili.fi\/index.php\/2025\/11\/13\/trump-puhui-voitonpaivasta-arlingtonissa\/\">Trump puhui &#8217;voitonp\u00e4iv\u00e4st\u00e4&#8217; Arlingtonissa<\/a><\/p><\/blockquote>\n<p><iframe class=\"wp-embedded-content\" sandbox=\"allow-scripts\" security=\"restricted\" style=\"position: absolute; clip: rect(1px, 1px, 1px, 1px);\" title=\"&#8221;Trump puhui &#8217;voitonp\u00e4iv\u00e4st\u00e4&#8217; Arlingtonissa&#8221; &#8212; \" src=\"https:\/\/www.uutispeili.fi\/index.php\/2025\/11\/13\/trump-puhui-voitonpaivasta-arlingtonissa\/embed\/#?secret=cxrvjFMyCf#?secret=Ay2eZ4nWCT\" data-secret=\"Ay2eZ4nWCT\" width=\"600\" height=\"338\" frameborder=\"0\" marginwidth=\"0\" marginheight=\"0\" scrolling=\"no\"><\/iframe><\/p>\n<p>11.08. 2025:<\/p>\n<blockquote class=\"wp-embedded-content\" data-secret=\"yPqNWoN14F\"><p><a href=\"https:\/\/www.uutispeili.fi\/index.php\/2025\/08\/11\/hyokkayssotien-laillistaminen-saattaa-edeta-perjantaina-jaljet-eivat-lupaa-hyvaa\/\">Hy\u00f6kk\u00e4yssotien laillistaminen saattaa edet\u00e4 perjantaina, -j\u00e4ljet eiv\u00e4t lupaa hyv\u00e4\u00e4<\/a><\/p><\/blockquote>\n<p><iframe class=\"wp-embedded-content\" sandbox=\"allow-scripts\" security=\"restricted\" style=\"position: absolute; clip: rect(1px, 1px, 1px, 1px);\" title=\"&#8221;Hy\u00f6kk\u00e4yssotien laillistaminen saattaa edet\u00e4 perjantaina, -j\u00e4ljet eiv\u00e4t lupaa hyv\u00e4\u00e4&#8221; &#8212; \" src=\"https:\/\/www.uutispeili.fi\/index.php\/2025\/08\/11\/hyokkayssotien-laillistaminen-saattaa-edeta-perjantaina-jaljet-eivat-lupaa-hyvaa\/embed\/#?secret=ggXwW2qYNW#?secret=yPqNWoN14F\" data-secret=\"yPqNWoN14F\" width=\"600\" height=\"338\" frameborder=\"0\" marginwidth=\"0\" marginheight=\"0\" scrolling=\"no\"><\/iframe><\/p>\n<p>20.11. 2025:<\/p>\n<blockquote class=\"wp-embedded-content\" data-secret=\"U1EloS0rKH\"><p><a href=\"https:\/\/www.uutispeili.fi\/index.php\/2025\/11\/20\/jos-historiasta-ei-opita-se-toistuu\/\">Jos historiasta ei opita, -se toistuu<\/a><\/p><\/blockquote>\n<p><iframe class=\"wp-embedded-content\" sandbox=\"allow-scripts\" security=\"restricted\" style=\"position: absolute; clip: rect(1px, 1px, 1px, 1px);\" title=\"&#8221;Jos historiasta ei opita, -se toistuu&#8221; &#8212; \" src=\"https:\/\/www.uutispeili.fi\/index.php\/2025\/11\/20\/jos-historiasta-ei-opita-se-toistuu\/embed\/#?secret=NMMDUHIR41#?secret=U1EloS0rKH\" data-secret=\"U1EloS0rKH\" width=\"600\" height=\"338\" frameborder=\"0\" marginwidth=\"0\" marginheight=\"0\" scrolling=\"no\"><\/iframe><\/p>\n<p>09.11. 2025:<\/p>\n<blockquote class=\"wp-embedded-content\" data-secret=\"cvOzthFCck\"><p><a href=\"https:\/\/www.uutispeili.fi\/index.php\/2025\/11\/09\/miten-putinistinen-venaja-kayttaa-kristilliskonservatiiveja-valtansa-laajentamiseen-lue-ja-hammasty\/\">Miten putinistinen Ven\u00e4j\u00e4 k\u00e4ytt\u00e4\u00e4 kristilliskonservatiiveja valtansa laajentamiseen, -lue ja h\u00e4mm\u00e4sty<\/a><\/p><\/blockquote>\n<p><iframe class=\"wp-embedded-content\" sandbox=\"allow-scripts\" security=\"restricted\" style=\"position: absolute; clip: rect(1px, 1px, 1px, 1px);\" title=\"&#8221;Miten putinistinen Ven\u00e4j\u00e4 k\u00e4ytt\u00e4\u00e4 kristilliskonservatiiveja valtansa laajentamiseen, -lue ja h\u00e4mm\u00e4sty&#8221; &#8212; \" src=\"https:\/\/www.uutispeili.fi\/index.php\/2025\/11\/09\/miten-putinistinen-venaja-kayttaa-kristilliskonservatiiveja-valtansa-laajentamiseen-lue-ja-hammasty\/embed\/#?secret=ZrKE0oUVdc#?secret=cvOzthFCck\" data-secret=\"cvOzthFCck\" width=\"600\" height=\"338\" frameborder=\"0\" marginwidth=\"0\" marginheight=\"0\" scrolling=\"no\"><\/iframe><\/p>\n","protected":false},"excerpt":{"rendered":"<p>Yhdysvaltain presidentin, Donald Trumpin, h\u00e4mm\u00e4styst\u00e4 her\u00e4tt\u00e4nyt &#8221;rauhansuunnitelma&#8221;, jonka hyv\u00e4ksymiseen Trump j\u00e4tti Ukrainalle aikaa t\u00e4p\u00e4r\u00e4sti ensi viikon torstaihin -&#8221;Kiitosp\u00e4iv\u00e4\u00e4n&#8221; asti, n\u00e4ytt\u00e4\u00e4 olleen Ven\u00e4j\u00e4n neuvottelijan Kirill Dmitrijevin k\u00e4sialaa. Julkivuodetun 28-kohtaisen paperin sanamuodoista jo tunnistettiin alkutekstin ven\u00e4j\u00e4nkielisyys, ja tulihan Trumpilta siihen vahvistus: Teksti oli luonnos, ja Ven\u00e4j\u00e4n toivelista. Prosessi on onneksi jo edennyt, ja Sveitsiss\u00e4 Ukrainan ja Yhdysvaltain [&hellip;]<\/p>\n","protected":false},"author":3,"featured_media":9560,"comment_status":"open","ping_status":"open","sticky":false,"template":"","format":"standard","meta":{"footnotes":""},"categories":[31,199,71,116,87,74,127],"tags":[],"_links":{"self":[{"href":"https:\/\/www.uutispeili.fi\/index.php\/wp-json\/wp\/v2\/posts\/9559"}],"collection":[{"href":"https:\/\/www.uutispeili.fi\/index.php\/wp-json\/wp\/v2\/posts"}],"about":[{"href":"https:\/\/www.uutispeili.fi\/index.php\/wp-json\/wp\/v2\/types\/post"}],"author":[{"embeddable":true,"href":"https:\/\/www.uutispeili.fi\/index.php\/wp-json\/wp\/v2\/users\/3"}],"replies":[{"embeddable":true,"href":"https:\/\/www.uutispeili.fi\/index.php\/wp-json\/wp\/v2\/comments?post=9559"}],"version-history":[{"count":5,"href":"https:\/\/www.uutispeili.fi\/index.php\/wp-json\/wp\/v2\/posts\/9559\/revisions"}],"predecessor-version":[{"id":9567,"href":"https:\/\/www.uutispeili.fi\/index.php\/wp-json\/wp\/v2\/posts\/9559\/revisions\/9567"}],"wp:featuredmedia":[{"embeddable":true,"href":"https:\/\/www.uutispeili.fi\/index.php\/wp-json\/wp\/v2\/media\/9560"}],"wp:attachment":[{"href":"https:\/\/www.uutispeili.fi\/index.php\/wp-json\/wp\/v2\/media?parent=9559"}],"wp:term":[{"taxonomy":"category","embeddable":true,"href":"https:\/\/www.uutispeili.fi\/index.php\/wp-json\/wp\/v2\/categories?post=9559"},{"taxonomy":"post_tag","embeddable":true,"href":"https:\/\/www.uutispeili.fi\/index.php\/wp-json\/wp\/v2\/tags?post=9559"}],"curies":[{"name":"wp","href":"https:\/\/api.w.org\/{rel}","templated":true}]}}