{"id":9546,"date":"2025-11-22T18:26:52","date_gmt":"2025-11-22T16:26:52","guid":{"rendered":"https:\/\/www.uutispeili.fi\/?p=9546"},"modified":"2025-11-25T20:36:28","modified_gmt":"2025-11-25T18:36:28","slug":"yrjo-rautio-yhdysvaltojen-ja-venajan-rauhansuunnitelmasta-ukrainaan","status":"publish","type":"post","link":"https:\/\/www.uutispeili.fi\/index.php\/2025\/11\/22\/yrjo-rautio-yhdysvaltojen-ja-venajan-rauhansuunnitelmasta-ukrainaan\/","title":{"rendered":"Yrjo Rautio Yhdysvaltojen ja Ven\u00e4j\u00e4n &#8221;rauhansuunnitelmasta&#8221; Ukrainaan"},"content":{"rendered":"<p><strong>On n\u00e4k\u00f6j\u00e4\u00e4n mahdotonta kommentoida Ukrainan &#8221;<em>rauhansuunnitelmaa<\/em>&#8221; tulematta ymm\u00e4rretyksi v\u00e4\u00e4rin. Jotkut ymm\u00e4rt\u00e4v\u00e4t tahallaan v\u00e4\u00e4rin, toiset muuten vain, kolmannet siksi, etten ole onnistunut kertomaan n\u00e4kemyst\u00e4ni kyllin selke\u00e4sti.<\/strong><\/p>\n<p>Tehd\u00e4\u00e4np\u00e4 siksi selv\u00e4ksi pari asiaa. En suinkaan syyt\u00e4 <strong>Stubb<\/strong>ia siit\u00e4, ett\u00e4 mielistelylinja ei tuottanut toivottua tulosta, vaan katastrofin. Ei h\u00e4n niin iso tekij\u00e4 ole, ett\u00e4 h\u00e4nelle kuuluisi t\u00e4llainen vastuu koko maailmaa koskevasta asiasta.<\/p>\n<blockquote><p>Toki h\u00e4nkin on ollut yksi mielistelij\u00f6ist\u00e4, mutta ei t\u00e4m\u00e4 linja ole suinkaan h\u00e4nen keksim\u00e4ns\u00e4, vaan <strong>Euroopan johtajien<\/strong> yhdess\u00e4 sopima.<\/p><\/blockquote>\n<p>Stubb on vain saanut pitk\u00e4lti er\u00e4\u00e4nlaisen kuriirin, sanan viej\u00e4n, roolin, koska suurtenkin Euroopan maiden johtajat ovat uskoneet, ett\u00e4 h\u00e4n on siihen paras henkil\u00f6. Eiv\u00e4tk\u00e4 he ole t\u00e4ss\u00e4 asiassa olleet edes v\u00e4\u00e4r\u00e4ss\u00e4.<br \/>\nOngelma ei ole ollut Stubb. H\u00e4n on ep\u00e4ilem\u00e4tt\u00e4 tehnyt parhaansa ja toiminut hyv\u00e4ss\u00e4 tarkoituksessa. Ongelma on ollut koko strategia. Sit\u00e4 en ole moittinut vain nyt, kun sen t\u00e4ydellinen ep\u00e4onnistuminen on saanut vahvistuksensa, vaan alusta l\u00e4htien.<\/p>\n<p>En ole hetke\u00e4k\u00e4\u00e4n uskonut, ett\u00e4 Trumpin kaltaiseen <em>narsistiseen psykopaattiin<\/em> voitaisiin todella vaikuttaa t\u00e4llaisella nuoleskelulla.<\/p>\n<p>Olen uskonut, ett\u00e4 se vaikuttaa juuri p\u00e4invastoin kuin on tarkoitus: ruokkii lis\u00e4\u00e4 h\u00e4nen narsismiaan ja harhaista k\u00e4sityst\u00e4 itsest\u00e4\u00e4n, maailmasta ja Putinin Ven\u00e4j\u00e4st\u00e4. Se saa h\u00e4net tuntemaan itsens\u00e4 kaikkivaltiaaksi, jota kaikki kumartavat ja rakastavat &#8211; kuten h\u00e4n itse sanoo &#8211; ja jonka ei sen vuoksi tarvitse v\u00e4litt\u00e4\u00e4 v\u00e4h\u00e4\u00e4k\u00e4\u00e4n muiden, kuten Euroopan johtajien, n\u00e4kemyksist\u00e4. Juuri n\u00e4inh\u00e4n on k\u00e4ynyt.<\/p>\n<p>En ole my\u00f6sk\u00e4\u00e4n n\u00e4hnyt mit\u00e4\u00e4n ylpeilyn aihetta siin\u00e4, ett\u00e4 Stubb tai jotkut muu Euroopan johtajat ovat p\u00e4\u00e4sseet Trumpin suosioon. Mit\u00e4 ylpeilyn aihetta on olla Trumpin kaltaisen johtajan suosiossa? Itsekk\u00e4\u00e4n, rikollisen, harhaisen, omalle maalleen ja koko maailmalle vaarallisen johtajan suosiossa. Pelk\u00e4st\u00e4\u00e4n se, ett\u00e4 h\u00e4nell\u00e4 on paljon valtaa, ei muuta asiaa. Jossakin on kuljettava raja, sen olisi historiankin pit\u00e4nyt opettaa.<\/p>\n<blockquote><p>En voi my\u00f6sk\u00e4\u00e4n hyv\u00e4ksy\u00e4 sit\u00e4, ettei yhdell\u00e4k\u00e4\u00e4n eurooppalaisella johtajalla ole ollut rohkeutta eik\u00e4 selk\u00e4rankaa sanoa, mit\u00e4 he ajattelevat siit\u00e4, mit\u00e4 Trump on tekem\u00e4ss\u00e4 Yhdysvalloille, h\u00e4vitt\u00e4m\u00e4ss\u00e4 sen demokratiaa, oikeusvaltiota, ihmisoikeuksia, sananvapautta &#8211; kaikkea sit\u00e4, mille sivistys ja ihmisyys rakentuvat.<\/p><\/blockquote>\n<p>V\u00e4h\u00e4t on kuultu edes siit\u00e4, mit\u00e4 Trump on tekem\u00e4ss\u00e4 my\u00f6s koko maailmalle sabotoimalla kaikkea, mik\u00e4 auttaisi torjumaan ilmastonmuutosta ja ymp\u00e4rist\u00f6n tuhoamista.<\/p>\n<p>T\u00e4llainen opportunistinen vaikeneminen ei voi olla j\u00e4\u00e4m\u00e4tt\u00e4 historiaan valtavana h\u00e4pe\u00e4tahrana. J\u00e4lkipolvet tulevat kysym\u00e4\u00e4n, miksi annoitte vaieten t\u00e4m\u00e4n kaiken tapahtua, jopa ruokitte sit\u00e4.<\/p>\n<p>Yrj\u00f6 Rautio<\/p>\n<p>22.11. 2025<\/p>\n","protected":false},"excerpt":{"rendered":"<p>On n\u00e4k\u00f6j\u00e4\u00e4n mahdotonta kommentoida Ukrainan &#8221;rauhansuunnitelmaa&#8221; tulematta ymm\u00e4rretyksi v\u00e4\u00e4rin. Jotkut ymm\u00e4rt\u00e4v\u00e4t tahallaan v\u00e4\u00e4rin, toiset muuten vain, kolmannet siksi, etten ole onnistunut kertomaan n\u00e4kemyst\u00e4ni kyllin selke\u00e4sti. Tehd\u00e4\u00e4np\u00e4 siksi selv\u00e4ksi pari asiaa. En suinkaan syyt\u00e4 Stubbia siit\u00e4, ett\u00e4 mielistelylinja ei tuottanut toivottua tulosta, vaan katastrofin. Ei h\u00e4n niin iso tekij\u00e4 ole, ett\u00e4 h\u00e4nelle kuuluisi t\u00e4llainen vastuu koko [&hellip;]<\/p>\n","protected":false},"author":1,"featured_media":9547,"comment_status":"open","ping_status":"open","sticky":false,"template":"","format":"standard","meta":{"footnotes":""},"categories":[11],"tags":[],"_links":{"self":[{"href":"https:\/\/www.uutispeili.fi\/index.php\/wp-json\/wp\/v2\/posts\/9546"}],"collection":[{"href":"https:\/\/www.uutispeili.fi\/index.php\/wp-json\/wp\/v2\/posts"}],"about":[{"href":"https:\/\/www.uutispeili.fi\/index.php\/wp-json\/wp\/v2\/types\/post"}],"author":[{"embeddable":true,"href":"https:\/\/www.uutispeili.fi\/index.php\/wp-json\/wp\/v2\/users\/1"}],"replies":[{"embeddable":true,"href":"https:\/\/www.uutispeili.fi\/index.php\/wp-json\/wp\/v2\/comments?post=9546"}],"version-history":[{"count":2,"href":"https:\/\/www.uutispeili.fi\/index.php\/wp-json\/wp\/v2\/posts\/9546\/revisions"}],"predecessor-version":[{"id":9549,"href":"https:\/\/www.uutispeili.fi\/index.php\/wp-json\/wp\/v2\/posts\/9546\/revisions\/9549"}],"wp:featuredmedia":[{"embeddable":true,"href":"https:\/\/www.uutispeili.fi\/index.php\/wp-json\/wp\/v2\/media\/9547"}],"wp:attachment":[{"href":"https:\/\/www.uutispeili.fi\/index.php\/wp-json\/wp\/v2\/media?parent=9546"}],"wp:term":[{"taxonomy":"category","embeddable":true,"href":"https:\/\/www.uutispeili.fi\/index.php\/wp-json\/wp\/v2\/categories?post=9546"},{"taxonomy":"post_tag","embeddable":true,"href":"https:\/\/www.uutispeili.fi\/index.php\/wp-json\/wp\/v2\/tags?post=9546"}],"curies":[{"name":"wp","href":"https:\/\/api.w.org\/{rel}","templated":true}]}}