{"id":9543,"date":"2025-11-22T18:10:13","date_gmt":"2025-11-22T16:10:13","guid":{"rendered":"https:\/\/www.uutispeili.fi\/?p=9543"},"modified":"2025-11-23T16:45:26","modified_gmt":"2025-11-23T14:45:26","slug":"suomen-ortodoksisen-kirkon-arkkipiispan-kannanotto","status":"publish","type":"post","link":"https:\/\/www.uutispeili.fi\/index.php\/2025\/11\/22\/suomen-ortodoksisen-kirkon-arkkipiispan-kannanotto\/","title":{"rendered":"Suomen ortodoksisen kirkon arkkipiispan kannanotto"},"content":{"rendered":"<p><strong>Helsingin ja koko Suomen arkkipiispa Elia otti perjantaina kantaa Ukrainan sodan rauhansuunnitelma-ehdotukseen.<\/strong><\/p>\n<p>(Kuvan aineisto: Christianity Today 2025, -pommitettu kirkko Kiovassa.)<\/p>\n<h2>&#8217;<em>Kirkkona olemme rukoilleet jo yli kolme vuotta kest\u00e4v\u00e4n ja oikeudenmukaisen rauhan puolesta<\/em>&#8217;<\/h2>\n<p>&#8221;Yhdysvalloissa hahmoteltu Ukrainan rauhansuunnitelma on her\u00e4tt\u00e4nyt aiheellista huolta. Kirkkona olemme rukoilleet jo yli kolme vuotta kest\u00e4v\u00e4n ja oikeudenmukaisen rauhan puolesta. Nyt esitellyt rauhanehdot eiv\u00e4t ole siin\u00e4 suhteessa rohkaisevaa luettavaa.<\/p>\n<p>Erityisen huolestuttava on suunnitelman vaatimus, jonka mukaan Ukrainan tulisi \u201d<em>korjata<\/em>\u201d <strong>uskonnonvapauslains\u00e4\u00e4d\u00e4nt\u00f6ns\u00e4<\/strong>. T\u00e4m\u00e4 vaatimus voinee tarkoittaa vain maan <strong>Moskovan patriarkaatin<\/strong> alaiselle kirkolle my\u00f6nnett\u00e4vi\u00e4 takuita. T\u00e4m\u00e4 ehto ei perustu tosiasioihin. Tied\u00e4n t\u00e4m\u00e4n, sill\u00e4 olen n\u00e4hnyt totuuden omin silmin.<\/p>\n<blockquote><p>Vierailin <strong>Kiovassa<\/strong> viime kuussa yhdess\u00e4 muiden pohjoismaisten kirkonjohtajien kanssa. Seisoessani siell\u00e4, sodan runtelemassa maassa, en n\u00e4hnyt uskonnollista vainoa, vaan yhten\u00e4isyyden.<\/p><\/blockquote>\n<p>Keskustelumme etnopolitiikan ja uskonnonvapauden viraston p\u00e4\u00e4llik\u00f6n <strong>Viktor Yelensky<\/strong>n sek\u00e4 <strong>Lviv<\/strong>in uskonnollisten johtajien kanssa todistivat, ett\u00e4 uskonnonvapaus Ukrainassa toteutuu t\u00e4ysim\u00e4\u00e4r\u00e4isesti. Uskonnolliset yhteis\u00f6t eiv\u00e4t el\u00e4 pelossa toisiaan kohtaan, vaan toimivat vapaasti.<\/p>\n<blockquote><p>Todellinen uhka ei tule Ukrainan laeista. Se tulee miehest\u00e4, joka kutsuu itse\u00e4\u00e4n paimeneksi mutta toimii sodank\u00e4ynnin profeettana. <strong>Patriarkka Kirill<\/strong> on tehnyt \u201dpyh\u00e4n sodan\u201d retoriikallaan kirkosta Kremlin aseen \u2013 ja ristist\u00e4 miekan.<\/p><\/blockquote>\n<p>Suunnitelman kylmyys jatkuu sen <strong>24.<\/strong> kohdassa, jossa puhutaan vankien ja lapsien palauttamisesta. Muotoilu on riitt\u00e4m\u00e4t\u00f6n, jopa loukkaava. Kyse ei ole vain panttivangeista. Kyse on tuhansista ukrainalaisista lapsista, jotka on viety pakkosiirto-ohjelmalla Ven\u00e4j\u00e4lle heid\u00e4n identiteettins\u00e4 tuhoamiseksi.<\/p>\n<p>Pohjoismaiset kirkot ovat vaatineet lasten v\u00e4lit\u00f6nt\u00e4 palauttamista. Suomen ortodoksisen kirkon p\u00e4\u00e4miehen\u00e4 sek\u00e4 <strong>Suomen Ekumeenisen Neuvoston<\/strong> puheenjohtajana olen tyrmistynyt siit\u00e4, ettei <strong>Kirkkojen maailmanneuvosto<\/strong> (WCC) ole halunnut ottaa virallista kantaa n\u00e4ihin pakkosiirrettyihin lapsiin.<\/p>\n<blockquote><p>T\u00e4m\u00e4 vaikeneminen kertoo karua kielt\u00e4 Moskovan patriarkaatin yh\u00e4 jatkuvasta, myrkyllisest\u00e4 vaikutusvallasta kansainv\u00e4lisess\u00e4 ekumeniassa.<\/p><\/blockquote>\n<p>Kest\u00e4v\u00e4\u00e4 rauhaa ei voida rakentaa ep\u00e4oikeudenmukaisuuden perustalle. Vaikka aseet vaikenisivat, valheille rakennettu rauha ei ole rauhaa \u2013 se on vain tauko.<\/p>\n<p>Rauha vaatii totuutta. Oikeus vaatii rohkeutta.<\/p>\n<p>T\u00e4h\u00e4n Kirkko on kutsuttu. T\u00e4m\u00e4n puolesta seison.<\/p>\n<p>Elia<br \/>\nHelsingin ja koko Suomen arkkipiispa<br \/>\nSuomen ortodoksinen kirkko<\/p>\n<p>Kannanotto on jaettu Facebookissa 22.11. 2025.<\/p>\n","protected":false},"excerpt":{"rendered":"<p>Helsingin ja koko Suomen arkkipiispa Elia otti perjantaina kantaa Ukrainan sodan rauhansuunnitelma-ehdotukseen. (Kuvan aineisto: Christianity Today 2025, -pommitettu kirkko Kiovassa.) &#8217;Kirkkona olemme rukoilleet jo yli kolme vuotta kest\u00e4v\u00e4n ja oikeudenmukaisen rauhan puolesta&#8217; &#8221;Yhdysvalloissa hahmoteltu Ukrainan rauhansuunnitelma on her\u00e4tt\u00e4nyt aiheellista huolta. Kirkkona olemme rukoilleet jo yli kolme vuotta kest\u00e4v\u00e4n ja oikeudenmukaisen rauhan puolesta. Nyt esitellyt rauhanehdot [&hellip;]<\/p>\n","protected":false},"author":3,"featured_media":9544,"comment_status":"open","ping_status":"open","sticky":false,"template":"","format":"standard","meta":{"footnotes":""},"categories":[71,50,87],"tags":[],"_links":{"self":[{"href":"https:\/\/www.uutispeili.fi\/index.php\/wp-json\/wp\/v2\/posts\/9543"}],"collection":[{"href":"https:\/\/www.uutispeili.fi\/index.php\/wp-json\/wp\/v2\/posts"}],"about":[{"href":"https:\/\/www.uutispeili.fi\/index.php\/wp-json\/wp\/v2\/types\/post"}],"author":[{"embeddable":true,"href":"https:\/\/www.uutispeili.fi\/index.php\/wp-json\/wp\/v2\/users\/3"}],"replies":[{"embeddable":true,"href":"https:\/\/www.uutispeili.fi\/index.php\/wp-json\/wp\/v2\/comments?post=9543"}],"version-history":[{"count":2,"href":"https:\/\/www.uutispeili.fi\/index.php\/wp-json\/wp\/v2\/posts\/9543\/revisions"}],"predecessor-version":[{"id":9550,"href":"https:\/\/www.uutispeili.fi\/index.php\/wp-json\/wp\/v2\/posts\/9543\/revisions\/9550"}],"wp:featuredmedia":[{"embeddable":true,"href":"https:\/\/www.uutispeili.fi\/index.php\/wp-json\/wp\/v2\/media\/9544"}],"wp:attachment":[{"href":"https:\/\/www.uutispeili.fi\/index.php\/wp-json\/wp\/v2\/media?parent=9543"}],"wp:term":[{"taxonomy":"category","embeddable":true,"href":"https:\/\/www.uutispeili.fi\/index.php\/wp-json\/wp\/v2\/categories?post=9543"},{"taxonomy":"post_tag","embeddable":true,"href":"https:\/\/www.uutispeili.fi\/index.php\/wp-json\/wp\/v2\/tags?post=9543"}],"curies":[{"name":"wp","href":"https:\/\/api.w.org\/{rel}","templated":true}]}}