{"id":9502,"date":"2025-11-20T19:29:19","date_gmt":"2025-11-20T17:29:19","guid":{"rendered":"https:\/\/www.uutispeili.fi\/?p=9502"},"modified":"2025-11-20T21:17:15","modified_gmt":"2025-11-20T19:17:15","slug":"jos-historiasta-ei-opita-se-toistuu","status":"publish","type":"post","link":"https:\/\/www.uutispeili.fi\/index.php\/2025\/11\/20\/jos-historiasta-ei-opita-se-toistuu\/","title":{"rendered":"Jos historiasta ei opita, -se toistuu"},"content":{"rendered":"<p><strong>T\u00e4n\u00e4\u00e4n olemme jo ehtineet kuulla arviot Trumpin ja Ven\u00e4j\u00e4n itsevaltaisen johtajan -Putinin- &#8221;<em>diilist\u00e4<\/em>&#8221;, joka palkitsee Ven\u00e4j\u00e4n hy\u00f6kk\u00e4yssodan aloittamisesta -rohkaisten esimerkin seuraajia- ja j\u00e4tt\u00e4\u00e4 Ukrainan tulevien uhkailujen ja kiristysten armoille.<\/strong><\/p>\n<p>Viimevuosisadalta emme muista varoittavaa esimerkki\u00e4, kuinka k\u00e4y kun laajentumishaluiselle diktaattorille annetaan my\u00f6nnytyksi\u00e4 my\u00f6nnytysten per\u00e4\u00e4n. otsikkokuvan taustalla seisovatkin Neuvostoliiton ulkoministeri <strong>Vjastsheslav Molotov<\/strong> (oikealla) ja saksalainen kollegansa <strong>Joachim Ribbentrop<\/strong>. Edustalla -pikkukuvassa- on heid\u00e4n my\u00f6hempi\u00e4 perinteenjakajiaan.<\/p>\n<p>Ribbentrop hirtettiin pian alkaneen <strong><em>maailmansodan<\/em><\/strong> j\u00e4lkeen. Molotov syrj\u00e4ytettiin -h\u00e4nen suureksi onnekseen- sellaiseen aikaan, jolloin virastaan potkittujen johtajien yms. tappaminen oli <strong>Ven\u00e4j\u00e4ll\u00e4<\/strong> tilap\u00e4isesti lopetettu: Molotov fudattiin suurl\u00e4hettil\u00e4\u00e4ksi <strong>Ulko-Mongoliaan<\/strong>, -ja sai pit\u00e4\u00e4 henkens\u00e4.<\/p>\n<p>-Mutta mit\u00e4s historiasta: Tehd\u00e4\u00e4n diili. <img loading=\"lazy\" decoding=\"async\" class=\"alignnone size-full wp-image-144\" src=\"https:\/\/www.uutispeili.fi\/wp-content\/uploads\/2023\/11\/di.gold_.gif\" alt=\"\" width=\"11\" height=\"11\" \/><\/p>\n<h2>Aiemmissa julkaisuissa:<\/h2>\n<p>11.08. 2025:<\/p>\n<blockquote class=\"wp-embedded-content\" data-secret=\"zhziWe14wb\"><p><a href=\"https:\/\/www.uutispeili.fi\/index.php\/2025\/08\/11\/hyokkayssotien-laillistaminen-saattaa-edeta-perjantaina-jaljet-eivat-lupaa-hyvaa\/\">Hy\u00f6kk\u00e4yssotien laillistaminen saattaa edet\u00e4 perjantaina, -j\u00e4ljet eiv\u00e4t lupaa hyv\u00e4\u00e4<\/a><\/p><\/blockquote>\n<p><iframe class=\"wp-embedded-content\" sandbox=\"allow-scripts\" security=\"restricted\" style=\"position: absolute; clip: rect(1px, 1px, 1px, 1px);\" title=\"&#8221;Hy\u00f6kk\u00e4yssotien laillistaminen saattaa edet\u00e4 perjantaina, -j\u00e4ljet eiv\u00e4t lupaa hyv\u00e4\u00e4&#8221; &#8212; \" src=\"https:\/\/www.uutispeili.fi\/index.php\/2025\/08\/11\/hyokkayssotien-laillistaminen-saattaa-edeta-perjantaina-jaljet-eivat-lupaa-hyvaa\/embed\/#?secret=GRv1mCyBOZ#?secret=zhziWe14wb\" data-secret=\"zhziWe14wb\" width=\"600\" height=\"338\" frameborder=\"0\" marginwidth=\"0\" marginheight=\"0\" scrolling=\"no\"><\/iframe><\/p>\n<p>19.02. 2025:<\/p>\n<blockquote class=\"wp-embedded-content\" data-secret=\"cGxcmrWfBv\"><p><a href=\"https:\/\/www.uutispeili.fi\/index.php\/2025\/02\/19\/saantoperustaisen-maailmanjarjestyksen-kuolema-joulukuussa-1939\/\">&#8217;S\u00e4\u00e4nt\u00f6perustaisen maailmanj\u00e4rjestyksen&#8217; kuolema joulukuussa 1939<\/a><\/p><\/blockquote>\n<p><iframe class=\"wp-embedded-content\" sandbox=\"allow-scripts\" security=\"restricted\" style=\"position: absolute; clip: rect(1px, 1px, 1px, 1px);\" title=\"&#8221;&#8217;S\u00e4\u00e4nt\u00f6perustaisen maailmanj\u00e4rjestyksen&#8217; kuolema joulukuussa 1939&#8221; &#8212; \" src=\"https:\/\/www.uutispeili.fi\/index.php\/2025\/02\/19\/saantoperustaisen-maailmanjarjestyksen-kuolema-joulukuussa-1939\/embed\/#?secret=j1pDIaxdHv#?secret=cGxcmrWfBv\" data-secret=\"cGxcmrWfBv\" width=\"600\" height=\"338\" frameborder=\"0\" marginwidth=\"0\" marginheight=\"0\" scrolling=\"no\"><\/iframe><\/p>\n<p>13.11. 2025:<\/p>\n<blockquote class=\"wp-embedded-content\" data-secret=\"LEtVCl63Cx\"><p><a href=\"https:\/\/www.uutispeili.fi\/index.php\/2025\/11\/13\/trump-puhui-voitonpaivasta-arlingtonissa\/\">Trump puhui &#8217;voitonp\u00e4iv\u00e4st\u00e4&#8217; Arlingtonissa<\/a><\/p><\/blockquote>\n<p><iframe class=\"wp-embedded-content\" sandbox=\"allow-scripts\" security=\"restricted\" style=\"position: absolute; clip: rect(1px, 1px, 1px, 1px);\" title=\"&#8221;Trump puhui &#8217;voitonp\u00e4iv\u00e4st\u00e4&#8217; Arlingtonissa&#8221; &#8212; \" src=\"https:\/\/www.uutispeili.fi\/index.php\/2025\/11\/13\/trump-puhui-voitonpaivasta-arlingtonissa\/embed\/#?secret=QyvRb1PucK#?secret=LEtVCl63Cx\" data-secret=\"LEtVCl63Cx\" width=\"600\" height=\"338\" frameborder=\"0\" marginwidth=\"0\" marginheight=\"0\" scrolling=\"no\"><\/iframe><\/p>\n<p>30.08. 2025:<\/p>\n<blockquote class=\"wp-embedded-content\" data-secret=\"tPQFciIo38\"><p><a href=\"https:\/\/www.uutispeili.fi\/index.php\/2025\/08\/30\/portugalin-presidentti-sanoo-trump-neuvostoliiton-voimavara\/\">Portugalin presidentti sanoo: Trump &#8221;Neuvostoliiton voimavara&#8221;<\/a><\/p><\/blockquote>\n<p><iframe class=\"wp-embedded-content\" sandbox=\"allow-scripts\" security=\"restricted\" style=\"position: absolute; clip: rect(1px, 1px, 1px, 1px);\" title=\"&#8221;Portugalin presidentti sanoo: Trump &#8221;Neuvostoliiton voimavara&#8221;&#8221; &#8212; \" src=\"https:\/\/www.uutispeili.fi\/index.php\/2025\/08\/30\/portugalin-presidentti-sanoo-trump-neuvostoliiton-voimavara\/embed\/#?secret=OvaDd4IOJs#?secret=tPQFciIo38\" data-secret=\"tPQFciIo38\" width=\"600\" height=\"338\" frameborder=\"0\" marginwidth=\"0\" marginheight=\"0\" scrolling=\"no\"><\/iframe><\/p>\n<p>11.06. 2025:<\/p>\n<blockquote class=\"wp-embedded-content\" data-secret=\"QnjS81DNps\"><p><a href=\"https:\/\/www.uutispeili.fi\/index.php\/2025\/06\/21\/trumpin-rekry-paallikko-ohitti-turvallisuuselvityksen-mika-voisi-menna-vikaan\/\">Trumpin rekry-p\u00e4\u00e4llikk\u00f6 ohitti turvallisuuselvityksen, -&#8221;Mik\u00e4 voisi menn\u00e4 vikaan?&#8221;<\/a><\/p><\/blockquote>\n<p><iframe class=\"wp-embedded-content\" sandbox=\"allow-scripts\" security=\"restricted\" style=\"position: absolute; clip: rect(1px, 1px, 1px, 1px);\" title=\"&#8221;Trumpin rekry-p\u00e4\u00e4llikk\u00f6 ohitti turvallisuuselvityksen, -&#8221;Mik\u00e4 voisi menn\u00e4 vikaan?&#8221;&#8221; &#8212; \" src=\"https:\/\/www.uutispeili.fi\/index.php\/2025\/06\/21\/trumpin-rekry-paallikko-ohitti-turvallisuuselvityksen-mika-voisi-menna-vikaan\/embed\/#?secret=qWddqKgqfA#?secret=QnjS81DNps\" data-secret=\"QnjS81DNps\" width=\"600\" height=\"338\" frameborder=\"0\" marginwidth=\"0\" marginheight=\"0\" scrolling=\"no\"><\/iframe><\/p>\n<p>19.03. 2025:<\/p>\n<blockquote class=\"wp-embedded-content\" data-secret=\"pyND9bhjUu\"><p><a href=\"https:\/\/www.uutispeili.fi\/index.php\/2025\/03\/19\/walesa-to-trump-your-excellency-mr-president\/\">Walesa to Trump: Your Excellency, Mr. President&#8230;<\/a><\/p><\/blockquote>\n<p><iframe class=\"wp-embedded-content\" sandbox=\"allow-scripts\" security=\"restricted\" style=\"position: absolute; clip: rect(1px, 1px, 1px, 1px);\" title=\"&#8221;Walesa to Trump: Your Excellency, Mr. President&#8230;&#8221; &#8212; \" src=\"https:\/\/www.uutispeili.fi\/index.php\/2025\/03\/19\/walesa-to-trump-your-excellency-mr-president\/embed\/#?secret=BDuyWk2ZiU#?secret=pyND9bhjUu\" data-secret=\"pyND9bhjUu\" width=\"600\" height=\"338\" frameborder=\"0\" marginwidth=\"0\" marginheight=\"0\" scrolling=\"no\"><\/iframe><\/p>\n<p>11.03. 2025:<\/p>\n<blockquote class=\"wp-embedded-content\" data-secret=\"sxQ0WYoCBQ\"><p><a href=\"https:\/\/www.uutispeili.fi\/index.php\/2025\/03\/11\/kyiv-post-tanaan-trump-suostumassa-putinin-rauhansuunnitelmaan\/\">Kyiv Post t\u00e4n\u00e4\u00e4n: Trump suostumassa Putinin rauhansuunnitelmaan<\/a><\/p><\/blockquote>\n<p><iframe class=\"wp-embedded-content\" sandbox=\"allow-scripts\" security=\"restricted\" style=\"position: absolute; clip: rect(1px, 1px, 1px, 1px);\" title=\"&#8221;Kyiv Post t\u00e4n\u00e4\u00e4n: Trump suostumassa Putinin rauhansuunnitelmaan&#8221; &#8212; \" src=\"https:\/\/www.uutispeili.fi\/index.php\/2025\/03\/11\/kyiv-post-tanaan-trump-suostumassa-putinin-rauhansuunnitelmaan\/embed\/#?secret=yKEkocXzAO#?secret=sxQ0WYoCBQ\" data-secret=\"sxQ0WYoCBQ\" width=\"600\" height=\"338\" frameborder=\"0\" marginwidth=\"0\" marginheight=\"0\" scrolling=\"no\"><\/iframe><\/p>\n<p>17.02. 2025:<\/p>\n<blockquote class=\"wp-embedded-content\" data-secret=\"YJiQt5QTkT\"><p><a href=\"https:\/\/www.uutispeili.fi\/index.php\/2025\/02\/15\/trumpin-valinta-kansallisen-tiedustelun-odnin-johtoon-saattaa-olla-kriittinen-yhdysvaltain-turvallisuudelle\/\">Trumpin valinta kansallisen tiedustelun -ODNI:n- johtoon saattaa olla kriittinen Yhdysvaltain turvallisuudelle<\/a><\/p><\/blockquote>\n<p><iframe class=\"wp-embedded-content\" sandbox=\"allow-scripts\" security=\"restricted\" style=\"position: absolute; clip: rect(1px, 1px, 1px, 1px);\" title=\"&#8221;Trumpin valinta kansallisen tiedustelun -ODNI:n- johtoon saattaa olla kriittinen Yhdysvaltain turvallisuudelle&#8221; &#8212; \" src=\"https:\/\/www.uutispeili.fi\/index.php\/2025\/02\/15\/trumpin-valinta-kansallisen-tiedustelun-odnin-johtoon-saattaa-olla-kriittinen-yhdysvaltain-turvallisuudelle\/embed\/#?secret=JaSehMKgKz#?secret=YJiQt5QTkT\" data-secret=\"YJiQt5QTkT\" width=\"600\" height=\"338\" frameborder=\"0\" marginwidth=\"0\" marginheight=\"0\" scrolling=\"no\"><\/iframe><\/p>\n<p>07.10. 2024:<\/p>\n<blockquote class=\"wp-embedded-content\" data-secret=\"Cn3lhjardC\"><p><a href=\"https:\/\/www.uutispeili.fi\/index.php\/2024\/11\/07\/lopettaako-trump-sodan-24ssa-tunnissa\/\">Lopettaako Trump sodan 24:ss\u00e4 tunnissa?<\/a><\/p><\/blockquote>\n<p><iframe class=\"wp-embedded-content\" sandbox=\"allow-scripts\" security=\"restricted\" style=\"position: absolute; clip: rect(1px, 1px, 1px, 1px);\" title=\"&#8221;Lopettaako Trump sodan 24:ss\u00e4 tunnissa?&#8221; &#8212; \" src=\"https:\/\/www.uutispeili.fi\/index.php\/2024\/11\/07\/lopettaako-trump-sodan-24ssa-tunnissa\/embed\/#?secret=dgQgxYXfZp#?secret=Cn3lhjardC\" data-secret=\"Cn3lhjardC\" width=\"600\" height=\"338\" frameborder=\"0\" marginwidth=\"0\" marginheight=\"0\" scrolling=\"no\"><\/iframe><\/p>\n<p>11.11. 2025:<\/p>\n<blockquote class=\"wp-embedded-content\" data-secret=\"MjagGOs5f5\"><p><a href=\"https:\/\/www.uutispeili.fi\/index.php\/2025\/11\/11\/yhdysvallat-vaatii-lievennyksia-ykn-ukrainaa-koskevaan-venajaa-moittivaan-paatoslauselmaan\/\">Yhdysvallat vaatii lievennyksi\u00e4 YK:n Ukrainaa koskevaan Ven\u00e4j\u00e4\u00e4 moittivaan p\u00e4\u00e4t\u00f6slauselmaan<\/a><\/p><\/blockquote>\n<p><iframe class=\"wp-embedded-content\" sandbox=\"allow-scripts\" security=\"restricted\" style=\"position: absolute; clip: rect(1px, 1px, 1px, 1px);\" title=\"&#8221;Yhdysvallat vaatii lievennyksi\u00e4 YK:n Ukrainaa koskevaan Ven\u00e4j\u00e4\u00e4 moittivaan p\u00e4\u00e4t\u00f6slauselmaan&#8221; &#8212; \" src=\"https:\/\/www.uutispeili.fi\/index.php\/2025\/11\/11\/yhdysvallat-vaatii-lievennyksia-ykn-ukrainaa-koskevaan-venajaa-moittivaan-paatoslauselmaan\/embed\/#?secret=kdbgKuxhTX#?secret=MjagGOs5f5\" data-secret=\"MjagGOs5f5\" width=\"600\" height=\"338\" frameborder=\"0\" marginwidth=\"0\" marginheight=\"0\" scrolling=\"no\"><\/iframe><\/p>\n<p>09.11. 2025:<\/p>\n<blockquote class=\"wp-embedded-content\" data-secret=\"k0lFGj7hVP\"><p><a href=\"https:\/\/www.uutispeili.fi\/index.php\/2025\/11\/09\/miten-putinistinen-venaja-kayttaa-kristilliskonservatiiveja-valtansa-laajentamiseen-lue-ja-hammasty\/\">Miten putinistinen Ven\u00e4j\u00e4 k\u00e4ytt\u00e4\u00e4 kristilliskonservatiiveja valtansa laajentamiseen, -lue ja h\u00e4mm\u00e4sty<\/a><\/p><\/blockquote>\n<p><iframe class=\"wp-embedded-content\" sandbox=\"allow-scripts\" security=\"restricted\" style=\"position: absolute; clip: rect(1px, 1px, 1px, 1px);\" title=\"&#8221;Miten putinistinen Ven\u00e4j\u00e4 k\u00e4ytt\u00e4\u00e4 kristilliskonservatiiveja valtansa laajentamiseen, -lue ja h\u00e4mm\u00e4sty&#8221; &#8212; \" src=\"https:\/\/www.uutispeili.fi\/index.php\/2025\/11\/09\/miten-putinistinen-venaja-kayttaa-kristilliskonservatiiveja-valtansa-laajentamiseen-lue-ja-hammasty\/embed\/#?secret=zzEwsYBzDs#?secret=k0lFGj7hVP\" data-secret=\"k0lFGj7hVP\" width=\"600\" height=\"338\" frameborder=\"0\" marginwidth=\"0\" marginheight=\"0\" scrolling=\"no\"><\/iframe><\/p>\n","protected":false},"excerpt":{"rendered":"<p>T\u00e4n\u00e4\u00e4n olemme jo ehtineet kuulla arviot Trumpin ja Ven\u00e4j\u00e4n itsevaltaisen johtajan -Putinin- &#8221;diilist\u00e4&#8221;, joka palkitsee Ven\u00e4j\u00e4n hy\u00f6kk\u00e4yssodan aloittamisesta -rohkaisten esimerkin seuraajia- ja j\u00e4tt\u00e4\u00e4 Ukrainan tulevien uhkailujen ja kiristysten armoille. Viimevuosisadalta emme muista varoittavaa esimerkki\u00e4, kuinka k\u00e4y kun laajentumishaluiselle diktaattorille annetaan my\u00f6nnytyksi\u00e4 my\u00f6nnytysten per\u00e4\u00e4n. otsikkokuvan taustalla seisovatkin Neuvostoliiton ulkoministeri Vjastsheslav Molotov (oikealla) ja saksalainen kollegansa Joachim [&hellip;]<\/p>\n","protected":false},"author":3,"featured_media":9503,"comment_status":"open","ping_status":"open","sticky":false,"template":"","format":"standard","meta":{"footnotes":""},"categories":[31,71,116,74,127],"tags":[],"_links":{"self":[{"href":"https:\/\/www.uutispeili.fi\/index.php\/wp-json\/wp\/v2\/posts\/9502"}],"collection":[{"href":"https:\/\/www.uutispeili.fi\/index.php\/wp-json\/wp\/v2\/posts"}],"about":[{"href":"https:\/\/www.uutispeili.fi\/index.php\/wp-json\/wp\/v2\/types\/post"}],"author":[{"embeddable":true,"href":"https:\/\/www.uutispeili.fi\/index.php\/wp-json\/wp\/v2\/users\/3"}],"replies":[{"embeddable":true,"href":"https:\/\/www.uutispeili.fi\/index.php\/wp-json\/wp\/v2\/comments?post=9502"}],"version-history":[{"count":5,"href":"https:\/\/www.uutispeili.fi\/index.php\/wp-json\/wp\/v2\/posts\/9502\/revisions"}],"predecessor-version":[{"id":9510,"href":"https:\/\/www.uutispeili.fi\/index.php\/wp-json\/wp\/v2\/posts\/9502\/revisions\/9510"}],"wp:featuredmedia":[{"embeddable":true,"href":"https:\/\/www.uutispeili.fi\/index.php\/wp-json\/wp\/v2\/media\/9503"}],"wp:attachment":[{"href":"https:\/\/www.uutispeili.fi\/index.php\/wp-json\/wp\/v2\/media?parent=9502"}],"wp:term":[{"taxonomy":"category","embeddable":true,"href":"https:\/\/www.uutispeili.fi\/index.php\/wp-json\/wp\/v2\/categories?post=9502"},{"taxonomy":"post_tag","embeddable":true,"href":"https:\/\/www.uutispeili.fi\/index.php\/wp-json\/wp\/v2\/tags?post=9502"}],"curies":[{"name":"wp","href":"https:\/\/api.w.org\/{rel}","templated":true}]}}