{"id":9453,"date":"2025-11-18T16:09:37","date_gmt":"2025-11-18T14:09:37","guid":{"rendered":"https:\/\/www.uutispeili.fi\/?p=9453"},"modified":"2025-11-18T16:09:37","modified_gmt":"2025-11-18T14:09:37","slug":"terrorismilainsaadanto-uudistuu","status":"publish","type":"post","link":"https:\/\/www.uutispeili.fi\/index.php\/2025\/11\/18\/terrorismilainsaadanto-uudistuu\/","title":{"rendered":"Terrorismilains\u00e4\u00e4d\u00e4nt\u00f6 uudistuu"},"content":{"rendered":"<p><strong>T\u00e4n\u00e4\u00e4n tiistaina. eduskunnan t\u00e4ysistunnon l\u00e4hetekeskustelussa k\u00e4siteltiin oikeusministeri Leena Meren esittelem\u00e4n\u00e4 terrorismilains\u00e4\u00e4d\u00e4nn\u00f6n kokonaisuudistusta.<\/strong><\/p>\n<p>Uudistuksen my\u00f6t\u00e4 s\u00e4\u00e4ntely\u00e4 selkeytet\u00e4\u00e4n ja perussuomalaisten linjan mukaisesti osa terrorismirikosten rangaistuksista kovenee ja rangaistavuuden ala laajenee.<\/p>\n<blockquote><p>\u201dT\u00e4ll\u00e4 lailla tilkit\u00e4\u00e4n aukkoja lains\u00e4\u00e4d\u00e4nn\u00f6st\u00e4, jotta jokainen terroritekoihin osallistunut joutuisi jatkossa vastuuseen,\u201d lakivaliokunnan puheenjohtaja <strong>Juho Eerola<\/strong> tokaisee.<\/p><\/blockquote>\n<p>Hallituksen esityksess\u00e4 pyrit\u00e4\u00e4n puuttumaan muun muassa terroristiseen vierastaistelijailmi\u00f6\u00f6n tekem\u00e4ll\u00e4 rangaistavaksi sen, ett\u00e4 henkil\u00f6 oleskelee valtiossa, jonka kansalainen h\u00e4n ei ole tai jossa h\u00e4n ei pysyv\u00e4sti asu, tehd\u00e4kseen siell\u00e4 terroristisen rikoksen. Rikosoikeudellinen vastuu voisi jatkossa koskea my\u00f6s terroristij\u00e4rjest\u00f6ss\u00e4 toimivan henkil\u00f6n perheenj\u00e4sent\u00e4.<\/p>\n<blockquote><p>\u201d<strong>ISIS-\u00e4idit<\/strong> p\u00e4\u00e4siv\u00e4t Suomessa kuin koira ver\u00e4j\u00e4st\u00e4. T\u00e4llainen tilanne ei saa toistua,\u201d toteaa lakivaliokunnan j\u00e4sen <strong>Rami Lehtinen<\/strong>.<\/p><\/blockquote>\n<p>Terroristisessa tarkoituksessa tehtyjen rikosten joukkoon lis\u00e4tt\u00e4isiin t\u00f6rke\u00e4 vapaudenriisto, t\u00f6rke\u00e4 raiskaus, t\u00f6rke\u00e4 ry\u00f6st\u00f6 ja t\u00f6rke\u00e4 lapsenraiskaus.<\/p>\n<p>Lakivaliokunnan j\u00e4sen <strong>Pekka Aittakumpu<\/strong> pit\u00e4\u00e4 uudistusta v\u00e4ltt\u00e4m\u00e4tt\u00f6m\u00e4n\u00e4.<\/p>\n<blockquote><p>\u201dSuomen lains\u00e4\u00e4d\u00e4nt\u00f6 ei ole aiemmin onnistunut kattamaan terrorismin todellisuutta sen l\u00e4ht\u00f6maissa.\u201d<\/p><\/blockquote>\n<p>Rangaistavaksi tulisi my\u00f6s se, ett\u00e4 henkil\u00f6 matkustaa toiseen valtioon terroristisen matkustamisen edist\u00e4mist\u00e4 varten tai yritt\u00e4\u00e4 antaa terroristista koulutusta.<\/p>\n<p>\u201d<em>Terrorismi on yh\u00e4 vahvemmin l\u00e4sn\u00e4 my\u00f6s Suomessa,<\/em>\u201d kertoo <strong>Joakim Vigelius<\/strong> ja muistuttaa <strong>Supo<\/strong>n arvioineen terrorismin uhan Suomessa olevan t\u00e4ll\u00e4 hetkell\u00e4 viisiportaisella asteikolla kolme. Samantasoisen arvion <strong>S\u00e4po<\/strong> on tehnyt <strong>Ruotsin<\/strong> tilanteesta.<\/p>\n<blockquote><p>\u201dMeill\u00e4 ei ole varaa terroristien kanssa lepsuiluun\u201d, muistuttaa Vigelius<strong>. <img loading=\"lazy\" decoding=\"async\" class=\"alignnone size-full wp-image-144\" src=\"https:\/\/www.uutispeili.fi\/wp-content\/uploads\/2023\/11\/di.gold_.gif\" alt=\"\" width=\"11\" height=\"11\" \/><\/strong><\/p><\/blockquote>\n","protected":false},"excerpt":{"rendered":"<p>T\u00e4n\u00e4\u00e4n tiistaina. eduskunnan t\u00e4ysistunnon l\u00e4hetekeskustelussa k\u00e4siteltiin oikeusministeri Leena Meren esittelem\u00e4n\u00e4 terrorismilains\u00e4\u00e4d\u00e4nn\u00f6n kokonaisuudistusta. Uudistuksen my\u00f6t\u00e4 s\u00e4\u00e4ntely\u00e4 selkeytet\u00e4\u00e4n ja perussuomalaisten linjan mukaisesti osa terrorismirikosten rangaistuksista kovenee ja rangaistavuuden ala laajenee. \u201dT\u00e4ll\u00e4 lailla tilkit\u00e4\u00e4n aukkoja lains\u00e4\u00e4d\u00e4nn\u00f6st\u00e4, jotta jokainen terroritekoihin osallistunut joutuisi jatkossa vastuuseen,\u201d lakivaliokunnan puheenjohtaja Juho Eerola tokaisee. Hallituksen esityksess\u00e4 pyrit\u00e4\u00e4n puuttumaan muun muassa terroristiseen vierastaistelijailmi\u00f6\u00f6n tekem\u00e4ll\u00e4 rangaistavaksi [&hellip;]<\/p>\n","protected":false},"author":3,"featured_media":5458,"comment_status":"open","ping_status":"open","sticky":false,"template":"","format":"standard","meta":{"footnotes":""},"categories":[49,25,80],"tags":[],"_links":{"self":[{"href":"https:\/\/www.uutispeili.fi\/index.php\/wp-json\/wp\/v2\/posts\/9453"}],"collection":[{"href":"https:\/\/www.uutispeili.fi\/index.php\/wp-json\/wp\/v2\/posts"}],"about":[{"href":"https:\/\/www.uutispeili.fi\/index.php\/wp-json\/wp\/v2\/types\/post"}],"author":[{"embeddable":true,"href":"https:\/\/www.uutispeili.fi\/index.php\/wp-json\/wp\/v2\/users\/3"}],"replies":[{"embeddable":true,"href":"https:\/\/www.uutispeili.fi\/index.php\/wp-json\/wp\/v2\/comments?post=9453"}],"version-history":[{"count":1,"href":"https:\/\/www.uutispeili.fi\/index.php\/wp-json\/wp\/v2\/posts\/9453\/revisions"}],"predecessor-version":[{"id":9454,"href":"https:\/\/www.uutispeili.fi\/index.php\/wp-json\/wp\/v2\/posts\/9453\/revisions\/9454"}],"wp:featuredmedia":[{"embeddable":true,"href":"https:\/\/www.uutispeili.fi\/index.php\/wp-json\/wp\/v2\/media\/5458"}],"wp:attachment":[{"href":"https:\/\/www.uutispeili.fi\/index.php\/wp-json\/wp\/v2\/media?parent=9453"}],"wp:term":[{"taxonomy":"category","embeddable":true,"href":"https:\/\/www.uutispeili.fi\/index.php\/wp-json\/wp\/v2\/categories?post=9453"},{"taxonomy":"post_tag","embeddable":true,"href":"https:\/\/www.uutispeili.fi\/index.php\/wp-json\/wp\/v2\/tags?post=9453"}],"curies":[{"name":"wp","href":"https:\/\/api.w.org\/{rel}","templated":true}]}}