{"id":9363,"date":"2025-11-13T17:39:21","date_gmt":"2025-11-13T15:39:21","guid":{"rendered":"https:\/\/www.uutispeili.fi\/?p=9363"},"modified":"2025-11-13T17:39:22","modified_gmt":"2025-11-13T15:39:22","slug":"tuulivoimaloiden-turvaetaisyydet-haittaavat-siirtymista-puhtaaseen-energiaan","status":"publish","type":"post","link":"https:\/\/www.uutispeili.fi\/index.php\/2025\/11\/13\/tuulivoimaloiden-turvaetaisyydet-haittaavat-siirtymista-puhtaaseen-energiaan\/","title":{"rendered":"Tuulivoimaloiden turvaet\u00e4isyydet haittaavat siirtymist\u00e4 puhtaaseen energiaan"},"content":{"rendered":"<p><strong>SDP valitti eduskunnan kyselytunnilla tuulivoimaloille suunnitelluista &#8221;<em>turvaet\u00e4isyyksi\u00e4<\/em>&#8221;.<\/strong><\/p>\n<p>(Kuval\u00e4hde: Eduskunta, 13.11. 2025.)<\/p>\n<p>Tiukennukset et\u00e4isyyksiin tarkoittavat sit\u00e4, ett\u00e4 maisemat pysyv\u00e4t maisemina, ja ett\u00e4 tuulivoimaloista l\u00e4htev\u00e4 kova \u00e4\u00e4ni, joka ymm\u00e4rrett\u00e4v\u00e4sti haittaa paikallisten el\u00e4m\u00e4\u00e4. vaimennettaisiin mahdollisimman alhaiseksi. <strong>SDP<\/strong>:n mielest\u00e4 nuo ovat pieni\u00e4 haittoja siihen n\u00e4hden, ett\u00e4 tuulivoimaa voidaan lis\u00e4t\u00e4 tuntuvasti.<\/p>\n<p>Ymp\u00e4rist\u00f6ministeri <strong>Sari Multala<\/strong> (Kokoomus) vastasi, ett\u00e4 hallitus ei miss\u00e4\u00e4n nimess\u00e4 halua haitata investointeja, mutta turvaet\u00e4isyyksiin h\u00e4n ei ottanut kantaa. Turvae\u00e4isyyskysymys onkin <strong>Perussuomalaisten<\/strong> esiinnostama asia, mutta heid\u00e4n ministereist\u00e4\u00e4n ei kysymykseen kukaan vastannut. Koska sit\u00e4 ei yhdelt\u00e4k\u00e4\u00e4n heist\u00e4 kysytty. Ilmeisesti oli kysyj\u00e4n tarkoituksena saada Multala moittimaan hallituskumppania.<\/p>\n<h2>Keskusta kiisti yritysverotuksen tuntuvan kevent\u00e4misen hy\u00f6dyt<\/h2>\n<p><strong>Keskustan<\/strong> puheenjohtaja <strong>Antti Kaikkonen<\/strong> v\u00e4itti, ett\u00e4 my\u00f6sk\u00e4\u00e4n tutkijoiden tai ja muiden asiantuntijoiden mukaan <strong><em>matala yhteis\u00f6vero<\/em><\/strong> ei todellakaan ole paras kasvun moottori.<\/p>\n<p>P\u00e4\u00e4ministeri <strong>Petteri Orpo<\/strong> (Kokoomus) puolestaan vakuutti, ett\u00e4 hallituksella on vankka n\u00e4kemys ensinn\u00e4kin siit\u00e4, ett\u00e4 matalampaan yhteis\u00f6veroon on ment\u00e4v\u00e4, koska se mahdollistaa yritysten rohkeamman investointihalukkuuden. Orpo puolusti my\u00f6s sit\u00e4, ett\u00e4 parempituloisten verotusta kevennet\u00e4\u00e4n, koska he maksavat ylivoimaisesti suurimman osa veroista.<\/p>\n<blockquote><p>T\u00e4m\u00e4 kielt\u00e4m\u00e4tt\u00e4 n\u00e4kyi eilen julkaistuissa suomalaisten verotuloissa, joiden perusteella 15 %:a tavalla tai toisella rikastuneista maksaa veroista 60 %:a.<\/p><\/blockquote>\n<p><strong>Virossa<\/strong> yritysverokysymys on ratkaistu niin, ett\u00e4 yrityksen voitosta veroja maksetaan muusta paitsi sen tekemist\u00e4 investoinneista. Ajoittain t\u00e4m\u00e4 malli on ollut my\u00f6s eduskunnassa keskustelussa, ja Orpon hallitus sit\u00e4 kuulemma tutkii, mutta &#8221;<em>hitaita ovat herrojen kiireet<\/em>&#8221;, sill\u00e4 niin liike-el\u00e4m\u00e4n kuin politiikkojenkin tajuntaan asian nosti suomalainen, mallin kehitt\u00e4j\u00e4 rakennus- ja logistiikka-alan yritt\u00e4j\u00e4 <strong>Ahti Hanhirova<\/strong> vuonna 1972, ja siis viel\u00e4kin yli 50 vuotta my\u00f6hemmin -Virossa varsin tehokkaasti toiminut- verotussysteemi on &#8221;<em>vaiheessa<\/em>&#8221; Suomessa.<\/p>\n<h2>Keskusta varoitteli viljelij\u00e4kapinasta<\/h2>\n<p><strong>Somerolla<\/strong> j\u00e4rjestettiin pari kuukautta sitten viljelij\u00f6iden kokous, jossa paikalla olleiden kansanedustajien mukaan tunnelma oli vihainen, sill\u00e4 kauppa vie vain yh\u00e4 enemm\u00e4n viljelij\u00e4n ty\u00f6n tuloksista. Paikalla oli yli 800 viljelij\u00e4\u00e4.<\/p>\n<p>Maa- ja mets\u00e4talousministeri <strong>Sari Essayah<\/strong> (KD) yhtyi keskustalaisten ja viljelij\u00f6iden huoleen: H\u00e4n mm. kertoi, ett\u00e4 samaan aikaan, kun tuki viljelij\u00f6ille on kohonnut 3 %:a, niin viimeisen yhdeks\u00e4n vuoden aikana viljanhinta on pudonnut 19 %:a. -T\u00e4m\u00e4 on sik\u00e4likin Essayahin mielest\u00e4 hieman outoa, ett\u00e4 kuitenkin viimeiset kahdeksan (8) maatalousministeri\u00e4 ovat olleet keskustalaisia.<\/p>\n<p>Mit\u00e4 taas kauppaan tulee, eli l\u00e4hinn\u00e4 <strong>K-kaupan<\/strong> ja <strong>S-ryhm\u00e4n<\/strong> maksamiin surkeina pidettyihin korvauksiin, niin kummastuttavaa on, ,ett\u00e4 varsinkin maakuntien Osuuskauppojen p\u00e4\u00e4tt\u00e4j\u00e4porras -eli edustajistot, hallintoneuvostot ja hallitukset- ovat keskustalaisten miehitt\u00e4mi\u00e4, -suurelta osin. On siis perusteltua kysy\u00e4 miksi Keskusta ei pid\u00e4 peruskannattajakuntansa puolia?<\/p>\n<p>Yleisesti ottaen &#8221;<em>kaamosv\u00e4symys<\/em>&#8221; n\u00e4ytti vaivaavan t\u00e4m\u00e4n viikon kyselytuntia, Se ei &#8221;<em>l\u00e4htenyt lentoon<\/em>&#8221; oikein miss\u00e4\u00e4n vaiheessa. -Ehk\u00e4 sitten taas ensi viikolla.<\/p>\n<p>Seppo Huhta<\/p>\n","protected":false},"excerpt":{"rendered":"<p>SDP valitti eduskunnan kyselytunnilla tuulivoimaloille suunnitelluista &#8221;turvaet\u00e4isyyksi\u00e4&#8221;. (Kuval\u00e4hde: Eduskunta, 13.11. 2025.) Tiukennukset et\u00e4isyyksiin tarkoittavat sit\u00e4, ett\u00e4 maisemat pysyv\u00e4t maisemina, ja ett\u00e4 tuulivoimaloista l\u00e4htev\u00e4 kova \u00e4\u00e4ni, joka ymm\u00e4rrett\u00e4v\u00e4sti haittaa paikallisten el\u00e4m\u00e4\u00e4. vaimennettaisiin mahdollisimman alhaiseksi. SDP:n mielest\u00e4 nuo ovat pieni\u00e4 haittoja siihen n\u00e4hden, ett\u00e4 tuulivoimaa voidaan lis\u00e4t\u00e4 tuntuvasti. Ymp\u00e4rist\u00f6ministeri Sari Multala (Kokoomus) vastasi, ett\u00e4 hallitus ei miss\u00e4\u00e4n [&hellip;]<\/p>\n","protected":false},"author":5,"featured_media":9365,"comment_status":"open","ping_status":"open","sticky":false,"template":"","format":"standard","meta":{"footnotes":""},"categories":[49],"tags":[],"_links":{"self":[{"href":"https:\/\/www.uutispeili.fi\/index.php\/wp-json\/wp\/v2\/posts\/9363"}],"collection":[{"href":"https:\/\/www.uutispeili.fi\/index.php\/wp-json\/wp\/v2\/posts"}],"about":[{"href":"https:\/\/www.uutispeili.fi\/index.php\/wp-json\/wp\/v2\/types\/post"}],"author":[{"embeddable":true,"href":"https:\/\/www.uutispeili.fi\/index.php\/wp-json\/wp\/v2\/users\/5"}],"replies":[{"embeddable":true,"href":"https:\/\/www.uutispeili.fi\/index.php\/wp-json\/wp\/v2\/comments?post=9363"}],"version-history":[{"count":1,"href":"https:\/\/www.uutispeili.fi\/index.php\/wp-json\/wp\/v2\/posts\/9363\/revisions"}],"predecessor-version":[{"id":9366,"href":"https:\/\/www.uutispeili.fi\/index.php\/wp-json\/wp\/v2\/posts\/9363\/revisions\/9366"}],"wp:featuredmedia":[{"embeddable":true,"href":"https:\/\/www.uutispeili.fi\/index.php\/wp-json\/wp\/v2\/media\/9365"}],"wp:attachment":[{"href":"https:\/\/www.uutispeili.fi\/index.php\/wp-json\/wp\/v2\/media?parent=9363"}],"wp:term":[{"taxonomy":"category","embeddable":true,"href":"https:\/\/www.uutispeili.fi\/index.php\/wp-json\/wp\/v2\/categories?post=9363"},{"taxonomy":"post_tag","embeddable":true,"href":"https:\/\/www.uutispeili.fi\/index.php\/wp-json\/wp\/v2\/tags?post=9363"}],"curies":[{"name":"wp","href":"https:\/\/api.w.org\/{rel}","templated":true}]}}