{"id":9318,"date":"2025-11-11T22:39:08","date_gmt":"2025-11-11T20:39:08","guid":{"rendered":"https:\/\/www.uutispeili.fi\/?p=9318"},"modified":"2025-11-11T22:47:49","modified_gmt":"2025-11-11T20:47:49","slug":"timo-vornasen-1-karajapaiva","status":"publish","type":"post","link":"https:\/\/www.uutispeili.fi\/index.php\/2025\/11\/11\/timo-vornasen-1-karajapaiva\/","title":{"rendered":"Timo Vornasen 1. k\u00e4r\u00e4j\u00e4p\u00e4iv\u00e4"},"content":{"rendered":"<p><strong>Kansanedustaja Timo Vornanen (oma ryhm\u00e4) raportoi k\u00e4r\u00e4jilt\u00e4.<\/strong><\/p>\n<p>(Arkistokuva, kuval\u00e4hde: Eduskunta.)<\/p>\n<p>&#8221;Varsinainen t\u00e4lle p\u00e4iv\u00e4lle ajattelemani p\u00e4ivitys on hieman kesken, kun muiden pikku kiireiden vuoksi en ehtinyt sit\u00e4 t\u00e4n\u00e4\u00e4n loppuun asti ty\u00f6st\u00e4m\u00e4\u00e4n. Mutta laitetaan t\u00e4m\u00e4.<\/p>\n<p>Lupasin p\u00e4ivityksen ja silloin jotain my\u00f6s saatte. T\u00e4m\u00e4n p\u00e4iv\u00e4n teemaan liittyen\u2026<\/p>\n<p>Kun jutun osallinen &#8221;<strong><em>S&#8221;<\/em><\/strong> oli ravintolan sis\u00e4ll\u00e4 uhkaillut minua ja perhett\u00e4ni tappamisella soitin ravintolasta h\u00e4t\u00e4puhelun klo 04.01. Pyysin h\u00e4t\u00e4keskusp\u00e4ivyst\u00e4j\u00e4\u00e4 l\u00e4hett\u00e4m\u00e4\u00e4n <strong>poliisipartiota<\/strong> paikalle, ajatukseni oli mm. todentaa uhkailijan henkil\u00f6llisyys.<\/p>\n<p>T\u00e4m\u00e4n h\u00e4t\u00e4puhelun lopuksi h\u00e4t\u00e4keskusp\u00e4ivyst\u00e4j\u00e4 lupasi l\u00e4hett\u00e4\u00e4 partion.<\/p>\n<p>Kun ravintola sulkeutui ja henkil\u00f6kunta ohjasi asiakkaat ulos, <em>siirryin odottamaan ravintolan edustalle<\/em> t\u00e4t\u00e4 tilaamaani poliisipartiota.<\/p>\n<h2>&#8217;T\u00e4t\u00e4 tilaamaani poliisipartiota ei koskaan tullut&#8217;<\/h2>\n<p>Asiaa selvitt\u00e4ess\u00e4ni on ilmennyt, ett\u00e4 h\u00e4t\u00e4puhelustani tehty teht\u00e4v\u00e4ilmoitus on ollut H\u00e4t\u00e4keskuksessa LUONNOS VAIHEESSA aina sinne asti, kun tilanne eskaloitui ravintolan edustalla ja asiasta tuli uusi h\u00e4t\u00e4puhelu klo 04.16.<\/p>\n<blockquote><p>Eli teht\u00e4v\u00e4\u00e4 ei ole v\u00e4litetty poliisipartiolle, eik\u00e4 poliisin kentt\u00e4johtajalle, eik\u00e4 tilaamani partio siksi tullut.<\/p><\/blockquote>\n<p>Asiaa koskevaan tietopyynt\u00f6\u00f6ni Helsingin poliisilaitos on antanut seuraavan vastauksen:<br \/>\n\u201d<em> Hei,<\/em><br \/>\n<em>Olet kysynyt, onko h\u00e4t\u00e4keskus v\u00e4litt\u00e4nyt 26.4.2024 klo 04.01 soitetun h\u00e4t\u00e4puhelunne perusteella teht\u00e4v\u00e4n polisiin kentt\u00e4johtajalle, sek\u00e4 muita yksityiskohtia teht\u00e4v\u00e4n k\u00e4sittelyss\u00e4.<\/em><br \/>\n<em>Vastauksena kysymyksiinne voidaan todeta, ett\u00e4 teht\u00e4v\u00e4\u00e4 ei ole tietoj\u00e4rjestelm\u00e4kirjausten perusteella v\u00e4litetty kentt\u00e4johtajalla tai kenell\u00e4k\u00e4\u00e4n muullekaan poliisille.<\/em><\/p>\n<p><em>H\u00e4t\u00e4keskus oli kirjaus vaiheessa luokitellut teht\u00e4v\u00e4n luonnoksen B-kiireellisyysluokkaan, mutta teht\u00e4v\u00e4\u00e4 ei koskaan v\u00e4litetty poliisille, vaan se yhdistettiin 04.16 soitetun puhelun perusteella tehtyyn teht\u00e4v\u00e4\u00e4n.<\/em><\/p>\n<p><em>Teht\u00e4v\u00e4\u00e4 ei ole miss\u00e4\u00e4n vaiheessa laitettu \u201dodottaa\u201d-tilaan, eik\u00e4 sen kiireellisyysluokkaa ei ole muutettu. <\/em><\/p>\n<p><em>Kun teht\u00e4v\u00e4 yhdistettiin 04.16 soitetun h\u00e4t\u00e4puhelun perusteella laadittuun teht\u00e4v\u00e4\u00e4n ja v\u00e4litettiin poliisille, oli poliisi paikalla hieman yli kahden minuutin kuluttua teht\u00e4v\u00e4n saamisesta, eli klo 04.19.<\/em><br \/>\n<em>Voidaankin todeta, ett\u00e4 poliisin toiminta tilanteessa vaikuttaisi varsin nopealta.<\/em><\/p>\n<p><strong>Jarmo Heinonen<\/strong> ylikomisario Helsingin poliisilaitos p. 0295 474 801 \u201d.<\/p>\n<p>H\u00e4t\u00e4keskuslaitos on k\u00e4sitellyt asiaa hallintokanteluna ja todennut mm. sen, ett\u00e4 kyseisen kaltaisessa B-luokan teht\u00e4v\u00e4ss\u00e4 h\u00e4t\u00e4keskuksella on 30 minuuttia aikaa v\u00e4litt\u00e4\u00e4 teht\u00e4v\u00e4 poliisipartiolle, tai poliisin kentt\u00f6johtajalle tiedoksi.<\/p>\n<p>Eli kaikki \u201dkunnossa\u201d. Semmoista.<\/p>\n<p>Sit\u00e4 olen tietenkin miettinyt, ett\u00e4 miten t\u00e4ss\u00e4 olisi k\u00e4ynyt jos se partio olisikin tullut ajoissa\u2026<\/p>\n<p>Timo Vornanen 11.11. 2025<\/p>\n<p>Aiemmissa julkaisuissa:<\/p>\n<p>25.10. 2025:<\/p>\n<blockquote class=\"wp-embedded-content\" data-secret=\"lsZAGAOjpo\"><p><a href=\"https:\/\/www.uutispeili.fi\/index.php\/2025\/10\/25\/todistusaineistoa-pimitetty-timo-vornasen-karaokebaari-jutussa\/\">Todistusaineistoa pimitetty Timo Vornasen &#8217;karaokebaari-jutussa&#8217;<\/a><\/p><\/blockquote>\n<p><iframe class=\"wp-embedded-content\" sandbox=\"allow-scripts\" security=\"restricted\" style=\"position: absolute; clip: rect(1px, 1px, 1px, 1px);\" title=\"&#8221;Todistusaineistoa pimitetty Timo Vornasen &#8217;karaokebaari-jutussa&#8217;&#8221; &#8212; \" src=\"https:\/\/www.uutispeili.fi\/index.php\/2025\/10\/25\/todistusaineistoa-pimitetty-timo-vornasen-karaokebaari-jutussa\/embed\/#?secret=iUjhqtsWhy#?secret=lsZAGAOjpo\" data-secret=\"lsZAGAOjpo\" width=\"600\" height=\"338\" frameborder=\"0\" marginwidth=\"0\" marginheight=\"0\" scrolling=\"no\"><\/iframe><\/p>\n<p>03.11. 2025:<\/p>\n<blockquote class=\"wp-embedded-content\" data-secret=\"24PAxP3h62\"><p><a href=\"https:\/\/www.uutispeili.fi\/index.php\/2025\/11\/03\/timo-vornanen-kysyy-miksi-rikosasian-todisteen-katoamisesta-ei-ole-kaynnistetty-tutkintaa\/\">Timo Vornanen kysyy: Miksi rikosasian todisteen katoamisesta ei ole k\u00e4ynnistetty tutkintaa?<\/a><\/p><\/blockquote>\n<p><iframe class=\"wp-embedded-content\" sandbox=\"allow-scripts\" security=\"restricted\" style=\"position: absolute; clip: rect(1px, 1px, 1px, 1px);\" title=\"&#8221;Timo Vornanen kysyy: Miksi rikosasian todisteen katoamisesta ei ole k\u00e4ynnistetty tutkintaa?&#8221; &#8212; \" src=\"https:\/\/www.uutispeili.fi\/index.php\/2025\/11\/03\/timo-vornanen-kysyy-miksi-rikosasian-todisteen-katoamisesta-ei-ole-kaynnistetty-tutkintaa\/embed\/#?secret=jocuZQjGrp#?secret=24PAxP3h62\" data-secret=\"24PAxP3h62\" width=\"600\" height=\"338\" frameborder=\"0\" marginwidth=\"0\" marginheight=\"0\" scrolling=\"no\"><\/iframe><\/p>\n","protected":false},"excerpt":{"rendered":"<p>Kansanedustaja Timo Vornanen (oma ryhm\u00e4) raportoi k\u00e4r\u00e4jilt\u00e4. (Arkistokuva, kuval\u00e4hde: Eduskunta.) &#8221;Varsinainen t\u00e4lle p\u00e4iv\u00e4lle ajattelemani p\u00e4ivitys on hieman kesken, kun muiden pikku kiireiden vuoksi en ehtinyt sit\u00e4 t\u00e4n\u00e4\u00e4n loppuun asti ty\u00f6st\u00e4m\u00e4\u00e4n. Mutta laitetaan t\u00e4m\u00e4. Lupasin p\u00e4ivityksen ja silloin jotain my\u00f6s saatte. T\u00e4m\u00e4n p\u00e4iv\u00e4n teemaan liittyen\u2026 Kun jutun osallinen &#8221;S&#8221; oli ravintolan sis\u00e4ll\u00e4 uhkaillut minua ja perhett\u00e4ni [&hellip;]<\/p>\n","protected":false},"author":3,"featured_media":9319,"comment_status":"open","ping_status":"open","sticky":false,"template":"","format":"standard","meta":{"footnotes":""},"categories":[88,61],"tags":[],"_links":{"self":[{"href":"https:\/\/www.uutispeili.fi\/index.php\/wp-json\/wp\/v2\/posts\/9318"}],"collection":[{"href":"https:\/\/www.uutispeili.fi\/index.php\/wp-json\/wp\/v2\/posts"}],"about":[{"href":"https:\/\/www.uutispeili.fi\/index.php\/wp-json\/wp\/v2\/types\/post"}],"author":[{"embeddable":true,"href":"https:\/\/www.uutispeili.fi\/index.php\/wp-json\/wp\/v2\/users\/3"}],"replies":[{"embeddable":true,"href":"https:\/\/www.uutispeili.fi\/index.php\/wp-json\/wp\/v2\/comments?post=9318"}],"version-history":[{"count":2,"href":"https:\/\/www.uutispeili.fi\/index.php\/wp-json\/wp\/v2\/posts\/9318\/revisions"}],"predecessor-version":[{"id":9321,"href":"https:\/\/www.uutispeili.fi\/index.php\/wp-json\/wp\/v2\/posts\/9318\/revisions\/9321"}],"wp:featuredmedia":[{"embeddable":true,"href":"https:\/\/www.uutispeili.fi\/index.php\/wp-json\/wp\/v2\/media\/9319"}],"wp:attachment":[{"href":"https:\/\/www.uutispeili.fi\/index.php\/wp-json\/wp\/v2\/media?parent=9318"}],"wp:term":[{"taxonomy":"category","embeddable":true,"href":"https:\/\/www.uutispeili.fi\/index.php\/wp-json\/wp\/v2\/categories?post=9318"},{"taxonomy":"post_tag","embeddable":true,"href":"https:\/\/www.uutispeili.fi\/index.php\/wp-json\/wp\/v2\/tags?post=9318"}],"curies":[{"name":"wp","href":"https:\/\/api.w.org\/{rel}","templated":true}]}}