{"id":9301,"date":"2025-11-11T17:30:15","date_gmt":"2025-11-11T15:30:15","guid":{"rendered":"https:\/\/www.uutispeili.fi\/?p=9301"},"modified":"2025-11-11T17:30:16","modified_gmt":"2025-11-11T15:30:16","slug":"sveitsin-parlamentin-puhemies-maja-riniker-tapasi-eduskunnassa-puhemies-jussi-halla-ahon","status":"publish","type":"post","link":"https:\/\/www.uutispeili.fi\/index.php\/2025\/11\/11\/sveitsin-parlamentin-puhemies-maja-riniker-tapasi-eduskunnassa-puhemies-jussi-halla-ahon\/","title":{"rendered":"Sveitsin parlamentin puhemies Maja Riniker tapasi eduskunnassa puhemies Jussi Halla-ahon"},"content":{"rendered":"<p><strong>Sveitsin kansallisneuvoston puhemies Maja Riniker vieraili t\u00e4n\u00e4\u00e4n eduskunnassa puhemies Jussi Halla-ahon kutsusta.<\/strong><\/p>\n<p>Keskustelujen aiheina olivat mm. Suomen ja Sveitsin kahdenv\u00e4liset suhteet ja parlamenttiyhteisty\u00f6 sek\u00e4 EU-kysymykset. Keskustelua k\u00e4ytiin my\u00f6s <strong>Ven\u00e4j\u00e4n<\/strong> hy\u00f6kk\u00e4yssodasta <strong>Ukrainassa<\/strong> sek\u00e4 Suomen ja Sveitsin ulko- ja turvallisuuspolitiikasta.<\/p>\n<p>Puhemiesten keskusteluun osallistuivat eduskuntaryhmiens\u00e4 edustajina kansanedustajat <strong>Jukka Kopra<\/strong> (kok.), <strong>Tytti Tuppurainen<\/strong> (sd.), <strong>Oras Tynkkynen<\/strong> (vihr.), <strong>Mika Riipi<\/strong> (kesk.), <strong>Wille Rydman<\/strong> (ps.) ja <strong>Anders<\/strong> <strong>Norrback<\/strong> (r.). Vierailulla oli mukana my\u00f6s Sveitsin varapuhemies <strong>Pierre-Andr\u00e9 Page<\/strong>, joka nousee ensi vuonna puhemieheksi.<\/p>\n<h2>Vierailun ytimess\u00e4 turvallisuuspolitiikka<\/h2>\n<p>Puhemies Halla-ahon is\u00e4nn\u00f6im\u00e4ll\u00e4 ty\u00f6lounaalla keskusteltiin tarkemmin ulko- ja turvallisuuspolitiikasta sek\u00e4 EU-asioista. Lounaalle osallistuivat suuren valiokunnan puheenjohtaja <strong>Saara-Sofia Sir\u00e9n<\/strong> (kok.) ja ulkoasiainvaliokunnan puheenjohtaja <strong>Johannes Koskinen<\/strong> (sd.).<\/p>\n<p>Puhemies Riniker ja h\u00e4nen valtuuskuntansa tapasivat Suomen vierailullaan my\u00f6s varapuhemies <strong>Tarja<\/strong> <strong>Filatov<\/strong>in ja Sveitsi-yst\u00e4vyysryhm\u00e4\u00e4n kuuluvia kansanedustajia. Rinikerin vierailuohjelmassa oli lis\u00e4ksi tapaaminen puolustusministeri <strong>Antti H\u00e4kk\u00e4sen<\/strong> kanssa, tutustuminen Merihaan v\u00e4est\u00f6nsuojaan ja k\u00e4ynti rajavartiolaitoksen Turva-laivalla. <img loading=\"lazy\" decoding=\"async\" class=\"alignnone size-full wp-image-144\" src=\"https:\/\/www.uutispeili.fi\/wp-content\/uploads\/2023\/11\/di.gold_.gif\" alt=\"\" width=\"11\" height=\"11\" \/><\/p>\n<p>(Uutispeili ei ole muokannut artikkelin sis\u00e4lt\u00f6\u00e4.)<\/p>\n","protected":false},"excerpt":{"rendered":"<p>Sveitsin kansallisneuvoston puhemies Maja Riniker vieraili t\u00e4n\u00e4\u00e4n eduskunnassa puhemies Jussi Halla-ahon kutsusta. Keskustelujen aiheina olivat mm. Suomen ja Sveitsin kahdenv\u00e4liset suhteet ja parlamenttiyhteisty\u00f6 sek\u00e4 EU-kysymykset. Keskustelua k\u00e4ytiin my\u00f6s Ven\u00e4j\u00e4n hy\u00f6kk\u00e4yssodasta Ukrainassa sek\u00e4 Suomen ja Sveitsin ulko- ja turvallisuuspolitiikasta. Puhemiesten keskusteluun osallistuivat eduskuntaryhmiens\u00e4 edustajina kansanedustajat Jukka Kopra (kok.), Tytti Tuppurainen (sd.), Oras Tynkkynen (vihr.), Mika Riipi [&hellip;]<\/p>\n","protected":false},"author":3,"featured_media":9302,"comment_status":"open","ping_status":"open","sticky":false,"template":"","format":"standard","meta":{"footnotes":""},"categories":[49],"tags":[],"_links":{"self":[{"href":"https:\/\/www.uutispeili.fi\/index.php\/wp-json\/wp\/v2\/posts\/9301"}],"collection":[{"href":"https:\/\/www.uutispeili.fi\/index.php\/wp-json\/wp\/v2\/posts"}],"about":[{"href":"https:\/\/www.uutispeili.fi\/index.php\/wp-json\/wp\/v2\/types\/post"}],"author":[{"embeddable":true,"href":"https:\/\/www.uutispeili.fi\/index.php\/wp-json\/wp\/v2\/users\/3"}],"replies":[{"embeddable":true,"href":"https:\/\/www.uutispeili.fi\/index.php\/wp-json\/wp\/v2\/comments?post=9301"}],"version-history":[{"count":1,"href":"https:\/\/www.uutispeili.fi\/index.php\/wp-json\/wp\/v2\/posts\/9301\/revisions"}],"predecessor-version":[{"id":9303,"href":"https:\/\/www.uutispeili.fi\/index.php\/wp-json\/wp\/v2\/posts\/9301\/revisions\/9303"}],"wp:featuredmedia":[{"embeddable":true,"href":"https:\/\/www.uutispeili.fi\/index.php\/wp-json\/wp\/v2\/media\/9302"}],"wp:attachment":[{"href":"https:\/\/www.uutispeili.fi\/index.php\/wp-json\/wp\/v2\/media?parent=9301"}],"wp:term":[{"taxonomy":"category","embeddable":true,"href":"https:\/\/www.uutispeili.fi\/index.php\/wp-json\/wp\/v2\/categories?post=9301"},{"taxonomy":"post_tag","embeddable":true,"href":"https:\/\/www.uutispeili.fi\/index.php\/wp-json\/wp\/v2\/tags?post=9301"}],"curies":[{"name":"wp","href":"https:\/\/api.w.org\/{rel}","templated":true}]}}