{"id":9291,"date":"2025-11-10T20:58:54","date_gmt":"2025-11-10T18:58:54","guid":{"rendered":"https:\/\/www.uutispeili.fi\/?p=9291"},"modified":"2025-11-10T20:58:54","modified_gmt":"2025-11-10T18:58:54","slug":"kouluruoan-kotimaisuus-nousi-keskusteluun-rovaniemen-valtuustossa","status":"publish","type":"post","link":"https:\/\/www.uutispeili.fi\/index.php\/2025\/11\/10\/kouluruoan-kotimaisuus-nousi-keskusteluun-rovaniemen-valtuustossa\/","title":{"rendered":"Kouluruoan kotimaisuus nousi keskusteluun Rovaniemen valtuustossa"},"content":{"rendered":"<p><strong>Rovaniemen kaupunginvaltuusto p\u00e4\u00e4tti lis\u00e4t\u00e4 400 000 euroa kouluruoan laadun parantamiseen vuoden 2026 talousarviossa.<\/strong><\/p>\n<p>(Arkistokuva, kuval\u00e4hde: Eduskunta.)<\/p>\n<p>Lis\u00e4m\u00e4\u00e4r\u00e4raha kohdistetaan kouluruoan lisukkeiden kehitt\u00e4miseen sek\u00e4 oppilaiden osallistamiseen ruokailun suunnittelussa.<\/p>\n<p>Kokouksessa kansanedustaja, valtuutettu <strong>Sara Sepp\u00e4nen<\/strong> teki esityksen, ett\u00e4 lis\u00e4m\u00e4\u00e4r\u00e4raha suunnattaisiin kotimaisen ja l\u00e4hiruoan k\u00e4yt\u00f6n lis\u00e4\u00e4miseen kouluruokailussa. Esitys kuitenkin h\u00e4visi \u00e4\u00e4nin 25\u201326.<\/p>\n<p>\u00c4\u00e4nestyksess\u00e4 13 Keskustan valtuutetusta viisi kannatti kotimaisuuden lis\u00e4\u00e4mist\u00e4.<\/p>\n<p>P\u00e4\u00e4t\u00f6s her\u00e4tti keskustelua kouluruoan alkuper\u00e4st\u00e4 ja kotimaisen tuotannon merkityksest\u00e4 osana paikallista taloutta ja oppilaiden hyvinvointia.<\/p>\n<p>&#8221;<em>Keskusta kannattaa kotimaista ruoan tuotantoa vain juhlapuheissa<\/em>&#8221; kertoo Sepp\u00e4nen. <img loading=\"lazy\" decoding=\"async\" class=\"alignnone size-full wp-image-144\" src=\"https:\/\/www.uutispeili.fi\/wp-content\/uploads\/2023\/11\/di.gold_.gif\" alt=\"\" width=\"11\" height=\"11\" \/><\/p>\n<p>(Uutispeili ei ole muokannut artikkelin sis\u00e4lt\u00f6\u00e4.)<\/p>\n","protected":false},"excerpt":{"rendered":"<p>Rovaniemen kaupunginvaltuusto p\u00e4\u00e4tti lis\u00e4t\u00e4 400 000 euroa kouluruoan laadun parantamiseen vuoden 2026 talousarviossa. (Arkistokuva, kuval\u00e4hde: Eduskunta.) Lis\u00e4m\u00e4\u00e4r\u00e4raha kohdistetaan kouluruoan lisukkeiden kehitt\u00e4miseen sek\u00e4 oppilaiden osallistamiseen ruokailun suunnittelussa. Kokouksessa kansanedustaja, valtuutettu Sara Sepp\u00e4nen teki esityksen, ett\u00e4 lis\u00e4m\u00e4\u00e4r\u00e4raha suunnattaisiin kotimaisen ja l\u00e4hiruoan k\u00e4yt\u00f6n lis\u00e4\u00e4miseen kouluruokailussa. Esitys kuitenkin h\u00e4visi \u00e4\u00e4nin 25\u201326. \u00c4\u00e4nestyksess\u00e4 13 Keskustan valtuutetusta viisi kannatti kotimaisuuden lis\u00e4\u00e4mist\u00e4. [&hellip;]<\/p>\n","protected":false},"author":3,"featured_media":8757,"comment_status":"open","ping_status":"open","sticky":false,"template":"","format":"standard","meta":{"footnotes":""},"categories":[6,214],"tags":[],"_links":{"self":[{"href":"https:\/\/www.uutispeili.fi\/index.php\/wp-json\/wp\/v2\/posts\/9291"}],"collection":[{"href":"https:\/\/www.uutispeili.fi\/index.php\/wp-json\/wp\/v2\/posts"}],"about":[{"href":"https:\/\/www.uutispeili.fi\/index.php\/wp-json\/wp\/v2\/types\/post"}],"author":[{"embeddable":true,"href":"https:\/\/www.uutispeili.fi\/index.php\/wp-json\/wp\/v2\/users\/3"}],"replies":[{"embeddable":true,"href":"https:\/\/www.uutispeili.fi\/index.php\/wp-json\/wp\/v2\/comments?post=9291"}],"version-history":[{"count":1,"href":"https:\/\/www.uutispeili.fi\/index.php\/wp-json\/wp\/v2\/posts\/9291\/revisions"}],"predecessor-version":[{"id":9292,"href":"https:\/\/www.uutispeili.fi\/index.php\/wp-json\/wp\/v2\/posts\/9291\/revisions\/9292"}],"wp:featuredmedia":[{"embeddable":true,"href":"https:\/\/www.uutispeili.fi\/index.php\/wp-json\/wp\/v2\/media\/8757"}],"wp:attachment":[{"href":"https:\/\/www.uutispeili.fi\/index.php\/wp-json\/wp\/v2\/media?parent=9291"}],"wp:term":[{"taxonomy":"category","embeddable":true,"href":"https:\/\/www.uutispeili.fi\/index.php\/wp-json\/wp\/v2\/categories?post=9291"},{"taxonomy":"post_tag","embeddable":true,"href":"https:\/\/www.uutispeili.fi\/index.php\/wp-json\/wp\/v2\/tags?post=9291"}],"curies":[{"name":"wp","href":"https:\/\/api.w.org\/{rel}","templated":true}]}}