{"id":9289,"date":"2025-11-10T20:49:55","date_gmt":"2025-11-10T18:49:55","guid":{"rendered":"https:\/\/www.uutispeili.fi\/?p=9289"},"modified":"2025-11-10T20:49:56","modified_gmt":"2025-11-10T18:49:56","slug":"joakim-vigelius-kysyy-tampereen-saastoista","status":"publish","type":"post","link":"https:\/\/www.uutispeili.fi\/index.php\/2025\/11\/10\/joakim-vigelius-kysyy-tampereen-saastoista\/","title":{"rendered":"Joakim Vigelius kysyy Tampereen s\u00e4\u00e4st\u00f6ist\u00e4"},"content":{"rendered":"<p><strong>&#8221;<em>T\u00e4m\u00e4k\u00f6 on sit\u00e4 SDP:n reilummin leikkaamista?<\/em>&#8221;, kritisoi kansanedustaja Joakim Vigelius (Perussuomalaiset) Tampereen s\u00e4\u00e4st\u00f6ist\u00e4 pormestari Nurmiselta.<\/strong><\/p>\n<p><strong>Tampereen kaupunginvaltuusto<\/strong> p\u00e4\u00e4tt\u00e4\u00e4 t\u00e4n\u00e4\u00e4n kaupungin ensi vuoden talousarviosta. T\u00e4rkeimp\u00e4n\u00e4 kokonaisuutena valtuusto on p\u00e4\u00e4tt\u00e4m\u00e4ss\u00e4 pormestari <strong>Ilmari Nurmisen<\/strong> (sosialidemokraatit) johdolla 37 miljoonan s\u00e4\u00e4st\u00f6ist\u00e4.<\/p>\n<p>Tampereen kaupunginvaltuutettu ja kansanedustaja <strong>Joakim Vigelius<\/strong> (ps) pit\u00e4\u00e4 SDP:n politiikkaa kaksinaismoralistisena.<\/p>\n<blockquote><p>&#8211; SDP ja Nurminen ovat yli kaksi vuotta arvostelleet maan hallituksen &#8221;saksipolitiikkaa&#8221; ja luvanneet &#8221;tekev\u00e4ns\u00e4 kaiken reilummin&#8221;. Nyt vaalit voitettuaan talouden realiteetit ja s\u00e4\u00e4st\u00f6tarve n\u00e4ytt\u00e4v\u00e4t valjenneen Nurmisellekin, Vigelius toteaa.<\/p><\/blockquote>\n<p>Vigelius listasi valtuustossa pitk\u00e4n listan Tampereella suunniteltuja s\u00e4\u00e4st\u00f6j\u00e4.<\/p>\n<p>&#8211; <em>SDP:n johdolla Tampere on irtisanomassa yli sata ty\u00f6ntekij\u00e4\u00e4 sek\u00e4 leikkaamassa perusopetuksen oppimateriaaleista ja henkil\u00f6st\u00f6st\u00e4, koulukyydeist\u00e4, lukioilta, nuorten osallisuusrahasta, kulttuuripalvelutarjonnasta, kirjastojen aineistom\u00e4\u00e4r\u00e4rahoista, joukkoliikenteest\u00e4 ja liikuntapalveluista. Ja lis\u00e4\u00e4 on tulossa tulevina vuosina. T\u00e4m\u00e4k\u00f6 on sit\u00e4 reilummin leikkaamista?<\/em> Vigelius kysyy.<\/p>\n<blockquote><p>&#8211; Lis\u00e4ksi SDP:n johdolla ollaan korottamassa maksuja pys\u00e4k\u00f6inniss\u00e4, museoissa, rakentamisessa, uimahalleissa, ty\u00f6v\u00e4enopiston kursseilla ja liikuntapalveluissa, Vigelius jatkaa.<\/p><\/blockquote>\n<p>Vigeliuksen mukaan s\u00e4\u00e4st\u00f6t ovat v\u00e4ltt\u00e4m\u00e4tt\u00f6mi\u00e4. Tampereella pormestarikoalition ulkopuolelle j\u00e4tetyt perussuomalaiset esittiv\u00e4t talousarvioon lukuisia muutos- ja s\u00e4\u00e4st\u00f6esityksi\u00e4, esimerkiksi ilmastobudjettiin, pakolaisten vastaanottoon ja kehitysohjelmien rahoitukseen liittyen.<\/p>\n<blockquote><p>&#8211; Kuten valtiokin, my\u00f6s Tampere on el\u00e4nyt yli varojensa jo pitk\u00e4\u00e4n. Ennemmin tai my\u00f6hemmin se konkretisoituu verojen ja maksujen korotuksina sek\u00e4 kipein\u00e4 s\u00e4\u00e4st\u00f6in\u00e4. N\u00e4m\u00e4 realiteetit on syyt\u00e4 sis\u00e4ist\u00e4\u00e4 my\u00f6s vasemmistopuolueissa.\u00a0<img loading=\"lazy\" decoding=\"async\" class=\"alignnone size-full wp-image-144\" src=\"https:\/\/www.uutispeili.fi\/wp-content\/uploads\/2023\/11\/di.gold_.gif\" alt=\"\" width=\"11\" height=\"11\" \/><\/p><\/blockquote>\n","protected":false},"excerpt":{"rendered":"<p>&#8221;T\u00e4m\u00e4k\u00f6 on sit\u00e4 SDP:n reilummin leikkaamista?&#8221;, kritisoi kansanedustaja Joakim Vigelius (Perussuomalaiset) Tampereen s\u00e4\u00e4st\u00f6ist\u00e4 pormestari Nurmiselta. Tampereen kaupunginvaltuusto p\u00e4\u00e4tt\u00e4\u00e4 t\u00e4n\u00e4\u00e4n kaupungin ensi vuoden talousarviosta. T\u00e4rkeimp\u00e4n\u00e4 kokonaisuutena valtuusto on p\u00e4\u00e4tt\u00e4m\u00e4ss\u00e4 pormestari Ilmari Nurmisen (sosialidemokraatit) johdolla 37 miljoonan s\u00e4\u00e4st\u00f6ist\u00e4. Tampereen kaupunginvaltuutettu ja kansanedustaja Joakim Vigelius (ps) pit\u00e4\u00e4 SDP:n politiikkaa kaksinaismoralistisena. &#8211; SDP ja Nurminen ovat yli kaksi vuotta [&hellip;]<\/p>\n","protected":false},"author":3,"featured_media":2492,"comment_status":"open","ping_status":"open","sticky":false,"template":"","format":"standard","meta":{"footnotes":""},"categories":[224],"tags":[],"_links":{"self":[{"href":"https:\/\/www.uutispeili.fi\/index.php\/wp-json\/wp\/v2\/posts\/9289"}],"collection":[{"href":"https:\/\/www.uutispeili.fi\/index.php\/wp-json\/wp\/v2\/posts"}],"about":[{"href":"https:\/\/www.uutispeili.fi\/index.php\/wp-json\/wp\/v2\/types\/post"}],"author":[{"embeddable":true,"href":"https:\/\/www.uutispeili.fi\/index.php\/wp-json\/wp\/v2\/users\/3"}],"replies":[{"embeddable":true,"href":"https:\/\/www.uutispeili.fi\/index.php\/wp-json\/wp\/v2\/comments?post=9289"}],"version-history":[{"count":1,"href":"https:\/\/www.uutispeili.fi\/index.php\/wp-json\/wp\/v2\/posts\/9289\/revisions"}],"predecessor-version":[{"id":9290,"href":"https:\/\/www.uutispeili.fi\/index.php\/wp-json\/wp\/v2\/posts\/9289\/revisions\/9290"}],"wp:featuredmedia":[{"embeddable":true,"href":"https:\/\/www.uutispeili.fi\/index.php\/wp-json\/wp\/v2\/media\/2492"}],"wp:attachment":[{"href":"https:\/\/www.uutispeili.fi\/index.php\/wp-json\/wp\/v2\/media?parent=9289"}],"wp:term":[{"taxonomy":"category","embeddable":true,"href":"https:\/\/www.uutispeili.fi\/index.php\/wp-json\/wp\/v2\/categories?post=9289"},{"taxonomy":"post_tag","embeddable":true,"href":"https:\/\/www.uutispeili.fi\/index.php\/wp-json\/wp\/v2\/tags?post=9289"}],"curies":[{"name":"wp","href":"https:\/\/api.w.org\/{rel}","templated":true}]}}