{"id":9271,"date":"2025-11-10T17:38:23","date_gmt":"2025-11-10T15:38:23","guid":{"rendered":"https:\/\/www.uutispeili.fi\/?p=9271"},"modified":"2026-02-22T13:58:55","modified_gmt":"2026-02-22T11:58:55","slug":"demokraattien-vaite-ghislaine-maxwell-aikoo-anoa-trumpilta-tuomionsa-lieventamista","status":"publish","type":"post","link":"https:\/\/www.uutispeili.fi\/index.php\/2025\/11\/10\/demokraattien-vaite-ghislaine-maxwell-aikoo-anoa-trumpilta-tuomionsa-lieventamista\/","title":{"rendered":"Demokraattien v\u00e4ite: Ghislaine Maxwell aikoo anoa Trumpilta tuomionsa lievent\u00e4mist\u00e4"},"content":{"rendered":"<p><strong>Yhdysvaltain presidentti Donald Trump armahti sunnuntaina 77 henkil\u00f6\u00e4, jotka olivat yhteydess\u00e4 vuoden 2020 presidentinvaalien kaatamiseen t\u00e4ht\u00e4\u00e4v\u00e4\u00e4n juonitteluun. Demokraattien mukaan armon hakijoihin on liittym\u00e4ss\u00e4 mm. er\u00e4s Ghislaine Maxwell.<\/strong><\/p>\n<p>Presidentti<strong> Donald Trump<\/strong> armahti <strong>Rudy Giuliani<\/strong>n, <strong>Sidney Powell<\/strong>in, <strong>Kenneth Chesebro<\/strong>n ja kymmenet muut vuoden 2020 vaalien kyseenalaistamiseen osallisina olleet, ilmoitti Yhdysvaltain oikeusministeri\u00f6n edustaja my\u00f6h\u00e4\u00e4n sunnuntaina. Jokainen armahdetuista on presidentin kanssasyytettyn\u00e4 vuoden 2020 vaalien kumoamiseen t\u00e4hd\u00e4nneess\u00e4 juonittelussa .<\/p>\n<p>Yhdysvaltain edustajainhuoneen demokraatit v\u00e4ittiv\u00e4t maanantaina, ett\u00e4 ihmiskaupasta yms. tuomittu <strong>Ghislaine Maxwell<\/strong> aikoo vedota presidentti Donald Trumpiin saadakseen lievennyst\u00e4 20:n vuoden vankeustuomioonsa.<\/p>\n<p>Edustajainhuoneen oikeuskomitean <strong>demokraatit<\/strong> ilmoittivat maanantaina presidentti Trumpille l\u00e4hett\u00e4m\u00e4ss\u00e4\u00e4n kirjeess\u00e4, ett\u00e4 tuomitulta seksuaalikauppias Ghislaine Maxwellilta &#8211;<strong>Jeffrey Epstein<\/strong>in rikoskumppanilta- on odotettavissa tuomion lievent\u00e4mist\u00e4 koskeva anomus presidentille. Edustajainhuoneen oikeuskomitea on saanut haltuunsa Maxwellin ja t\u00e4m\u00e4n asianajajan v\u00e4list\u00e4 viestienvaihtoa.<\/p>\n<p>Maxwell todenn\u00e4k\u00f6isesti &#8221;<em>pyyt\u00e4\u00e4 teit\u00e4 <\/em>(presidentti\u00e4)<em> vapauttamaan h\u00e4net 20 vuoden vankeustuomiostaan, joka johtui h\u00e4nen osallisuudestaan \u200b\u200bJeffrey Epsteinin kansainv\u00e4liseen lasten seksuaaliseen hyv\u00e4ksik\u00e4ytt\u00f6\u00f6n keskittyv\u00e4\u00e4n ihmiskaupparinkiin<\/em>&#8221;, edustaja <strong>Jamie Raskin<\/strong>in (demokraatti, MD) kertoi.<\/p>\n<p>Yhdysvaltain <strong>Korkein oikeus<\/strong> on jo hyl\u00e4nnyt Maxwellin valituksen. Ilman lievennyst\u00e4 Maxwell istuu vuoteen 2037. Epstein ehti sopivasti menehtym\u00e4\u00e4n vankilassa <strong>New<\/strong> <strong>York<\/strong>issa. Maxwell suorittaa tuomiotaan liittovaltion vankilassa <strong>Texasi<\/strong>ssa.<\/p>\n<blockquote><p>\u201dMinusta tuntuu kuin olisin pudonnut Liisa Ihmemaassa -peilin l\u00e4pi\u201d, Maxwell kuvailee oloaan Bryanin vankilassa.<\/p><\/blockquote>\n<p>Maxwell kehuu oloaan <strong>Camp Bryan<\/strong>in vankilassa, johon h\u00e4net siirrettiin vain muutamia p\u00e4ivi\u00e4 h\u00e4nen keskustelunsa tavannut Trumpin apulaisoikeusministeri <strong>Todd Blanche<\/strong>n j\u00e4lkeen. Erityisesti rouva Maxwell on tyytyv\u00e4inen vankilan sapuskaan: H\u00e4n saa itselleen r\u00e4\u00e4t\u00e4l\u00f6idyn annoksen selliins\u00e4 tuotuna.<\/p>\n<p>Trump armahti jo 20. tammikuuta 2025 n. 1500 <strong>Capitol<\/strong>-mellakoista tuomittua, mm. &#8221;shamaani&#8221; <strong>Jacob<\/strong> <strong>Chansleyn<\/strong>.<img loading=\"lazy\" decoding=\"async\" class=\"alignnone size-full wp-image-144\" src=\"https:\/\/www.uutispeili.fi\/wp-content\/uploads\/2023\/11\/di.gold_.gif\" alt=\"\" width=\"11\" height=\"11\" \/><\/p>\n<p>Luettavaa:<\/p>\n<ul>\n<li><a href=\"https:\/\/nypost.com\/2025\/11\/10\/us-news\/sex-trafficker-ghislaine-maxwell-to-ask-trump-administration-to-commute-prison-sentence-house-dems-claim\/\" target=\"_blank\" rel=\"noopener\"><strong>The New York Post<\/strong><\/a> 19.11. 2025,<\/li>\n<li><a href=\"https:\/\/nypost.com\/2025\/11\/10\/us-news\/trump-pardons-rudy-giuliani-john-eastman-sydney-powell-and-dozens-more-involved-in-2020-fake-elector-scheme\/\" target=\"_blank\" rel=\"noopener\"><strong>The New York Post<\/strong><\/a> 19.11. 2025,<\/li>\n<li><a href=\"https:\/\/en.wikipedia.org\/wiki\/Jacob_Chansley\" target=\"_blank\" rel=\"noopener\"><strong>Jacob Chansley<\/strong><\/a>, wikipedia.<\/li>\n<\/ul>\n<h2>Aiheen vierest\u00e4:<\/h2>\n<p>09.11. 2025:<\/p>\n<blockquote class=\"wp-embedded-content\" data-secret=\"5YXzym4aUX\"><p><a href=\"https:\/\/www.uutispeili.fi\/index.php\/2025\/11\/09\/miten-putinistinen-venaja-kayttaa-kristilliskonservatiiveja-valtansa-laajentamiseen-lue-ja-hammasty\/\">Miten putinistinen Ven\u00e4j\u00e4 k\u00e4ytt\u00e4\u00e4 kristilliskonservatiiveja valtansa laajentamiseen, -lue ja h\u00e4mm\u00e4sty<\/a><\/p><\/blockquote>\n<p><iframe class=\"wp-embedded-content\" sandbox=\"allow-scripts\" security=\"restricted\" style=\"position: absolute; clip: rect(1px, 1px, 1px, 1px);\" title=\"&#8221;Miten putinistinen Ven\u00e4j\u00e4 k\u00e4ytt\u00e4\u00e4 kristilliskonservatiiveja valtansa laajentamiseen, -lue ja h\u00e4mm\u00e4sty&#8221; &#8212; \" src=\"https:\/\/www.uutispeili.fi\/index.php\/2025\/11\/09\/miten-putinistinen-venaja-kayttaa-kristilliskonservatiiveja-valtansa-laajentamiseen-lue-ja-hammasty\/embed\/#?secret=v7wFBI0QXK#?secret=5YXzym4aUX\" data-secret=\"5YXzym4aUX\" width=\"600\" height=\"338\" frameborder=\"0\" marginwidth=\"0\" marginheight=\"0\" scrolling=\"no\"><\/iframe><\/p>\n<p>30.08. 2025:<\/p>\n<blockquote class=\"wp-embedded-content\" data-secret=\"QZ9MS9R85N\"><p><a href=\"https:\/\/www.uutispeili.fi\/index.php\/2025\/08\/30\/portugalin-presidentti-sanoo-trump-neuvostoliiton-voimavara\/\">Portugalin presidentti sanoo: Trump &#8221;Neuvostoliiton voimavara&#8221;<\/a><\/p><\/blockquote>\n<p><iframe class=\"wp-embedded-content\" sandbox=\"allow-scripts\" security=\"restricted\" style=\"position: absolute; clip: rect(1px, 1px, 1px, 1px);\" title=\"&#8221;Portugalin presidentti sanoo: Trump &#8221;Neuvostoliiton voimavara&#8221;&#8221; &#8212; \" src=\"https:\/\/www.uutispeili.fi\/index.php\/2025\/08\/30\/portugalin-presidentti-sanoo-trump-neuvostoliiton-voimavara\/embed\/#?secret=ksyWKvcTAk#?secret=QZ9MS9R85N\" data-secret=\"QZ9MS9R85N\" width=\"600\" height=\"338\" frameborder=\"0\" marginwidth=\"0\" marginheight=\"0\" scrolling=\"no\"><\/iframe><\/p>\n<p>21.06. 2025:<\/p>\n<blockquote class=\"wp-embedded-content\" data-secret=\"WUsF6nL1i0\"><p><a href=\"https:\/\/www.uutispeili.fi\/index.php\/2025\/06\/21\/trumpin-rekry-paallikko-ohitti-turvallisuuselvityksen-mika-voisi-menna-vikaan\/\">Trumpin rekry-p\u00e4\u00e4llikk\u00f6 ohitti turvallisuuselvityksen, -&#8221;Mik\u00e4 voisi menn\u00e4 vikaan?&#8221;<\/a><\/p><\/blockquote>\n<p><iframe class=\"wp-embedded-content\" sandbox=\"allow-scripts\" security=\"restricted\" style=\"position: absolute; clip: rect(1px, 1px, 1px, 1px);\" title=\"&#8221;Trumpin rekry-p\u00e4\u00e4llikk\u00f6 ohitti turvallisuuselvityksen, -&#8221;Mik\u00e4 voisi menn\u00e4 vikaan?&#8221;&#8221; &#8212; \" src=\"https:\/\/www.uutispeili.fi\/index.php\/2025\/06\/21\/trumpin-rekry-paallikko-ohitti-turvallisuuselvityksen-mika-voisi-menna-vikaan\/embed\/#?secret=VG1dzSsOLZ#?secret=WUsF6nL1i0\" data-secret=\"WUsF6nL1i0\" width=\"600\" height=\"338\" frameborder=\"0\" marginwidth=\"0\" marginheight=\"0\" scrolling=\"no\"><\/iframe><\/p>\n<p>05.06. 2025:<\/p>\n<blockquote class=\"wp-embedded-content\" data-secret=\"SILo6JsUv0\"><p><a href=\"https:\/\/www.uutispeili.fi\/index.php\/2025\/06\/05\/donald-trump-monessa-mukana\/\">Donald Trump, -monessa mukana<\/a><\/p><\/blockquote>\n<p><iframe class=\"wp-embedded-content\" sandbox=\"allow-scripts\" security=\"restricted\" style=\"position: absolute; clip: rect(1px, 1px, 1px, 1px);\" title=\"&#8221;Donald Trump, -monessa mukana&#8221; &#8212; \" src=\"https:\/\/www.uutispeili.fi\/index.php\/2025\/06\/05\/donald-trump-monessa-mukana\/embed\/#?secret=gwwPXvz0mV#?secret=SILo6JsUv0\" data-secret=\"SILo6JsUv0\" width=\"600\" height=\"338\" frameborder=\"0\" marginwidth=\"0\" marginheight=\"0\" scrolling=\"no\"><\/iframe><\/p>\n<p>13.07. 2025:<\/p>\n<blockquote class=\"wp-embedded-content\" data-secret=\"HoPU10dvBR\"><p><a href=\"https:\/\/www.uutispeili.fi\/index.php\/2025\/07\/13\/trump-toppuuttelee-maga-porukkaansa-musk-kysyy-missa-ne-epstein-paperit-viipyy\/\">Trump toppuuttelee MAGA-porukkaansa, -Musk kysyy, miss\u00e4 ne Epstein-paperit viipyy?<\/a><\/p><\/blockquote>\n<p><iframe class=\"wp-embedded-content\" sandbox=\"allow-scripts\" security=\"restricted\" style=\"position: absolute; clip: rect(1px, 1px, 1px, 1px);\" title=\"&#8221;Trump toppuuttelee MAGA-porukkaansa, -Musk kysyy, miss\u00e4 ne Epstein-paperit viipyy?&#8221; &#8212; \" src=\"https:\/\/www.uutispeili.fi\/index.php\/2025\/07\/13\/trump-toppuuttelee-maga-porukkaansa-musk-kysyy-missa-ne-epstein-paperit-viipyy\/embed\/#?secret=Y952Tsc5vu#?secret=HoPU10dvBR\" data-secret=\"HoPU10dvBR\" width=\"600\" height=\"338\" frameborder=\"0\" marginwidth=\"0\" marginheight=\"0\" scrolling=\"no\"><\/iframe><\/p>\n<p>17.07. 2025:<\/p>\n<blockquote class=\"wp-embedded-content\" data-secret=\"8YeBPmYiAN\"><p><a href=\"https:\/\/www.uutispeili.fi\/index.php\/2025\/07\/17\/trump-voisi-vain-julkaista-epstein-kansiot-ja-osoittaa-mitka-osat-ovat-valhetta\/\">&#8217;Trump voisi vain julkaista (Epstein-)kansiot, ja osoittaa mitk\u00e4 osat ovat valhetta&#8217;<\/a><\/p><\/blockquote>\n<p><iframe class=\"wp-embedded-content\" sandbox=\"allow-scripts\" security=\"restricted\" style=\"position: absolute; clip: rect(1px, 1px, 1px, 1px);\" title=\"&#8221;&#8217;Trump voisi vain julkaista (Epstein-)kansiot, ja osoittaa mitk\u00e4 osat ovat valhetta&#8217;&#8221; &#8212; \" src=\"https:\/\/www.uutispeili.fi\/index.php\/2025\/07\/17\/trump-voisi-vain-julkaista-epstein-kansiot-ja-osoittaa-mitka-osat-ovat-valhetta\/embed\/#?secret=yS8T4pXbV1#?secret=8YeBPmYiAN\" data-secret=\"8YeBPmYiAN\" width=\"600\" height=\"338\" frameborder=\"0\" marginwidth=\"0\" marginheight=\"0\" scrolling=\"no\"><\/iframe><\/p>\n<p>21.06. 2025:<\/p>\n<blockquote class=\"wp-embedded-content\" data-secret=\"WUsF6nL1i0\"><p><a href=\"https:\/\/www.uutispeili.fi\/index.php\/2025\/06\/21\/trumpin-rekry-paallikko-ohitti-turvallisuuselvityksen-mika-voisi-menna-vikaan\/\">Trumpin rekry-p\u00e4\u00e4llikk\u00f6 ohitti turvallisuuselvityksen, -&#8221;Mik\u00e4 voisi menn\u00e4 vikaan?&#8221;<\/a><\/p><\/blockquote>\n<p><iframe class=\"wp-embedded-content\" sandbox=\"allow-scripts\" security=\"restricted\" style=\"position: absolute; clip: rect(1px, 1px, 1px, 1px);\" title=\"&#8221;Trumpin rekry-p\u00e4\u00e4llikk\u00f6 ohitti turvallisuuselvityksen, -&#8221;Mik\u00e4 voisi menn\u00e4 vikaan?&#8221;&#8221; &#8212; \" src=\"https:\/\/www.uutispeili.fi\/index.php\/2025\/06\/21\/trumpin-rekry-paallikko-ohitti-turvallisuuselvityksen-mika-voisi-menna-vikaan\/embed\/#?secret=VG1dzSsOLZ#?secret=WUsF6nL1i0\" data-secret=\"WUsF6nL1i0\" width=\"600\" height=\"338\" frameborder=\"0\" marginwidth=\"0\" marginheight=\"0\" scrolling=\"no\"><\/iframe><\/p>\n<p>04.03. 2025:<\/p>\n<blockquote class=\"wp-embedded-content\" data-secret=\"OcWmzZNdKq\"><p><a href=\"https:\/\/www.uutispeili.fi\/index.php\/2025\/03\/04\/napoleonista-tuli-konjakki\/\">Napoleonista tuli konjakki&#8230;<\/a><\/p><\/blockquote>\n<p><iframe class=\"wp-embedded-content\" sandbox=\"allow-scripts\" security=\"restricted\" style=\"position: absolute; clip: rect(1px, 1px, 1px, 1px);\" title=\"&#8221;Napoleonista tuli konjakki&#8230;&#8221; &#8212; \" src=\"https:\/\/www.uutispeili.fi\/index.php\/2025\/03\/04\/napoleonista-tuli-konjakki\/embed\/#?secret=DKZK7pidg4#?secret=OcWmzZNdKq\" data-secret=\"OcWmzZNdKq\" width=\"600\" height=\"338\" frameborder=\"0\" marginwidth=\"0\" marginheight=\"0\" scrolling=\"no\"><\/iframe><\/p>\n","protected":false},"excerpt":{"rendered":"<p>Yhdysvaltain presidentti Donald Trump armahti sunnuntaina 77 henkil\u00f6\u00e4, jotka olivat yhteydess\u00e4 vuoden 2020 presidentinvaalien kaatamiseen t\u00e4ht\u00e4\u00e4v\u00e4\u00e4n juonitteluun. Demokraattien mukaan armon hakijoihin on liittym\u00e4ss\u00e4 mm. er\u00e4s Ghislaine Maxwell. Presidentti Donald Trump armahti Rudy Giulianin, Sidney Powellin, Kenneth Chesebron ja kymmenet muut vuoden 2020 vaalien kyseenalaistamiseen osallisina olleet, ilmoitti Yhdysvaltain oikeusministeri\u00f6n edustaja my\u00f6h\u00e4\u00e4n sunnuntaina. Jokainen armahdetuista on [&hellip;]<\/p>\n","protected":false},"author":3,"featured_media":9272,"comment_status":"open","ping_status":"open","sticky":false,"template":"","format":"standard","meta":{"footnotes":""},"categories":[249,61,116,127],"tags":[],"_links":{"self":[{"href":"https:\/\/www.uutispeili.fi\/index.php\/wp-json\/wp\/v2\/posts\/9271"}],"collection":[{"href":"https:\/\/www.uutispeili.fi\/index.php\/wp-json\/wp\/v2\/posts"}],"about":[{"href":"https:\/\/www.uutispeili.fi\/index.php\/wp-json\/wp\/v2\/types\/post"}],"author":[{"embeddable":true,"href":"https:\/\/www.uutispeili.fi\/index.php\/wp-json\/wp\/v2\/users\/3"}],"replies":[{"embeddable":true,"href":"https:\/\/www.uutispeili.fi\/index.php\/wp-json\/wp\/v2\/comments?post=9271"}],"version-history":[{"count":2,"href":"https:\/\/www.uutispeili.fi\/index.php\/wp-json\/wp\/v2\/posts\/9271\/revisions"}],"predecessor-version":[{"id":9278,"href":"https:\/\/www.uutispeili.fi\/index.php\/wp-json\/wp\/v2\/posts\/9271\/revisions\/9278"}],"wp:featuredmedia":[{"embeddable":true,"href":"https:\/\/www.uutispeili.fi\/index.php\/wp-json\/wp\/v2\/media\/9272"}],"wp:attachment":[{"href":"https:\/\/www.uutispeili.fi\/index.php\/wp-json\/wp\/v2\/media?parent=9271"}],"wp:term":[{"taxonomy":"category","embeddable":true,"href":"https:\/\/www.uutispeili.fi\/index.php\/wp-json\/wp\/v2\/categories?post=9271"},{"taxonomy":"post_tag","embeddable":true,"href":"https:\/\/www.uutispeili.fi\/index.php\/wp-json\/wp\/v2\/tags?post=9271"}],"curies":[{"name":"wp","href":"https:\/\/api.w.org\/{rel}","templated":true}]}}