{"id":9245,"date":"2025-11-08T17:16:49","date_gmt":"2025-11-08T15:16:49","guid":{"rendered":"https:\/\/www.uutispeili.fi\/?p=9245"},"modified":"2025-11-08T17:16:50","modified_gmt":"2025-11-08T15:16:50","slug":"pelkaako-venaja-suomea-vaiko-suomi-venajaa","status":"publish","type":"post","link":"https:\/\/www.uutispeili.fi\/index.php\/2025\/11\/08\/pelkaako-venaja-suomea-vaiko-suomi-venajaa\/","title":{"rendered":"Pelk\u00e4\u00e4k\u00f6 Ven\u00e4j\u00e4 Suomea, vaiko Suomi Ven\u00e4j\u00e4\u00e4"},"content":{"rendered":"<p><strong>Joskus, yli kaksisataa vuotta sitten, ven\u00e4l\u00e4isten pelon aihe oli suomalainen kenraali johtamassa joukkojaan sitke\u00e4n savottahevosen sel\u00e4ss\u00e4 (kuvassa), -ellei se sitten ollut jalo ratsu <em>Bijo\u00fa<\/em>.\u00a0 Kuinka on t\u00e4n\u00e4\u00e4n, -sit\u00e4 tarkastelemme.<\/strong><\/p>\n<p>Totalitarismin leimaaman 1930-luvun l\u00e4hestyess\u00e4 loppuaan, Ven\u00e4j\u00e4ll\u00e4 huomattiin pienen <strong>Suomen<\/strong> olevan hjuvin vaarallinen: Toteuttaessaan v.1931 p\u00e4\u00e4tetty\u00e4 suurta hy\u00f6kk\u00e4yst\u00e4 l\u00e4ntiseen Eurooppaan <strong>Stalin<\/strong> ja <em><strong>puna-armeija<\/strong><\/em> olisi kompastunut Suomeen, joka oli j\u00e4\u00e4nyt valtaamatta edellisell\u00e4 kerralla.<\/p>\n<p>Ett\u00e4 viel\u00e4 1931 <em><strong>kommunismin<\/strong><\/em> levitt\u00e4minen Eurooppaan oli teht\u00e4v\u00e4listalla, -se johtui <strong>puolalaisista<\/strong>, jotka olivat pist\u00e4neet hanttiin <strong>Varsova<\/strong>n edustalla v.2022. Ven\u00e4j\u00e4n valtioidea, <strong><em>it\u00e4mainen despotia,<\/em><\/strong> n\u00e4ytt\u00e4ytyi siihen aikaan <strong>marxilaisessa<\/strong> formaatissa, joka tarjosi hyvi\u00e4 selityksi\u00e4, neuvoja miten valta otetaan pienen klikin k\u00e4siin, mutta ei k\u00e4ytt\u00f6kelpoisia ajatuksia taloudesta.<\/p>\n<p>Nyttemmin Ven\u00e4j\u00e4ll\u00e4 on luovuttu marxilaisuudesta: Sen tilalle ovat tulleet suorat puheet: &#8217;<em>Meill\u00e4 on kaikkein isoin pommi!&#8217; Meill\u00e4 on <\/em>(taas, j\u00e4lleen kerran)<em> ohjus, jota ei voi torjua!<\/em>&#8217; -Tavoitteet ovat yh\u00e4 ne samat:<\/p>\n<ul>\n<li>Vapauttaa Ven\u00e4j\u00e4-takapajula demokraattisten, ja kansalaisilleen vapauksia ja vaurastumista suovien- l\u00e4nsimaiden kilpailusta joko tuhoamalla ne, tai saattamalla samaan onnettomuuteen, miss\u00e4 Ven\u00e4j\u00e4kin matelee kurjuudessaan.<\/li>\n<li>Laajentaa imperiumia muiden kustannuksella.<\/li>\n<\/ul>\n<p>Joskus kuulee moitittavan l\u00e4nsimaita <strong>talouskasvun<\/strong> p\u00e4\u00e4h\u00e4npinttym\u00e4st\u00e4, mutta muualla n\u00e4kyy olevan arkaaisempia manioita.<\/p>\n<p>Ven\u00e4j\u00e4n silloinen johtaja, <strong>Nikita Sergejevitsh Hrutshev<\/strong>, -virallisesti <strong>Neuvostoliiton<\/strong> kommunistisen puolueen ensimm\u00e4inen sihteeri ja p\u00e4\u00e4ministeri- oivalsi 1950-luvulla oikein, ett\u00e4 Neuvostoliitto h\u00e4vi\u00e4\u00e4, jos se ei pysty tarjoamaan alamaisilleen <em><strong>kulutustavaroita<\/strong><\/em>. Nikitan ennustus osui, -paitti ettei Neuvosto-Ven\u00e4j\u00e4 saanut niit\u00e4 kulutustavaroita aikaan. -Koko valtio siis katosi.<\/p>\n<p><strong>Vladimir Vladimirovitsh Putin<\/strong>, entinen pietarilainen katupoika, my\u00f6hemmin <strong>KGB<\/strong>:n eversti joka oppi tuntemaan hyvin j\u00e4rjest\u00f6n <strong>Dresden<\/strong>in-toimiston siivouskomeron sisustuksen -jokaista naulankantaa my\u00f6ten- on t\u00e4n\u00e4\u00e4n Ven\u00e4j\u00e4n presidentti, ja johtaa aktiivista sotaa Euroopan maaper\u00e4ll\u00e4.<\/p>\n<h2>Pit\u00e4isik\u00f6 meid\u00e4n pel\u00e4t\u00e4?<\/h2>\n<p>Sota-ajan tunnetun sanonnan mukaan &#8221;<em>hevoset t\u00e4\u00e4ll\u00e4 v\u00e4hiten pelk\u00e4\u00e4!<\/em>&#8221;. -Uskotaan -kaakeilta kysym\u00e4tt\u00e4- mutta mik\u00e4 pelko Suomea kohtaan on asettunut Ven\u00e4j\u00e4lle? Ehk\u00e4 vastaus l\u00f6ytyy &#8217;<em>ven\u00e4l\u00e4isest\u00e4 rajattomasta<\/em> <em>sielusta<\/em>&#8217;?<\/p>\n<blockquote><p>&#8221;Miksi kaikki meid\u00e4n pienet naapurimaat ovat aina hy\u00f6kk\u00e4\u00e4m\u00e4ss\u00e4 kimppuumme, -niin ett\u00e4 meid\u00e4n t\u00e4ytyy hy\u00f6k\u00e4t\u00e4 ja vallata ne??&#8221;<\/p><\/blockquote>\n<p>Er\u00e4s <em><strong>kansandemokraatti<\/strong><\/em>-yst\u00e4v\u00e4ni 1900-luvulla -h\u00e4n oli koko ik\u00e4ns\u00e4 ajan halunnut puolustaa Neuvostoliittoa- avasi minulle n. 50 vuotta sitten tuntojaan: H\u00e4n oli pettynyt Neuvostoliiton ulkopolitiikkaan kahdessa asiassa:<\/p>\n<ul>\n<li>NL oli luopunut tavastaan \u00e4\u00e4nest\u00e4\u00e4 YK:ssa aina -kaikissa tilanteissa- sellaisen p\u00e4\u00e4t\u00f6slauselman puolesta, joka kannatti kulloisessa konfliktissa <strong>v\u00e4lit\u00f6nt\u00e4<\/strong> aselepoa.<\/li>\n<li>Neukkujen kaikki tuoreet aseelliset v\u00e4lienselvittelyt olivat tapahtuneet <em><strong>sosialistisen liittolaismaan<\/strong><\/em> kanssa. (Toisen maailmansodan j\u00e4lkeen.)<\/li>\n<\/ul>\n<p>T\u00e4m\u00e4n tietysti kuulin kahden kesken. Nykyisill\u00e4 <strong>Kreml<\/strong>in yst\u00e4vill\u00e4 Suomessa ei n\u00e4yt\u00e4 olevan n\u00e4it\u00e4 huolia?<\/p>\n<h2>Suomi on selvinnyt asenteella<\/h2>\n<p>Vaikka vieress\u00e4 &#8221;<em>karhu el\u00e4m\u00f6i<\/em>&#8221;, suomalaiset ovat osanneet suhtautui aina tilanteen mukaan. Milloin naapuri on ollut siivolla mielell\u00e4, on saatu jopa rinnakkaiseloa aikaan. -Jos on ollut sotaisella mielell\u00e4, on laitettu hanttiin. <strong>Totjuntavoittojen<\/strong> historia on pitk\u00e4, -viimeisimm\u00e4t 1970-luvulta.<\/p>\n<p>J\u00e4t\u00e4mme tulevien historioitsijoiden arvioitavaksi, kohtasiko kasakkakenraali <strong>\u042f\u0301\u043a\u043e\u0432 \u041f\u0435\u0442\u0440\u043e\u0301\u0432\u0438\u0447 \u041a\u0443\u0301\u043b\u044c\u043d\u0435\u0432<\/strong> &#8221;<em>suomettumista<\/em>&#8221;, vaiko taitavan per\u00e4\u00e4ntymisen. -Se paljonpuhuttu <em>aatelisneidon kenk\u00e4<\/em> lienee yh\u00e4 tallessa <strong>RKP<\/strong>:n toimiston kassakaapissa, <strong>Johannes Virolaisen<\/strong> kanssa tehdyn <em>pakkoruotsi<\/em>-sopimuksen painona.<\/p>\n<p>Ven\u00e4l\u00e4isi\u00e4 \u00e4\u00e4nenpainoja siis kannattaa tarkkailla. Suomen ja suomalaisten poliitikkojen syytt\u00e4minen &#8217;<em>sodanlietsonnasta<\/em>&#8217; heijastaa puhujiensa sielunmaisemaa. -Ja ven\u00e4l\u00e4inen sieluhan on rajaton, -kuten Ven\u00e4j\u00e4n imperiumikin.<\/p>\n<p>Pekka Kemppainen<\/p>\n<p>P.S.<\/p>\n<p>Ja kuvan kenraalille prenikka, ja uusi mukavampi nojatuoli. -Ansioista on aina palkittava.<\/p>\n<p><img loading=\"lazy\" decoding=\"async\" class=\"size-full wp-image-144 aligncenter\" src=\"https:\/\/www.uutispeili.fi\/wp-content\/uploads\/2023\/11\/di.gold_.gif\" alt=\"\" width=\"11\" height=\"11\" \/><\/p>\n<p>05.11. 2025:<\/p>\n<blockquote class=\"wp-embedded-content\" data-secret=\"YK1ltbbL5W\"><p><a href=\"https:\/\/www.uutispeili.fi\/index.php\/2025\/11\/05\/tama-sota-uhkaa-koko-venajan-olemassaoloa-varoitti-kenraali-leonid-ivasov\/\">&#8221;T\u00e4m\u00e4 sota uhkaa koko Ven\u00e4j\u00e4n olemassaoloa&#8221;, varoitti kenraali Leonid Iva\u0161ov<\/a><\/p><\/blockquote>\n<p><iframe class=\"wp-embedded-content\" sandbox=\"allow-scripts\" security=\"restricted\" style=\"position: absolute; clip: rect(1px, 1px, 1px, 1px);\" title=\"&#8221;&#8221;T\u00e4m\u00e4 sota uhkaa koko Ven\u00e4j\u00e4n olemassaoloa&#8221;, varoitti kenraali Leonid Iva\u0161ov&#8221; &#8212; \" src=\"https:\/\/www.uutispeili.fi\/index.php\/2025\/11\/05\/tama-sota-uhkaa-koko-venajan-olemassaoloa-varoitti-kenraali-leonid-ivasov\/embed\/#?secret=lNKtgwXc73#?secret=YK1ltbbL5W\" data-secret=\"YK1ltbbL5W\" width=\"600\" height=\"338\" frameborder=\"0\" marginwidth=\"0\" marginheight=\"0\" scrolling=\"no\"><\/iframe><\/p>\n<p>28.10. 2025:<\/p>\n<blockquote class=\"wp-embedded-content\" data-secret=\"mpWzfe9jfH\"><p><a href=\"https:\/\/www.uutispeili.fi\/index.php\/2025\/10\/28\/venaja-aikoo-sotia-pitkaan-lapset-militarisoidaan-ja-aivopestaan\/\">Ven\u00e4j\u00e4 aikoo sotia pitk\u00e4\u00e4n: Lapset militarisoidaan ja aivopest\u00e4\u00e4n<\/a><\/p><\/blockquote>\n<p><iframe class=\"wp-embedded-content\" sandbox=\"allow-scripts\" security=\"restricted\" style=\"position: absolute; clip: rect(1px, 1px, 1px, 1px);\" title=\"&#8221;Ven\u00e4j\u00e4 aikoo sotia pitk\u00e4\u00e4n: Lapset militarisoidaan ja aivopest\u00e4\u00e4n&#8221; &#8212; \" src=\"https:\/\/www.uutispeili.fi\/index.php\/2025\/10\/28\/venaja-aikoo-sotia-pitkaan-lapset-militarisoidaan-ja-aivopestaan\/embed\/#?secret=fLbg4UT2yX#?secret=mpWzfe9jfH\" data-secret=\"mpWzfe9jfH\" width=\"600\" height=\"338\" frameborder=\"0\" marginwidth=\"0\" marginheight=\"0\" scrolling=\"no\"><\/iframe><\/p>\n<p>08.05. 2024:<\/p>\n<blockquote class=\"wp-embedded-content\" data-secret=\"aq64dGCusg\"><p><a href=\"https:\/\/www.uutispeili.fi\/index.php\/2024\/05\/08\/lasten-militarisoinnin-suurvalta-viettaa-jotain-paivaa\/\">Lasten militarisoinnin &#8221;suurvalta&#8221; viett\u00e4\u00e4 jotain p\u00e4iv\u00e4\u00e4<\/a><\/p><\/blockquote>\n<p><iframe class=\"wp-embedded-content\" sandbox=\"allow-scripts\" security=\"restricted\" style=\"position: absolute; clip: rect(1px, 1px, 1px, 1px);\" title=\"&#8221;Lasten militarisoinnin &#8221;suurvalta&#8221; viett\u00e4\u00e4 jotain p\u00e4iv\u00e4\u00e4&#8221; &#8212; \" src=\"https:\/\/www.uutispeili.fi\/index.php\/2024\/05\/08\/lasten-militarisoinnin-suurvalta-viettaa-jotain-paivaa\/embed\/#?secret=5bXIEi4qCx#?secret=aq64dGCusg\" data-secret=\"aq64dGCusg\" width=\"600\" height=\"338\" frameborder=\"0\" marginwidth=\"0\" marginheight=\"0\" scrolling=\"no\"><\/iframe><\/p>\n<p>27.09. 2025:<\/p>\n<blockquote class=\"wp-embedded-content\" data-secret=\"hhINkAqGJd\"><p><a href=\"https:\/\/www.uutispeili.fi\/index.php\/2025\/09\/27\/kasautuvien-kriisien-syndrooma\/\">Kasautuvien kriisien syndrooma<\/a><\/p><\/blockquote>\n<p><iframe class=\"wp-embedded-content\" sandbox=\"allow-scripts\" security=\"restricted\" style=\"position: absolute; clip: rect(1px, 1px, 1px, 1px);\" title=\"&#8221;Kasautuvien kriisien syndrooma&#8221; &#8212; \" src=\"https:\/\/www.uutispeili.fi\/index.php\/2025\/09\/27\/kasautuvien-kriisien-syndrooma\/embed\/#?secret=TBuKLIVpWH#?secret=hhINkAqGJd\" data-secret=\"hhINkAqGJd\" width=\"600\" height=\"338\" frameborder=\"0\" marginwidth=\"0\" marginheight=\"0\" scrolling=\"no\"><\/iframe><\/p>\n<p>30.09. 2025:<\/p>\n<blockquote class=\"wp-embedded-content\" data-secret=\"kaWflW35Qw\"><p><a href=\"https:\/\/www.uutispeili.fi\/index.php\/2025\/09\/30\/se-on-sitten-sanottu\/\">Se on sitten sanottu<\/a><\/p><\/blockquote>\n<p><iframe class=\"wp-embedded-content\" sandbox=\"allow-scripts\" security=\"restricted\" style=\"position: absolute; clip: rect(1px, 1px, 1px, 1px);\" title=\"&#8221;Se on sitten sanottu&#8221; &#8212; \" src=\"https:\/\/www.uutispeili.fi\/index.php\/2025\/09\/30\/se-on-sitten-sanottu\/embed\/#?secret=IukCcW3FM6#?secret=kaWflW35Qw\" data-secret=\"kaWflW35Qw\" width=\"600\" height=\"338\" frameborder=\"0\" marginwidth=\"0\" marginheight=\"0\" scrolling=\"no\"><\/iframe><\/p>\n<p>06.08. 2025:<\/p>\n<blockquote class=\"wp-embedded-content\" data-secret=\"M3s9nVPuHQ\"><p><a href=\"https:\/\/www.uutispeili.fi\/index.php\/2025\/08\/06\/aarivenalaiset-hairitsivat-stalinin-uhrien-muiston-kunnioittamista-suomen-suurlahettilas-paikalla\/\">\u00c4\u00e4riven\u00e4l\u00e4iset h\u00e4iritsiv\u00e4t Stalinin uhrien muiston kunnioittamista, -Suomen suurl\u00e4hettil\u00e4s paikalla<\/a><\/p><\/blockquote>\n<p><iframe class=\"wp-embedded-content\" sandbox=\"allow-scripts\" security=\"restricted\" style=\"position: absolute; clip: rect(1px, 1px, 1px, 1px);\" title=\"&#8221;\u00c4\u00e4riven\u00e4l\u00e4iset h\u00e4iritsiv\u00e4t Stalinin uhrien muiston kunnioittamista, -Suomen suurl\u00e4hettil\u00e4s paikalla&#8221; &#8212; \" src=\"https:\/\/www.uutispeili.fi\/index.php\/2025\/08\/06\/aarivenalaiset-hairitsivat-stalinin-uhrien-muiston-kunnioittamista-suomen-suurlahettilas-paikalla\/embed\/#?secret=Pk4EmDuVgI#?secret=M3s9nVPuHQ\" data-secret=\"M3s9nVPuHQ\" width=\"600\" height=\"338\" frameborder=\"0\" marginwidth=\"0\" marginheight=\"0\" scrolling=\"no\"><\/iframe><\/p>\n","protected":false},"excerpt":{"rendered":"<p>Joskus, yli kaksisataa vuotta sitten, ven\u00e4l\u00e4isten pelon aihe oli suomalainen kenraali johtamassa joukkojaan sitke\u00e4n savottahevosen sel\u00e4ss\u00e4 (kuvassa), -ellei se sitten ollut jalo ratsu Bijo\u00fa.\u00a0 Kuinka on t\u00e4n\u00e4\u00e4n, -sit\u00e4 tarkastelemme. Totalitarismin leimaaman 1930-luvun l\u00e4hestyess\u00e4 loppuaan, Ven\u00e4j\u00e4ll\u00e4 huomattiin pienen Suomen olevan hjuvin vaarallinen: Toteuttaessaan v.1931 p\u00e4\u00e4tetty\u00e4 suurta hy\u00f6kk\u00e4yst\u00e4 l\u00e4ntiseen Eurooppaan Stalin ja puna-armeija olisi kompastunut Suomeen, joka [&hellip;]<\/p>\n","protected":false},"author":3,"featured_media":9246,"comment_status":"open","ping_status":"open","sticky":false,"template":"","format":"standard","meta":{"footnotes":""},"categories":[29,74],"tags":[],"_links":{"self":[{"href":"https:\/\/www.uutispeili.fi\/index.php\/wp-json\/wp\/v2\/posts\/9245"}],"collection":[{"href":"https:\/\/www.uutispeili.fi\/index.php\/wp-json\/wp\/v2\/posts"}],"about":[{"href":"https:\/\/www.uutispeili.fi\/index.php\/wp-json\/wp\/v2\/types\/post"}],"author":[{"embeddable":true,"href":"https:\/\/www.uutispeili.fi\/index.php\/wp-json\/wp\/v2\/users\/3"}],"replies":[{"embeddable":true,"href":"https:\/\/www.uutispeili.fi\/index.php\/wp-json\/wp\/v2\/comments?post=9245"}],"version-history":[{"count":3,"href":"https:\/\/www.uutispeili.fi\/index.php\/wp-json\/wp\/v2\/posts\/9245\/revisions"}],"predecessor-version":[{"id":9251,"href":"https:\/\/www.uutispeili.fi\/index.php\/wp-json\/wp\/v2\/posts\/9245\/revisions\/9251"}],"wp:featuredmedia":[{"embeddable":true,"href":"https:\/\/www.uutispeili.fi\/index.php\/wp-json\/wp\/v2\/media\/9246"}],"wp:attachment":[{"href":"https:\/\/www.uutispeili.fi\/index.php\/wp-json\/wp\/v2\/media?parent=9245"}],"wp:term":[{"taxonomy":"category","embeddable":true,"href":"https:\/\/www.uutispeili.fi\/index.php\/wp-json\/wp\/v2\/categories?post=9245"},{"taxonomy":"post_tag","embeddable":true,"href":"https:\/\/www.uutispeili.fi\/index.php\/wp-json\/wp\/v2\/tags?post=9245"}],"curies":[{"name":"wp","href":"https:\/\/api.w.org\/{rel}","templated":true}]}}