{"id":9224,"date":"2025-11-07T20:27:40","date_gmt":"2025-11-07T18:27:40","guid":{"rendered":"https:\/\/www.uutispeili.fi\/?p=9224"},"modified":"2025-11-07T20:28:28","modified_gmt":"2025-11-07T18:28:28","slug":"pakkausmerkinnoista-kysyttiin-eduskunnassa-ministeri-vastaus-ei-tyydyttanyt","status":"publish","type":"post","link":"https:\/\/www.uutispeili.fi\/index.php\/2025\/11\/07\/pakkausmerkinnoista-kysyttiin-eduskunnassa-ministeri-vastaus-ei-tyydyttanyt\/","title":{"rendered":"Pakkausmerkinn\u00f6ist\u00e4 kysyttiin eduskunnassa, -ministerin vastaus ei tyydytt\u00e4nyt"},"content":{"rendered":"<p><strong>Kansanedustaja Eerikki Viljanen (Keskusta) on tyytym\u00e4t\u00f6n maa- ja mets\u00e4talousministeri Sari Essayahin vastaukseen kirjalliseen kysymykseen, joka koski elintarvikkeiden pakkausmerkint\u00f6jen valvontaa ja kuluttajien oikeutta saada tietoa ostamistaan tuotteista.<\/strong><\/p>\n<p><strong>Eerikki Viljasen<\/strong>, <strong>Anne Kalmarin<\/strong> ja yhdeks\u00e4n muun edustajan j\u00e4tt\u00e4m\u00e4 <strong><em>kirjallinen kysymys<\/em><\/strong> nostaa esiin, ett\u00e4 osa yrityksist\u00e4 laiminly\u00f6 velvollisuutensa huolehtia pakkausmerkinn\u00f6ist\u00e4 suomen ja ruotsin kielell\u00e4, mik\u00e4 heikent\u00e4\u00e4 sek\u00e4 kuluttajan oikeuksia ett\u00e4 tunnollisesti toimivien kotimaisten yritysten asemaa.<\/p>\n<p>Viljasen mukaan ministeri <strong>Sari Essayah<\/strong>in vastaus my\u00f6nt\u00e4\u00e4, ett\u00e4 puutteita on havaittu erityisesti maahantuoduissa elintarvikkeissa, mutta toimenpiteet j\u00e4\u00e4v\u00e4t byrokraattisen tason kuvaukseksi.<\/p>\n<blockquote><p>\u2013 Vastauksessa luetellaan, kuka mit\u00e4kin valvoo, mutta ei vastata siihen, miten ongelma aiotaan ratkaista. Kun jo Ruokaviraston omissa raporteissa todetaan, ett\u00e4 merkint\u00f6j\u00e4 puuttuu ja rikkomuksia esiintyy toistuvasti, ei voi sanoa, ett\u00e4 valvonta toimii. K\u00e4yt\u00e4nn\u00f6ss\u00e4 kuluttaja joutuu yh\u00e4 liian usein arvailemaan, mit\u00e4 ostaa ja mist\u00e4 tuote on per\u00e4isin, Viljanen sanoo.<\/p><\/blockquote>\n<h2>&#8217;<em>Hallitus sys\u00e4\u00e4 vastuun kunnille, Ruokavirastolle ja tullille<\/em>&#8217;<\/h2>\n<p>Viljasen mukaan hallitus sys\u00e4\u00e4 vastuun kunnille, Ruokavirastolle ja tullille ilman, ett\u00e4 resursseja lis\u00e4t\u00e4\u00e4n tai valvontaa aidosti tehostetaan.<\/p>\n<blockquote><p>\u2013 Kunnat ovat jo nyt \u00e4\u00e4rirajoilla ja tullin valvontamahdollisuudet ovat rajalliset. Jos tarkastuksia tehd\u00e4\u00e4n vain muutaman vuoden v\u00e4lein, se ei ole tehokasta valvontaa vaan n\u00e4enn\u00e4ist\u00e4 toimintaa.<\/p><\/blockquote>\n<p>&#8217;<em>Maatiloilla tarkastukset kyll\u00e4 j\u00e4rjestyv\u00e4t parhaimmillaan useita kertoja vuodessa. Hallinnollinen seuraamusmaksu on vastauksessa mainittu, mutta sen k\u00e4ytt\u00f6 on j\u00e4\u00e4nyt satunnaiseksi<\/em>&#8217;, Viljanen huomauttaa.<\/p>\n<h2>Ruuan pakkausmerkinn\u00e4t eiv\u00e4t ole vain sivuseikka<\/h2>\n<p>Viljanen muistuttaa, ett\u00e4 kyse ei ole vain teknisest\u00e4 yksityiskohdasta, vaan kuluttajansuojasta ja reilusta kilpailusta.<\/p>\n<blockquote><p>\u2013 Kotimaiset yritykset noudattavat s\u00e4\u00e4nt\u00f6j\u00e4 ja kantavat kustannukset. Jos tuontituotteita myyd\u00e4\u00e4n ilman lain vaatimia suomen- ja ruotsinkielisi\u00e4 merkint\u00f6j\u00e4, se v\u00e4\u00e4rist\u00e4\u00e4 kilpailua ja asettaa kotimaiset tuottajat ep\u00e4edulliseen asemaan. T\u00e4h\u00e4n hallituksen pit\u00e4isi tarttua.<\/p><\/blockquote>\n<p>Viljasen mielest\u00e4 hallituksen on annettava selke\u00e4 aikataulu ja toimet valvonnan vahvistamiseksi.<\/p>\n<blockquote><p>\u2013 K\u00e4yt\u00e4nn\u00f6ss\u00e4 tarvitaan lis\u00e4\u00e4 valvontaresursseja tullille ja kunnille, yhten\u00e4iset seuraamusk\u00e4yt\u00e4nn\u00f6t sek\u00e4 mahdollisuus m\u00e4\u00e4r\u00e4t\u00e4 tuntuvia sanktioita, jos kielivaatimuksia ja j\u00e4ljitett\u00e4vyysvelvoitteita rikotaan. Muuten puheet vastuullisuudesta j\u00e4\u00e4v\u00e4t tyhjiksi, Viljanen painottaa.<\/p><\/blockquote>\n<p>(Uutispeili ei ole muokannut artikkelin sis\u00e4lt\u00f6\u00e4.)<\/p>\n<p>Luettavaa:<\/p>\n<ul>\n<li>Kirjallinen kysymys 338\/2025 vp <a href=\"https:\/\/www.eduskunta.fi\/FI\/vaski\/Kysymys\/Sivut\/KK_338+2025.aspx\" target=\"_blank\" rel=\"noopener noreferrer\">https:\/\/www.eduskunta.fi\/FI\/vaski\/Kysymys\/Sivut\/KK_338+2025.aspx<\/a><\/li>\n<\/ul>\n","protected":false},"excerpt":{"rendered":"<p>Kansanedustaja Eerikki Viljanen (Keskusta) on tyytym\u00e4t\u00f6n maa- ja mets\u00e4talousministeri Sari Essayahin vastaukseen kirjalliseen kysymykseen, joka koski elintarvikkeiden pakkausmerkint\u00f6jen valvontaa ja kuluttajien oikeutta saada tietoa ostamistaan tuotteista. Eerikki Viljasen, Anne Kalmarin ja yhdeks\u00e4n muun edustajan j\u00e4tt\u00e4m\u00e4 kirjallinen kysymys nostaa esiin, ett\u00e4 osa yrityksist\u00e4 laiminly\u00f6 velvollisuutensa huolehtia pakkausmerkinn\u00f6ist\u00e4 suomen ja ruotsin kielell\u00e4, mik\u00e4 heikent\u00e4\u00e4 sek\u00e4 kuluttajan oikeuksia [&hellip;]<\/p>\n","protected":false},"author":3,"featured_media":9225,"comment_status":"open","ping_status":"open","sticky":false,"template":"","format":"standard","meta":{"footnotes":""},"categories":[49],"tags":[],"_links":{"self":[{"href":"https:\/\/www.uutispeili.fi\/index.php\/wp-json\/wp\/v2\/posts\/9224"}],"collection":[{"href":"https:\/\/www.uutispeili.fi\/index.php\/wp-json\/wp\/v2\/posts"}],"about":[{"href":"https:\/\/www.uutispeili.fi\/index.php\/wp-json\/wp\/v2\/types\/post"}],"author":[{"embeddable":true,"href":"https:\/\/www.uutispeili.fi\/index.php\/wp-json\/wp\/v2\/users\/3"}],"replies":[{"embeddable":true,"href":"https:\/\/www.uutispeili.fi\/index.php\/wp-json\/wp\/v2\/comments?post=9224"}],"version-history":[{"count":2,"href":"https:\/\/www.uutispeili.fi\/index.php\/wp-json\/wp\/v2\/posts\/9224\/revisions"}],"predecessor-version":[{"id":9227,"href":"https:\/\/www.uutispeili.fi\/index.php\/wp-json\/wp\/v2\/posts\/9224\/revisions\/9227"}],"wp:featuredmedia":[{"embeddable":true,"href":"https:\/\/www.uutispeili.fi\/index.php\/wp-json\/wp\/v2\/media\/9225"}],"wp:attachment":[{"href":"https:\/\/www.uutispeili.fi\/index.php\/wp-json\/wp\/v2\/media?parent=9224"}],"wp:term":[{"taxonomy":"category","embeddable":true,"href":"https:\/\/www.uutispeili.fi\/index.php\/wp-json\/wp\/v2\/categories?post=9224"},{"taxonomy":"post_tag","embeddable":true,"href":"https:\/\/www.uutispeili.fi\/index.php\/wp-json\/wp\/v2\/tags?post=9224"}],"curies":[{"name":"wp","href":"https:\/\/api.w.org\/{rel}","templated":true}]}}