{"id":9206,"date":"2025-11-06T19:32:58","date_gmt":"2025-11-06T17:32:58","guid":{"rendered":"https:\/\/www.uutispeili.fi\/?p=9206"},"modified":"2025-11-06T19:32:58","modified_gmt":"2025-11-06T17:32:58","slug":"ek-selvitti-saatelyn-kustannukset-yrityksille","status":"publish","type":"post","link":"https:\/\/www.uutispeili.fi\/index.php\/2025\/11\/06\/ek-selvitti-saatelyn-kustannukset-yrityksille\/","title":{"rendered":"EK selvitti s\u00e4\u00e4telyn kustannukset yrityksille"},"content":{"rendered":"<p><strong>Elinkeinoel\u00e4m\u00e4n Keskusliitin (EK:n)toimitusjohtaja Jyri H\u00e4k\u00e4mies julkisti torstaina selvityksen tulokset s\u00e4\u00e4telyn yrityksille aiheuttamasta kulurasitteesta Suomessa.<\/strong><\/p>\n<p>Erilaiset <strong>raportit<\/strong>, joita hallintobyrokratia tarvitsee p\u00f6ytiens\u00e4 kattamiseen, rasittavat suuresti niit\u00e4 toimijoita, joiden on t\u00e4m\u00e4 <strong><em>A4-tsunami<\/em> <\/strong>tuotettava. -Viimeksi t\u00e4n\u00e4\u00e4n eduskunnan kyselytunnilla puhutti terveyskeskusten rasittaminen raportoinnilla, joka sy\u00f6 sairaanhoitokapasiteettia. -Sama maanvaiva kohtaa yritykset.<\/p>\n<p>EK:n selvityksen mukaan &#8217;<em>yrityksiin kohdistuva s\u00e4\u00e4ntely aiheuttaa suomalaisille yrityksille jopa <strong>5,6\u20137,0<\/strong> <strong>miljardin euron<\/strong> kustannukset vuosittain<\/em>&#8217;.\u00a0 S\u00e4\u00e4telyn kustannukset ovat 2.0-2.5% BKT;st\u00e4, kertoo EK:n selvitys.<\/p>\n<blockquote><p>\u2013 Vaikka osalla s\u00e4\u00e4ntelyst\u00e4 on my\u00f6s my\u00f6nteisi\u00e4 vaikutuksia, t\u00e4ll\u00e4 ei kuitenkaan p\u00e4\u00e4se pakoon tosiasiaa, ett\u00e4 yrityksille s\u00e4\u00e4dett\u00e4v\u00e4t velvoitteet johtavat compliance-kustannuksiin, jotka ovat yrityksille kulu siin\u00e4 miss\u00e4 tulli tai veronkorotus. Velvoitteita ei voida vain lis\u00e4t\u00e4 ilman, ett\u00e4 sill\u00e4 on vaikutuksia yritysten menestykseen ja kasvuun, <strong>Jyri H\u00e4k\u00e4mies<\/strong> sanoi Verkkouutisille (linkki alhaalla).<\/p><\/blockquote>\n<h2>&#8217;<em>Suomen hallituksen on edelleen ter\u00e4v\u00f6itett\u00e4v\u00e4 otettaan s\u00e4\u00e4ntelyn sujuvoittamisessa, sanoo EK:n toimitusjohtaja<\/em>&#8217;<\/h2>\n<p>H\u00e4k\u00e4miehen mukaan s\u00e4\u00e4ntely\u00e4 voidaan sujuvoittaa ja karsia ylis\u00e4\u00e4ntely\u00e4, jolloin parannetaan yritysten kilpailukyky\u00e4, ja vauhditetaan talouskasvua. &#8221;<em>&#8230; EU-tasolla s\u00e4\u00e4ntelyn sujuvoittamiseen on tartuttu nykyisen komission aikana. My\u00f6s Suomen hallituksen on edelleen ter\u00e4v\u00f6itett\u00e4v\u00e4 otettaan s\u00e4\u00e4ntelyn sujuvoittamisessa<\/em>&#8221;, sanoo EK:n toimitusjohtaja Jyri H\u00e4k\u00e4mies.<\/p>\n<p>H\u00e4k\u00e4mies ehdottaakin hallinnollisen taakan ja s\u00e4\u00e4telyst\u00e4 aiheutuvien kustannuksien yritysvaikutusarvion tekemist\u00e4 jokaisen uuden lakiesityksen k\u00e4sittelyn yhteydess\u00e4, -ja esityksen palauttamista takaisin valmisteluun tarvittaessa.<\/p>\n<blockquote><p>EK on siis hereill\u00e4, ja her\u00e4ttelee politiikkoja. -Seuraava kysymys onkin, kenelle ylikire\u00e4 kontrolli ja tarpeeton s\u00e4\u00e4tely ovat eduksi? -Jos yritt\u00e4jille ja kansantaloudelle ne ovat raskas rasite?<\/p><\/blockquote>\n<p>Otsikkokuvassa &#8217;<em>Vanha Kehno<\/em>&#8217;, <strong>Che Guevara<\/strong>, kurkkii paperipinosta: Kuka sen sinne p\u00e4\u00e4sti??<\/p>\n<p><em>Esson baarin<\/em> taksikuskien p\u00f6yd\u00e4n <em>kansankyynikko-raadilta<\/em> k\u00e4vin kysym\u00e4ss\u00e4: Tikkuniska-laumat yritt\u00e4jien ja itse\u00e4\u00e4n omalla ty\u00f6ll\u00e4\u00e4n el\u00e4tt\u00e4vien kiusaksi ovat asettaneet <strong>\u00bdsosialistisen Suomen<\/strong> n\u00e4kym\u00e4t\u00f6n <em>&#8217;kansanvaltuuskunta&#8217;, &#8217;punakaarti&#8217;<\/em> ja &#8217;<em>vallankumouskomitea<\/em>&#8217;.<\/p>\n<p>Eih\u00e4n voi olla, ett\u00e4 t\u00e4m\u00e4 kaikki kunnon ihmisten kiusaaminen, -ulottuen kansantalouden ja kotimaisen kulutuskysynn\u00e4n yll\u00e4pit\u00e4jiin, yritt\u00e4jiin- olisi silkkaa sattumaa? Jokin <strong><em>saatanallinen<\/em><\/strong> suunnitelma t\u00e4ss\u00e4 t\u00e4ytyy olla?<\/p>\n<p>Kuten <strong>Irwin Goodman<\/strong> osasi todeta: &#8217;<em>Joku s\u00e4hl\u00e4\u00e4<\/em>.&#8217;<\/p>\n<p>Pekka Kemppainen<\/p>\n<p>Luettavaa:<\/p>\n<ul>\n<li><a href=\"https:\/\/www.verkkouutiset.fi\/a\/saantely-maksaa-yrityksille-jopa-kuusi-miljardia-euroa-vuodessa\/#b33e816b\" target=\"_blank\" rel=\"noopener\"><strong>Verkkouutiset<\/strong><\/a> 06.11. 2025: <a href=\"https:\/\/www.verkkouutiset.fi\/a\/saantely-maksaa-yrityksille-jopa-kuusi-miljardia-euroa-vuodessa\/#b33e816b\" target=\"_blank\" rel=\"noopener\">S\u00e4\u00e4ntely maksaa yrityksille jopa kuusi miljardia euroa vuodessa<\/a>; Turhaa byrokratia purkamalla voidaan EK:n mukaan vauhdittaa kasvua.<\/li>\n<\/ul>\n<p>Asian vierest\u00e4 aiemmissa julkaisuissa:<\/p>\n<p>27.03. 2024:<\/p>\n<blockquote class=\"wp-embedded-content\" data-secret=\"d2Q8ghZNgt\"><p><a href=\"https:\/\/www.uutispeili.fi\/index.php\/2024\/03\/27\/kun-hallinto-tuplaantui-niin-ketka-sinne-asettuivat\/\">Kun hallinto tuplaantui, -niin ketk\u00e4 sinne asettuivat?<\/a><\/p><\/blockquote>\n<p><iframe class=\"wp-embedded-content\" sandbox=\"allow-scripts\" security=\"restricted\" style=\"position: absolute; clip: rect(1px, 1px, 1px, 1px);\" title=\"&#8221;Kun hallinto tuplaantui, -niin ketk\u00e4 sinne asettuivat?&#8221; &#8212; \" src=\"https:\/\/www.uutispeili.fi\/index.php\/2024\/03\/27\/kun-hallinto-tuplaantui-niin-ketka-sinne-asettuivat\/embed\/#?secret=77ipjjTeXk#?secret=d2Q8ghZNgt\" data-secret=\"d2Q8ghZNgt\" width=\"600\" height=\"338\" frameborder=\"0\" marginwidth=\"0\" marginheight=\"0\" scrolling=\"no\"><\/iframe><\/p>\n<p>04.11. 2025:<\/p>\n<blockquote class=\"wp-embedded-content\" data-secret=\"GLvz35xcbJ\"><p><a href=\"https:\/\/www.uutispeili.fi\/index.php\/2025\/11\/04\/suomen-talouden-rakenteellinen-ongelma-on-nimetty-julkinen-sektori-ei-voi-olla-kasvun-veturi-se-on-jarru-ja-talouden-tappaja\/\">Suomen talouden rakenteellinen ongelma on nimetty: Julkinen sektori ei voi olla &#8221;kasvun veturi&#8221;, -se on jarru ja talouden tappaja<\/a><\/p><\/blockquote>\n<p><iframe class=\"wp-embedded-content\" sandbox=\"allow-scripts\" security=\"restricted\" style=\"position: absolute; clip: rect(1px, 1px, 1px, 1px);\" title=\"&#8221;Suomen talouden rakenteellinen ongelma on nimetty: Julkinen sektori ei voi olla &#8221;kasvun veturi&#8221;, -se on jarru ja talouden tappaja&#8221; &#8212; \" src=\"https:\/\/www.uutispeili.fi\/index.php\/2025\/11\/04\/suomen-talouden-rakenteellinen-ongelma-on-nimetty-julkinen-sektori-ei-voi-olla-kasvun-veturi-se-on-jarru-ja-talouden-tappaja\/embed\/#?secret=O94IN2XXxq#?secret=GLvz35xcbJ\" data-secret=\"GLvz35xcbJ\" width=\"600\" height=\"338\" frameborder=\"0\" marginwidth=\"0\" marginheight=\"0\" scrolling=\"no\"><\/iframe><\/p>\n<p>04.05. 2024:<\/p>\n<blockquote class=\"wp-embedded-content\" data-secret=\"AsySn65zch\"><p><a href=\"https:\/\/www.uutispeili.fi\/index.php\/2024\/05\/04\/niin-miten-suomessa-voi-yhdistya-korkea-veroaste-rapautuvat-palvelut-ja-julkinen-velkaantuminen-paradoksin-avaus\/\">Niin miten Suomessa voi &#8221;yhdisty\u00e4 korkea veroaste, rapautuvat palvelut ja julkinen velkaantuminen&#8221;, -paradoksin avaus\u00a0<\/a><\/p><\/blockquote>\n<p><iframe class=\"wp-embedded-content\" sandbox=\"allow-scripts\" security=\"restricted\" style=\"position: absolute; clip: rect(1px, 1px, 1px, 1px);\" title=\"&#8221;Niin miten Suomessa voi &#8221;yhdisty\u00e4 korkea veroaste, rapautuvat palvelut ja julkinen velkaantuminen&#8221;, -paradoksin avaus\u00a0&#8221; &#8212; \" src=\"https:\/\/www.uutispeili.fi\/index.php\/2024\/05\/04\/niin-miten-suomessa-voi-yhdistya-korkea-veroaste-rapautuvat-palvelut-ja-julkinen-velkaantuminen-paradoksin-avaus\/embed\/#?secret=Tu4dAb7CYs#?secret=AsySn65zch\" data-secret=\"AsySn65zch\" width=\"600\" height=\"338\" frameborder=\"0\" marginwidth=\"0\" marginheight=\"0\" scrolling=\"no\"><\/iframe><\/p>\n<p>07.10. 2025:<\/p>\n<blockquote class=\"wp-embedded-content\" data-secret=\"7mNecYM3t8\"><p><a href=\"https:\/\/www.uutispeili.fi\/index.php\/2025\/10\/07\/palkkareformi-julkisella-sektorilla-on-valttamaton\/\">Palkkareformi julkisella sektorilla on v\u00e4ltt\u00e4m\u00e4t\u00f6n<\/a><\/p><\/blockquote>\n<p><iframe class=\"wp-embedded-content\" sandbox=\"allow-scripts\" security=\"restricted\" style=\"position: absolute; clip: rect(1px, 1px, 1px, 1px);\" title=\"&#8221;Palkkareformi julkisella sektorilla on v\u00e4ltt\u00e4m\u00e4t\u00f6n&#8221; &#8212; \" src=\"https:\/\/www.uutispeili.fi\/index.php\/2025\/10\/07\/palkkareformi-julkisella-sektorilla-on-valttamaton\/embed\/#?secret=LlUZadpCgu#?secret=7mNecYM3t8\" data-secret=\"7mNecYM3t8\" width=\"600\" height=\"338\" frameborder=\"0\" marginwidth=\"0\" marginheight=\"0\" scrolling=\"no\"><\/iframe><\/p>\n<p>08.08. 2024:<\/p>\n<blockquote class=\"wp-embedded-content\" data-secret=\"eDEoBfzjI6\"><p><a href=\"https:\/\/www.uutispeili.fi\/index.php\/2024\/08\/08\/julkisen-sektorin-vakimaara-ylitti-viime-vuonna-ensimmaista-kertaa-historiassa-700-000n-henkilon-rajan\/\">Julkisen sektorin v\u00e4kim\u00e4\u00e4r\u00e4 ylitti viime vuonna -ensimm\u00e4ist\u00e4 kertaa historiassa- 700 000:n henkil\u00f6n rajan<\/a><\/p><\/blockquote>\n<p><iframe class=\"wp-embedded-content\" sandbox=\"allow-scripts\" security=\"restricted\" style=\"position: absolute; clip: rect(1px, 1px, 1px, 1px);\" title=\"&#8221;Julkisen sektorin v\u00e4kim\u00e4\u00e4r\u00e4 ylitti viime vuonna -ensimm\u00e4ist\u00e4 kertaa historiassa- 700 000:n henkil\u00f6n rajan&#8221; &#8212; \" src=\"https:\/\/www.uutispeili.fi\/index.php\/2024\/08\/08\/julkisen-sektorin-vakimaara-ylitti-viime-vuonna-ensimmaista-kertaa-historiassa-700-000n-henkilon-rajan\/embed\/#?secret=5j03rV4JHK#?secret=eDEoBfzjI6\" data-secret=\"eDEoBfzjI6\" width=\"600\" height=\"338\" frameborder=\"0\" marginwidth=\"0\" marginheight=\"0\" scrolling=\"no\"><\/iframe><\/p>\n<p>08.08. 2025:<\/p>\n<blockquote class=\"wp-embedded-content\" data-secret=\"aUHUzxmrLQ\"><p><a href=\"https:\/\/www.uutispeili.fi\/index.php\/2025\/08\/08\/jarjestotoiminta-kasvatti-heidat-ja-veronmaksaja-elattaa\/\">&#8221;J\u00e4rjest\u00f6toiminta kasvatti heid\u00e4t&#8221; -ja veronmaksaja el\u00e4tt\u00e4\u00e4<\/a><\/p><\/blockquote>\n<p><iframe class=\"wp-embedded-content\" sandbox=\"allow-scripts\" security=\"restricted\" style=\"position: absolute; clip: rect(1px, 1px, 1px, 1px);\" title=\"&#8221;&#8221;J\u00e4rjest\u00f6toiminta kasvatti heid\u00e4t&#8221; -ja veronmaksaja el\u00e4tt\u00e4\u00e4&#8221; &#8212; \" src=\"https:\/\/www.uutispeili.fi\/index.php\/2025\/08\/08\/jarjestotoiminta-kasvatti-heidat-ja-veronmaksaja-elattaa\/embed\/#?secret=zqkmWHC7KI#?secret=aUHUzxmrLQ\" data-secret=\"aUHUzxmrLQ\" width=\"600\" height=\"338\" frameborder=\"0\" marginwidth=\"0\" marginheight=\"0\" scrolling=\"no\"><\/iframe><\/p>\n<p>18,07. 2025:<\/p>\n<blockquote class=\"wp-embedded-content\" data-secret=\"apB08ijDmo\"><p><a href=\"https:\/\/www.uutispeili.fi\/index.php\/2025\/07\/18\/sopimus-paholaisen-kanssa-myy-sielusi-sitten-menestyt\/\">Sopimus Paholaisen kanssa: Myy sielusi, sitten menestyt!<\/a><\/p><\/blockquote>\n<p><iframe class=\"wp-embedded-content\" sandbox=\"allow-scripts\" security=\"restricted\" style=\"position: absolute; clip: rect(1px, 1px, 1px, 1px);\" title=\"&#8221;Sopimus Paholaisen kanssa: Myy sielusi, sitten menestyt!&#8221; &#8212; \" src=\"https:\/\/www.uutispeili.fi\/index.php\/2025\/07\/18\/sopimus-paholaisen-kanssa-myy-sielusi-sitten-menestyt\/embed\/#?secret=r1RGHx3aBJ#?secret=apB08ijDmo\" data-secret=\"apB08ijDmo\" width=\"600\" height=\"338\" frameborder=\"0\" marginwidth=\"0\" marginheight=\"0\" scrolling=\"no\"><\/iframe><\/p>\n<p>16.01. 2024:<\/p>\n<blockquote class=\"wp-embedded-content\" data-secret=\"Cs15Hyik5T\"><p><a href=\"https:\/\/www.uutispeili.fi\/index.php\/2024\/01\/16\/suomalaisen-virkapohon-syyt-ja-luonne\/\">Suomalaisen virkap\u00f6h\u00f6n syyt ja luonne<\/a><\/p><\/blockquote>\n<p><iframe class=\"wp-embedded-content\" sandbox=\"allow-scripts\" security=\"restricted\" style=\"position: absolute; clip: rect(1px, 1px, 1px, 1px);\" title=\"&#8221;Suomalaisen virkap\u00f6h\u00f6n syyt ja luonne&#8221; &#8212; \" src=\"https:\/\/www.uutispeili.fi\/index.php\/2024\/01\/16\/suomalaisen-virkapohon-syyt-ja-luonne\/embed\/#?secret=FcFo94tJip#?secret=Cs15Hyik5T\" data-secret=\"Cs15Hyik5T\" width=\"600\" height=\"338\" frameborder=\"0\" marginwidth=\"0\" marginheight=\"0\" scrolling=\"no\"><\/iframe><\/p>\n<p>19.04. 20924:<\/p>\n<blockquote class=\"wp-embedded-content\" data-secret=\"DBWlTic2dF\"><p><a href=\"https:\/\/www.uutispeili.fi\/index.php\/2024\/04\/19\/julkista-sektoria-ymparoi-inhouse-yhtioiden-risukko-jossa-hankintoja-ei-kilpailuteta-vinkki-talouden-sopeuttajille\/\">Julkista sektoria ymp\u00e4r\u00f6i INHOUSE-yhti\u00f6iden risukko, jossa hankintoja ei kilpailuteta, -vinkki talouden sopeuttajille<\/a><\/p><\/blockquote>\n<p><iframe class=\"wp-embedded-content\" sandbox=\"allow-scripts\" security=\"restricted\" style=\"position: absolute; clip: rect(1px, 1px, 1px, 1px);\" title=\"&#8221;Julkista sektoria ymp\u00e4r\u00f6i INHOUSE-yhti\u00f6iden risukko, jossa hankintoja ei kilpailuteta, -vinkki talouden sopeuttajille&#8221; &#8212; \" src=\"https:\/\/www.uutispeili.fi\/index.php\/2024\/04\/19\/julkista-sektoria-ymparoi-inhouse-yhtioiden-risukko-jossa-hankintoja-ei-kilpailuteta-vinkki-talouden-sopeuttajille\/embed\/#?secret=Ph43ij1zC8#?secret=DBWlTic2dF\" data-secret=\"DBWlTic2dF\" width=\"600\" height=\"338\" frameborder=\"0\" marginwidth=\"0\" marginheight=\"0\" scrolling=\"no\"><\/iframe><\/p>\n","protected":false},"excerpt":{"rendered":"<p>Elinkeinoel\u00e4m\u00e4n Keskusliitin (EK:n)toimitusjohtaja Jyri H\u00e4k\u00e4mies julkisti torstaina selvityksen tulokset s\u00e4\u00e4telyn yrityksille aiheuttamasta kulurasitteesta Suomessa. Erilaiset raportit, joita hallintobyrokratia tarvitsee p\u00f6ytiens\u00e4 kattamiseen, rasittavat suuresti niit\u00e4 toimijoita, joiden on t\u00e4m\u00e4 A4-tsunami tuotettava. -Viimeksi t\u00e4n\u00e4\u00e4n eduskunnan kyselytunnilla puhutti terveyskeskusten rasittaminen raportoinnilla, joka sy\u00f6 sairaanhoitokapasiteettia. -Sama maanvaiva kohtaa yritykset. EK:n selvityksen mukaan &#8217;yrityksiin kohdistuva s\u00e4\u00e4ntely aiheuttaa suomalaisille yrityksille jopa [&hellip;]<\/p>\n","protected":false},"author":3,"featured_media":9208,"comment_status":"open","ping_status":"open","sticky":false,"template":"","format":"standard","meta":{"footnotes":""},"categories":[6,22,1],"tags":[],"_links":{"self":[{"href":"https:\/\/www.uutispeili.fi\/index.php\/wp-json\/wp\/v2\/posts\/9206"}],"collection":[{"href":"https:\/\/www.uutispeili.fi\/index.php\/wp-json\/wp\/v2\/posts"}],"about":[{"href":"https:\/\/www.uutispeili.fi\/index.php\/wp-json\/wp\/v2\/types\/post"}],"author":[{"embeddable":true,"href":"https:\/\/www.uutispeili.fi\/index.php\/wp-json\/wp\/v2\/users\/3"}],"replies":[{"embeddable":true,"href":"https:\/\/www.uutispeili.fi\/index.php\/wp-json\/wp\/v2\/comments?post=9206"}],"version-history":[{"count":2,"href":"https:\/\/www.uutispeili.fi\/index.php\/wp-json\/wp\/v2\/posts\/9206\/revisions"}],"predecessor-version":[{"id":9209,"href":"https:\/\/www.uutispeili.fi\/index.php\/wp-json\/wp\/v2\/posts\/9206\/revisions\/9209"}],"wp:featuredmedia":[{"embeddable":true,"href":"https:\/\/www.uutispeili.fi\/index.php\/wp-json\/wp\/v2\/media\/9208"}],"wp:attachment":[{"href":"https:\/\/www.uutispeili.fi\/index.php\/wp-json\/wp\/v2\/media?parent=9206"}],"wp:term":[{"taxonomy":"category","embeddable":true,"href":"https:\/\/www.uutispeili.fi\/index.php\/wp-json\/wp\/v2\/categories?post=9206"},{"taxonomy":"post_tag","embeddable":true,"href":"https:\/\/www.uutispeili.fi\/index.php\/wp-json\/wp\/v2\/tags?post=9206"}],"curies":[{"name":"wp","href":"https:\/\/api.w.org\/{rel}","templated":true}]}}