{"id":9135,"date":"2025-11-02T19:45:38","date_gmt":"2025-11-02T17:45:38","guid":{"rendered":"https:\/\/www.uutispeili.fi\/?p=9135"},"modified":"2025-11-02T19:45:39","modified_gmt":"2025-11-02T17:45:39","slug":"sanna-marinin-paluu-osa-1","status":"publish","type":"post","link":"https:\/\/www.uutispeili.fi\/index.php\/2025\/11\/02\/sanna-marinin-paluu-osa-1\/","title":{"rendered":"Sanna Marinin paluu, Osa 1."},"content":{"rendered":"<p><strong>Taikasanat olivat \u201d<em>I\u2019m not seeking positions in politics <a href=\"https:\/\/www.thetimes.com\/world\/europe\/article\/sanna-marin-women-can-have-fun-and-be-strong-at-their-jobs-mjdp9sw2x\" target=\"_blank\" rel=\"noopener\">right now<\/a>, but <a href=\"https:\/\/www.thetimes.com\/world\/europe\/article\/sanna-marin-women-can-have-fun-and-be-strong-at-their-jobs-mjdp9sw2x\" target=\"_blank\" rel=\"noopener\">maybe in the future<\/a><\/em>\u201d, ja niiden alusta oli <em>The Sunday Times<\/em>, -ja media repesi. Tarkastelemme.<\/strong><\/p>\n<p>Harvoinpa joku poliittinen puolue saa yht\u00e4 paljon ilmaista julkisuutta, kuin <strong>SDP<\/strong> t\u00e4n\u00e4\u00e4n, mutta onko <strong><em>puoluetoimistossa<\/em><\/strong> ilo irti ja riemu katossa? -Emme ole olleet n\u00e4kem\u00e4ss\u00e4, eik\u00e4 liene tarpeellista (hy\u00f6dyllist\u00e4) k\u00e4yd\u00e4 kysym\u00e4ss\u00e4k\u00e4\u00e4n.<\/p>\n<p><strong>Sanna Marin<\/strong>in kautta Suomen p\u00e4\u00e4ministerin\u00e4, -10.12.2019\u201320.6.2023- ei muistella pelk\u00e4st\u00e4\u00e4n positiivisin ajatuksen. Kaudelle sattui kaksi odottamatonta mega-luokan vastoink\u00e4ymist\u00e4, ja Marinin regiimi oli suomalaisen julkistalouden ikuisuusongelmien vanki, kuten on my\u00f6s seuraajansa. -Arvioita on kuultu, emmek\u00e4 niihin nyt syvenny.<\/p>\n<p>Poimimme Sanna Marinin poliittisista kannanotoista -ja ratkaisuista- vain p\u00e4\u00e4llimm\u00e4isen: Suomen j\u00e4senyyshakemuksen puolustusliitto <strong>NATO<\/strong>:ssa.<\/p>\n<blockquote><p>Suomen Natoon liittymist\u00e4 Marin ei aikaisemmin kannattanut. Tammikuussa 2022 Marin sanoi pit\u00e4v\u00e4ns\u00e4 Suomen Nato-j\u00e4senyytt\u00e4 <strong>\u201deritt\u00e4in ep\u00e4todenn\u00e4k\u00f6isen\u00e4\u201d virkakautensa aikana<\/strong>. (<a href=\"https:\/\/fi.wikipedia.org\/wiki\/Sanna_Marin\" target=\"_blank\" rel=\"noopener\">Wikipedia<\/a>)<\/p><\/blockquote>\n<p>Vuonna 2016, jolloin Marin toimi <strong>Tampere<\/strong>en kaupunginvaltuutettuna, NATO:n varap\u00e4\u00e4sihteeri, kenraali <strong>Alexander Vershbow<\/strong> vieraili Suomessa, ja h\u00e4nt\u00e4 haastatteli tamperelainen Aamulehti.<\/p>\n<ul>\n<li><a href=\"https:\/\/www.aamulehti.fi\/kotimaa\/art-2000007375848.html\" target=\"_blank\" rel=\"noopener\"><strong>Aamulehti<\/strong><\/a> 26.09. 2026: Nato-johtaja pudotti pommin: Kriisiss\u00e4 Suomi ja Ruotsi p\u00e4\u00e4sisiv\u00e4t Naton It\u00e4meren operaatioihin.<\/li>\n<\/ul>\n<p>NATO-kenraalin viesti suomalaisille oli, ett\u00e4 &#8217;\u00e4lk\u00e4\u00e4 hakeko NATO:n j\u00e4senyytt\u00e4, se ei ole tarpeen&#8217; (ja saattaa kirist\u00e4\u00e4 tilannetta It\u00e4merell\u00e4): &#8221;<em>Kriisin sattuessa Pohjois-Atlantin neuvosto (puolustusliiton p\u00e4\u00e4tt\u00e4v\u00e4 elin) kokoontuu vahvuudessa 28+1.<\/em>&#8221;<\/p>\n<p>Lause viestii, ett\u00e4 Suomi kuuluu NATO:n intresseihin, ja Ven\u00e4j\u00e4n uhatessa, Suomi on &#8217;<em>sateenvarjon alla<\/em>&#8217;. Varap\u00e4\u00e4sihteeri ei silloin viel\u00e4 voinut tiet\u00e4\u00e4, kuinka hankaliksi <strong>Orban<\/strong> ja <strong>Erdogan<\/strong> saattavat heitt\u00e4yty\u00e4. Suomen &#8217;NATO-yhteensopivuuden&#8217; eteen olikin tehty vuosien ty\u00f6, josta mm. er\u00e4\u00e4n hallituksen puolustusministeri <strong>Jussi Niinist\u00f6<\/strong>\u00e4 ei ole kiitetty, -ansioidensa mukaisesti.<\/p>\n<p>Suomella on ollut <strong>Yhdysvaltain<\/strong> hiljaiset turvatakuut kev\u00e4\u00e4st\u00e4 1948 alkaen, jolloin asiasta ilmoitti ulkoministeri <strong>Carl Enckell<\/strong>ille silloinen Yhdysvaltain Helsingin-suurl\u00e4hettil\u00e4s <strong>Earl M. Warren<\/strong>. Kaivopuistosta (<strong>US.Embassy<\/strong>st\u00e4) State Departmentiin <strong>Washingtoniin<\/strong> l\u00e4hetetty raportti kuvasi Suomen ulkoministerin reaktiosta sanalla &#8221;<em>liikuttunut<\/em>&#8221;.<\/p>\n<p>Viel\u00e4 v.2016 Yhdysvallat ei toivonut suomalaisten &#8221;<em>keikuttavan venett\u00e4<\/em>&#8221;.<\/p>\n<blockquote><p>T\u00e4m\u00e4 oppi n\u00e4ytt\u00e4\u00e4 olleen Sanna Marinin tiedossa -ja h\u00e4nt\u00e4 ohjaamassa- viel\u00e4 tammikuussa -22.<\/p><\/blockquote>\n<p>Sen j\u00e4lkeen kaikki muuttui. -Ja alkoi kilpalaulanta, kuka ensimm\u00e4isen\u00e4 sanoi sanat &#8217;<strong><em>natoj\u00e4senyys<\/em><\/strong>&#8217;. Nyt tied\u00e4mme kilvan tarpeettomuuden.<\/p>\n<h2><em>&#8221;Kuutoset&#8221;<\/em><\/h2>\n<p>1940-luvulla, Suomen hallituksen etsiess\u00e4 p\u00e4\u00e4sy\u00e4 k\u00e4ynniss\u00e4 olevasta <strong>maailmansodasta<\/strong>, ilmaantui eduskunnassa individualisteja, joille oman profiilin nosto oli t\u00e4rke\u00e4mp\u00e4\u00e4, kuin is\u00e4nmaan etu. He ryhtyiv\u00e4t rakentelemaan itselleen &#8221;<em>rauha<\/em>&#8221;-ponnistuskeppi\u00e4 sodanj\u00e4lkeisen uransa vauhdittamiseksi. He tekiv\u00e4t pelkk\u00e4\u00e4 vahinkoa, sill\u00e4 hallitus oli jo pitk\u00e4ll\u00e4 rauhantunnusteluissa, joissa mm. <strong>Washington<\/strong> oli ollut osallinen.<\/p>\n<p>1943-vaiheisiin n\u00e4hden Sanna Marin v\u00e4ltti &#8221;<strong><em>kuutosten<\/em><\/strong>&#8221; synnin, ja puhui -helmikuuhun-22 asti- sit\u00e4, mit\u00e4 pit\u00e4\u00e4kin puhua. -Siit\u00e4 pointsit!<\/p>\n<blockquote><p>Kun eduskunta toukokuussa 2022 p\u00e4\u00e4tti Suomen j\u00e4senyyshakemuksesta NATO:on, silloinkin n\u00e4htiin (perinteelliset) &#8217;kuutoset&#8217;. (Mik\u00e4 siin\u00e4 luvussa m\u00e4tt\u00e4\u00e4?)<\/p><\/blockquote>\n<p>Suomalaisen poliittisen kent\u00e4n -vasemman laidan er\u00e4s favoriitti ja perint\u00f6rasite on ollut &#8221;<em>rauhanaate<\/em>&#8221;. -Ehk\u00e4 jossakin laskettiin sen varaan, ett\u00e4 vanha konsti toimii t\u00e4m\u00e4nkin kerran:<\/p>\n<ul>\n<li>Saadaan eduskuntaan h\u00e4rdelli NATO-\u00e4\u00e4nestykseen,<\/li>\n<li>saadaan <strong>Vasemmistoliiton<\/strong> eduskuntaryhm\u00e4 jakautumaan, -ja puolue ehk\u00e4p\u00e4 pois hallituksesta?,<\/li>\n<li>mobilisoidaan demareihin -jo <strong>V\u00e4iski Leskisen<\/strong> &#8217;<em>canossan-matkailusta<\/em>&#8217; asti ker\u00e4tty &#8221;<strong><em>rauhan-oppostio!<\/em><\/strong>&#8221;<\/li>\n<\/ul>\n<p>-Eik\u00f6h\u00e4n se suomalaisten NATO-into t\u00e4h\u00e4n tyss\u00e4\u00e4? -No ei tyss\u00e4nnyt: <strong>Li Andersson<\/strong>in taitava siirto -antaa edustajille vapaus \u00e4\u00e4nest\u00e4\u00e4 &#8217;<em>omantuntonsa mukaan<\/em>&#8217; natoj\u00e4senyydest\u00e4 veti maton alta (ja vauhdilla) puolueen perinneosaston \u00e4nkyr\u00e4siivelt\u00e4, ja -kun Vasurit olivat &#8221;<em>menneet demareista oikealta ohi<\/em>&#8221;, SDP:n sis\u00e4\u00e4n huolella rakennettu <em>Halosen-Tuomiojan-linja<\/em> ei p\u00e4\u00e4ssyt toteuttamaan lajityypillist\u00e4 k\u00e4ytt\u00e4ytymist\u00e4\u00e4n.<\/p>\n<blockquote><p>&#8217;Se oli torjuntavoitto!<\/p><\/blockquote>\n<p>Eduskunnan isossa salissa n\u00e4htiin kuitenkin &#8221;<strong><em>kuutoset<\/em><\/strong>&#8221;. -N\u00e4ist\u00e4 yksi edusti jopa &#8221;<em><strong>Kreml<\/strong>in uutta pesuetta<\/em>&#8221;, \u00e4\u00e4rioikeista.<\/p>\n<p>N\u00e4inp\u00e4 Suomi pelastui j\u00e4\u00e4m\u00e4st\u00e4 vaaralliselle &#8217;<em>harmaalle vy\u00f6hykkeelle<\/em>&#8217;, -ja mainitsin jo ne nimet, joita saamme kiitt\u00e4\u00e4!<\/p>\n<p>Sanna Mariniin kes\u00e4ll\u00e4 2022 kohdistettu poikkeuksellinen kampanja on viel\u00e4 -tekij\u00f6iden ja taustojen osalta julkisuudessa avaamatta. Hy\u00f6tyjien etsiminen toimii my\u00f6s nykytiedoilla:<\/p>\n<p>(Jatkuu linkin j\u00e4lkeen.)<\/p>\n<blockquote class=\"wp-embedded-content\" data-secret=\"mCKhCdPFMf\"><p><a href=\"https:\/\/uutisiahauskastijakiinnostavasti.wordpress.com\/2022\/09\/10\/nouseeko-uudeksi-demari-paaministeriksi-gazpromin-kaveri\/\">Nouseeko uudeksi demari-p\u00e4\u00e4ministeriksi Gazpromin&nbsp;kaveri?<\/a><\/p><\/blockquote>\n<p><iframe class=\"wp-embedded-content\" sandbox=\"allow-scripts\" security=\"restricted\" style=\"position: absolute; clip: rect(1px, 1px, 1px, 1px);\" title=\"&#8221;Nouseeko uudeksi demari-p\u00e4\u00e4ministeriksi Gazpromin&nbsp;kaveri?&#8221; &#8212; Uutisia Hauskasti ja Kiinnostavasti\" src=\"https:\/\/uutisiahauskastijakiinnostavasti.wordpress.com\/2022\/09\/10\/nouseeko-uudeksi-demari-paaministeriksi-gazpromin-kaveri\/embed\/#?secret=Tp97KMwSjq#?secret=mCKhCdPFMf\" data-secret=\"mCKhCdPFMf\" width=\"600\" height=\"338\" frameborder=\"0\" marginwidth=\"0\" marginheight=\"0\" scrolling=\"no\"><\/iframe><\/p>\n<p>Joku halusi vaihtaa Suomen hallituksen, -ainakin p\u00e4\u00e4ministerin. Silloisilla eduskunnan voimasuhteilla hallituksen puoluekoostumus ei (ehk\u00e4) olisi vaihtunut, mutta jokin tavoite olisi voinut toteutua. -Turvallisuuspoliittisesti.<\/p>\n<p>Olemmeko me Suomessa yh\u00e4 liian sinisilm\u00e4isi\u00e4 hybridioperaatioiden suhteen.<\/p>\n<p>Pekka Kemppainen<\/p>\n<p>Luettavaa:<\/p>\n<ul>\n<li><a href=\"https:\/\/www.iltalehti.fi\/politiikka\/a\/20e64ebb-729a-435d-b554-4bb5f5286224\" target=\"_blank\" rel=\"noopener\"><strong>Lauri Nurmi<\/strong><\/a> <strong><em>Iltalehdess\u00e4<\/em><\/strong> t\u00e4n\u00e4\u00e4n,<\/li>\n<li><a href=\"https:\/\/www.thetimes.com\/world\/europe\/article\/sanna-marin-women-can-have-fun-and-be-strong-at-their-jobs-mjdp9sw2x\" target=\"_blank\" rel=\"noopener\"><strong>The Sunday Times<\/strong> <\/a>02.11. 2025,<\/li>\n<li><a href=\"https:\/\/www.is.fi\/politiikka\/art-2000011599232.html\" target=\"_blank\" rel=\"noopener\"><strong>Iltasanomat<\/strong><\/a> 02.11. 2025,<\/li>\n<li><a href=\"https:\/\/www.hs.fi\/politiikka\/art-2000011599238.html\" target=\"_blank\" rel=\"noopener\"><strong>Helsingin Sanomat<\/strong><\/a> 02.11. 2025,<\/li>\n<li><a href=\"https:\/\/www.mtvuutiset.fi\/artikkeli\/brittilehti-kysyi-sanna-marinilta-paluusta-politiikkaan-tassa-vastaus\/9249406\" target=\"_blank\" rel=\"noopener\"><strong>MTV<\/strong><\/a> 02.11. 2025,<\/li>\n<li><a href=\"https:\/\/www.iltalehti.fi\/politiikka\/a\/4333b7bf-0493-4eda-bf38-4df021d796a1\" target=\"_blank\" rel=\"noopener\"><strong>Iltalehti<\/strong><\/a> 02.11. 2025 (eri juttu).<\/li>\n<li><a href=\"https:\/\/yle.fi\/a\/74-20191711\" target=\"_blank\" rel=\"noopener\"><strong>Yle<\/strong><\/a> 02.11. 2025,<\/li>\n<li><a href=\"https:\/\/www.satakunnankansa.fi\/kotimaa\/art-2000011599288.html?utm_source=ampparit\" target=\"_blank\" rel=\"noopener\"><strong>Satakunnan kansa<\/strong><\/a> 02.11. 2025,<\/li>\n<\/ul>\n<h2>Aiempia julkaisuja:<\/h2>\n<p>24.05. 2025:<\/p>\n<blockquote class=\"wp-embedded-content\" data-secret=\"1IAevwKNmP\"><p><a href=\"https:\/\/www.uutispeili.fi\/index.php\/2025\/05\/24\/oletko-petettyjen-porukassa\/\">Oletko petettyjen porukassa?<\/a><\/p><\/blockquote>\n<p><iframe class=\"wp-embedded-content\" sandbox=\"allow-scripts\" security=\"restricted\" style=\"position: absolute; clip: rect(1px, 1px, 1px, 1px);\" title=\"&#8221;Oletko petettyjen porukassa?&#8221; &#8212; \" src=\"https:\/\/www.uutispeili.fi\/index.php\/2025\/05\/24\/oletko-petettyjen-porukassa\/embed\/#?secret=KNedq213pt#?secret=1IAevwKNmP\" data-secret=\"1IAevwKNmP\" width=\"600\" height=\"338\" frameborder=\"0\" marginwidth=\"0\" marginheight=\"0\" scrolling=\"no\"><\/iframe><\/p>\n<p>24.02. 2025:<\/p>\n<blockquote class=\"wp-embedded-content\" data-secret=\"1fBofrWxQo\"><p><a href=\"https:\/\/www.uutispeili.fi\/index.php\/2025\/02\/24\/sannuli-oikeassa-vai-vaarassa\/\">Sannuli oikeassa vai v\u00e4\u00e4r\u00e4ss\u00e4<\/a><\/p><\/blockquote>\n<p><iframe class=\"wp-embedded-content\" sandbox=\"allow-scripts\" security=\"restricted\" style=\"position: absolute; clip: rect(1px, 1px, 1px, 1px);\" title=\"&#8221;Sannuli oikeassa vai v\u00e4\u00e4r\u00e4ss\u00e4&#8221; &#8212; \" src=\"https:\/\/www.uutispeili.fi\/index.php\/2025\/02\/24\/sannuli-oikeassa-vai-vaarassa\/embed\/#?secret=LE75NjvzCT#?secret=1fBofrWxQo\" data-secret=\"1fBofrWxQo\" width=\"600\" height=\"338\" frameborder=\"0\" marginwidth=\"0\" marginheight=\"0\" scrolling=\"no\"><\/iframe><\/p>\n<p>14.10. 2025:<\/p>\n<blockquote class=\"wp-embedded-content\" data-secret=\"4enBGTwcXO\"><p><a href=\"https:\/\/www.uutispeili.fi\/index.php\/2025\/10\/14\/vanha-pimittaja-syyttaa-sanna-marinia-ja-sauli-niinistoa-nato-tietojen-pimittamisesta\/\">Vanha pimitt\u00e4j\u00e4 syytt\u00e4\u00e4 Sanna Marinia ja Sauli Niinist\u00f6\u00e4 &#8221;NATO-tietojen pimitt\u00e4misest\u00e4<\/a><\/p><\/blockquote>\n<p><iframe class=\"wp-embedded-content\" sandbox=\"allow-scripts\" security=\"restricted\" style=\"position: absolute; clip: rect(1px, 1px, 1px, 1px);\" title=\"&#8221;Vanha pimitt\u00e4j\u00e4 syytt\u00e4\u00e4 Sanna Marinia ja Sauli Niinist\u00f6\u00e4 &#8221;NATO-tietojen pimitt\u00e4misest\u00e4&#8221; &#8212; \" src=\"https:\/\/www.uutispeili.fi\/index.php\/2025\/10\/14\/vanha-pimittaja-syyttaa-sanna-marinia-ja-sauli-niinistoa-nato-tietojen-pimittamisesta\/embed\/#?secret=GMtaatvSqW#?secret=4enBGTwcXO\" data-secret=\"4enBGTwcXO\" width=\"600\" height=\"338\" frameborder=\"0\" marginwidth=\"0\" marginheight=\"0\" scrolling=\"no\"><\/iframe><\/p>\n<p>13.02. 2025:<\/p>\n<blockquote class=\"wp-embedded-content\" data-secret=\"iM6HhjoQKs\"><p><a href=\"https:\/\/www.uutispeili.fi\/index.php\/2025\/02\/13\/sanna-marin-tanaan-venajan-voitto-rohkaisisi-autoritaarisia-hallintoja-maailmanlaajuisesti-ja-murentaisi-turvallisuutta\/\">Sanna Marin t\u00e4n\u00e4\u00e4n: &#8221;Ven\u00e4j\u00e4n voitto rohkaisisi autoritaarisia hallintoja maailmanlaajuisesti ja murentaisi turvallisuutta<\/a><\/p><\/blockquote>\n<p><iframe class=\"wp-embedded-content\" sandbox=\"allow-scripts\" security=\"restricted\" style=\"position: absolute; clip: rect(1px, 1px, 1px, 1px);\" title=\"&#8221;Sanna Marin t\u00e4n\u00e4\u00e4n: &#8221;Ven\u00e4j\u00e4n voitto rohkaisisi autoritaarisia hallintoja maailmanlaajuisesti ja murentaisi turvallisuutta&#8221; &#8212; \" src=\"https:\/\/www.uutispeili.fi\/index.php\/2025\/02\/13\/sanna-marin-tanaan-venajan-voitto-rohkaisisi-autoritaarisia-hallintoja-maailmanlaajuisesti-ja-murentaisi-turvallisuutta\/embed\/#?secret=lOC5edno5C#?secret=iM6HhjoQKs\" data-secret=\"iM6HhjoQKs\" width=\"600\" height=\"338\" frameborder=\"0\" marginwidth=\"0\" marginheight=\"0\" scrolling=\"no\"><\/iframe><\/p>\n<p>24.09. 2025:<\/p>\n<blockquote class=\"wp-embedded-content\" data-secret=\"qRbOmCys5F\"><p><a href=\"https:\/\/www.uutispeili.fi\/index.php\/2025\/09\/24\/hattuilun-taito-1-oppitunti\/\">&#8217;Hattuilun taito&#8217;, -1. oppitunti<\/a><\/p><\/blockquote>\n<p><iframe class=\"wp-embedded-content\" sandbox=\"allow-scripts\" security=\"restricted\" style=\"position: absolute; clip: rect(1px, 1px, 1px, 1px);\" title=\"&#8221;&#8217;Hattuilun taito&#8217;, -1. oppitunti&#8221; &#8212; \" src=\"https:\/\/www.uutispeili.fi\/index.php\/2025\/09\/24\/hattuilun-taito-1-oppitunti\/embed\/#?secret=7fZeB05PN9#?secret=qRbOmCys5F\" data-secret=\"qRbOmCys5F\" width=\"600\" height=\"338\" frameborder=\"0\" marginwidth=\"0\" marginheight=\"0\" scrolling=\"no\"><\/iframe><\/p>\n","protected":false},"excerpt":{"rendered":"<p>Taikasanat olivat \u201dI\u2019m not seeking positions in politics right now, but maybe in the future\u201d, ja niiden alusta oli The Sunday Times, -ja media repesi. Tarkastelemme. Harvoinpa joku poliittinen puolue saa yht\u00e4 paljon ilmaista julkisuutta, kuin SDP t\u00e4n\u00e4\u00e4n, mutta onko puoluetoimistossa ilo irti ja riemu katossa? -Emme ole olleet n\u00e4kem\u00e4ss\u00e4, eik\u00e4 liene tarpeellista (hy\u00f6dyllist\u00e4) k\u00e4yd\u00e4 [&hellip;]<\/p>\n","protected":false},"author":3,"featured_media":9136,"comment_status":"open","ping_status":"open","sticky":false,"template":"","format":"standard","meta":{"footnotes":""},"categories":[6,174,223],"tags":[],"_links":{"self":[{"href":"https:\/\/www.uutispeili.fi\/index.php\/wp-json\/wp\/v2\/posts\/9135"}],"collection":[{"href":"https:\/\/www.uutispeili.fi\/index.php\/wp-json\/wp\/v2\/posts"}],"about":[{"href":"https:\/\/www.uutispeili.fi\/index.php\/wp-json\/wp\/v2\/types\/post"}],"author":[{"embeddable":true,"href":"https:\/\/www.uutispeili.fi\/index.php\/wp-json\/wp\/v2\/users\/3"}],"replies":[{"embeddable":true,"href":"https:\/\/www.uutispeili.fi\/index.php\/wp-json\/wp\/v2\/comments?post=9135"}],"version-history":[{"count":4,"href":"https:\/\/www.uutispeili.fi\/index.php\/wp-json\/wp\/v2\/posts\/9135\/revisions"}],"predecessor-version":[{"id":9143,"href":"https:\/\/www.uutispeili.fi\/index.php\/wp-json\/wp\/v2\/posts\/9135\/revisions\/9143"}],"wp:featuredmedia":[{"embeddable":true,"href":"https:\/\/www.uutispeili.fi\/index.php\/wp-json\/wp\/v2\/media\/9136"}],"wp:attachment":[{"href":"https:\/\/www.uutispeili.fi\/index.php\/wp-json\/wp\/v2\/media?parent=9135"}],"wp:term":[{"taxonomy":"category","embeddable":true,"href":"https:\/\/www.uutispeili.fi\/index.php\/wp-json\/wp\/v2\/categories?post=9135"},{"taxonomy":"post_tag","embeddable":true,"href":"https:\/\/www.uutispeili.fi\/index.php\/wp-json\/wp\/v2\/tags?post=9135"}],"curies":[{"name":"wp","href":"https:\/\/api.w.org\/{rel}","templated":true}]}}