{"id":9096,"date":"2025-10-30T22:28:03","date_gmt":"2025-10-30T20:28:03","guid":{"rendered":"https:\/\/www.uutispeili.fi\/?p=9096"},"modified":"2025-10-30T22:28:03","modified_gmt":"2025-10-30T20:28:03","slug":"kaksi-venalaista-tuomittiin-new-yorkissa-aikeesta-murhata-iranilainen-masih-alinejad","status":"publish","type":"post","link":"https:\/\/www.uutispeili.fi\/index.php\/2025\/10\/30\/kaksi-venalaista-tuomittiin-new-yorkissa-aikeesta-murhata-iranilainen-masih-alinejad\/","title":{"rendered":"Kaksi ven\u00e4l\u00e4ist\u00e4 tuomittiin New Yorkissa aikeesta murhata iranilainen Masih Alinejad"},"content":{"rendered":"<p><strong>Iranilainen pappishallinnon vastustaja Masih Alinejad joutuu turvallisuutensa takia asumaan New Yorkissa. Eilen paikallinen tuomioistuin antoi 25 vuotta per p\u00e4\u00e4 istumista kahdelle ven\u00e4l\u00e4iselle, jotka oli v\u00e4rv\u00e4tty murhaamaan Alinejad,<\/strong><\/p>\n<p>Kaksi ven\u00e4l\u00e4ist\u00e4, <strong>Rafat Amirov<\/strong> ja <strong>Polad Omarov<\/strong>, tuomittiin keskiviikkona <strong>New York<\/strong>in alioikeudessa 25 vuodeksi vankeuteen iranilaisen toisinajattelijan ,<strong>Masih Alinejad<\/strong>in,\u00a0 kansainv\u00e4lisest\u00e4 salamurhasuunnitelmasta. Aiemmin <strong>Iran<\/strong>in hallitus on yritt\u00e4nyt kaapata Alinehadin t\u00e4m\u00e4n New Yorkin asunnosta viet\u00e4v\u00e4ksi <strong>Kuuba<\/strong>an.<\/p>\n<p><a href=\"https:\/\/x.com\/Kasparov63\/status\/1983561106367877308\"><img loading=\"lazy\" decoding=\"async\" class=\"aligncenter wp-image-9097 size-full\" src=\"https:\/\/www.uutispeili.fi\/wp-content\/uploads\/2025\/10\/kasparov-alinejad000x.png\" alt=\"\" width=\"399\" height=\"457\" srcset=\"https:\/\/www.uutispeili.fi\/wp-content\/uploads\/2025\/10\/kasparov-alinejad000x.png 399w, https:\/\/www.uutispeili.fi\/wp-content\/uploads\/2025\/10\/kasparov-alinejad000x-262x300.png 262w\" sizes=\"(max-width: 399px) 100vw, 399px\" \/><\/a><\/p>\n<ul>\n<li><a href=\"https:\/\/x.com\/Kasparov63\/status\/1983561106367877308\" target=\"_blank\" rel=\"noopener\">https:\/\/x.com\/Kasparov63\/status\/1983561106367877308<\/a><\/li>\n<\/ul>\n<p>Syytt\u00e4j\u00e4n mukaan <strong>Iranin hallitus<\/strong> maksoi Amiroville ja Omaroville 500 000 dollaria salamurhan koordinoinnista. Nelj\u00e4\u00e4 iranilaista, mukaan lukien Iranin <strong>vallankumouskaartin<\/strong> prikaatikenraali, syytettiin juonitteluun liittyen. Kaikkien uskotaan olevan Iranissa.<\/p>\n<p>Amirov ja Omarov todettiin maaliskuussa Manhattanin liittovaltion tuomioistuimessa syyllisiksi muun muassa palkkamurhaan ja murhan yritykseen kiristyksess\u00e4. Omarovilla oletetaan olevan kontakteja korkean tason mafiosoihin Ven\u00e4j\u00e4ll\u00e4.<\/p>\n<blockquote><p>&#8221;Rikokseni on vain antaa \u00e4\u00e4ni Iranin naisille \u2013 siin\u00e4 kaikki&#8221;, sanoi Alinejad puheessaan oikeudelle. <img loading=\"lazy\" decoding=\"async\" class=\"alignnone size-full wp-image-144\" style=\"font-size: revert; color: initial;\" src=\"https:\/\/www.uutispeili.fi\/wp-content\/uploads\/2023\/11\/di.gold_.gif\" alt=\"\" width=\"11\" height=\"11\" \/><\/p><\/blockquote>\n<p>Luettavaa:<\/p>\n<ul>\n<li><a href=\"https:\/\/www.theguardian.com\/us-news\/2025\/oct\/29\/masih-alinejad-assassination-plot-sentences\" target=\"_blank\" rel=\"noopener\"><strong>Guardian<\/strong><\/a> 29.10. 2025, -selostus oikeudenk\u00e4ynnist\u00e4,<\/li>\n<li><a href=\"https:\/\/nypost.com\/2025\/10\/29\/us-news\/iranian-dissident-masih-alinejad-confronts-bumbling-tehran-backed-mobsters-who-plotted-her-murder-they-couldnt-break-me\/\" target=\"_blank\" rel=\"noopener\"><strong>New York Pos<\/strong><\/a>t 29.10. 2025,<\/li>\n<\/ul>\n","protected":false},"excerpt":{"rendered":"<p>Iranilainen pappishallinnon vastustaja Masih Alinejad joutuu turvallisuutensa takia asumaan New Yorkissa. Eilen paikallinen tuomioistuin antoi 25 vuotta per p\u00e4\u00e4 istumista kahdelle ven\u00e4l\u00e4iselle, jotka oli v\u00e4rv\u00e4tty murhaamaan Alinejad, Kaksi ven\u00e4l\u00e4ist\u00e4, Rafat Amirov ja Polad Omarov, tuomittiin keskiviikkona New Yorkin alioikeudessa 25 vuodeksi vankeuteen iranilaisen toisinajattelijan ,Masih Alinejadin,\u00a0 kansainv\u00e4lisest\u00e4 salamurhasuunnitelmasta. Aiemmin Iranin hallitus on yritt\u00e4nyt kaapata Alinehadin [&hellip;]<\/p>\n","protected":false},"author":3,"featured_media":9098,"comment_status":"open","ping_status":"open","sticky":false,"template":"","format":"standard","meta":{"footnotes":""},"categories":[112,61,127],"tags":[],"_links":{"self":[{"href":"https:\/\/www.uutispeili.fi\/index.php\/wp-json\/wp\/v2\/posts\/9096"}],"collection":[{"href":"https:\/\/www.uutispeili.fi\/index.php\/wp-json\/wp\/v2\/posts"}],"about":[{"href":"https:\/\/www.uutispeili.fi\/index.php\/wp-json\/wp\/v2\/types\/post"}],"author":[{"embeddable":true,"href":"https:\/\/www.uutispeili.fi\/index.php\/wp-json\/wp\/v2\/users\/3"}],"replies":[{"embeddable":true,"href":"https:\/\/www.uutispeili.fi\/index.php\/wp-json\/wp\/v2\/comments?post=9096"}],"version-history":[{"count":1,"href":"https:\/\/www.uutispeili.fi\/index.php\/wp-json\/wp\/v2\/posts\/9096\/revisions"}],"predecessor-version":[{"id":9099,"href":"https:\/\/www.uutispeili.fi\/index.php\/wp-json\/wp\/v2\/posts\/9096\/revisions\/9099"}],"wp:featuredmedia":[{"embeddable":true,"href":"https:\/\/www.uutispeili.fi\/index.php\/wp-json\/wp\/v2\/media\/9098"}],"wp:attachment":[{"href":"https:\/\/www.uutispeili.fi\/index.php\/wp-json\/wp\/v2\/media?parent=9096"}],"wp:term":[{"taxonomy":"category","embeddable":true,"href":"https:\/\/www.uutispeili.fi\/index.php\/wp-json\/wp\/v2\/categories?post=9096"},{"taxonomy":"post_tag","embeddable":true,"href":"https:\/\/www.uutispeili.fi\/index.php\/wp-json\/wp\/v2\/tags?post=9096"}],"curies":[{"name":"wp","href":"https:\/\/api.w.org\/{rel}","templated":true}]}}