{"id":9057,"date":"2025-10-27T12:23:43","date_gmt":"2025-10-27T10:23:43","guid":{"rendered":"https:\/\/www.uutispeili.fi\/?p=9057"},"modified":"2025-10-27T12:23:44","modified_gmt":"2025-10-27T10:23:44","slug":"teemu-keskisarja-media-vaikenee-kansanedustajien-laiskottelusta","status":"publish","type":"post","link":"https:\/\/www.uutispeili.fi\/index.php\/2025\/10\/27\/teemu-keskisarja-media-vaikenee-kansanedustajien-laiskottelusta\/","title":{"rendered":"Teemu Keskisarja: Media vaikenee kansanedustajien laiskottelusta"},"content":{"rendered":"<p><strong>Kansanedustaja Teemu Keskisarja (perussuomalaiset) antaa medialle huonon arvosanan &#8217;<em>l\u00e4hdekritiikin<\/em> <em>puutteesta ja laiskottelusta<\/em>&#8217;.<\/strong><\/p>\n<p>(Arkistokuva, kuval\u00e4hde: Eduskunta.)<\/p>\n<blockquote><p>Ainuttakaan t\u00e4ysistuntoa en ole j\u00e4tt\u00e4nyt v\u00e4liin edes sairauden takia. Liike on l\u00e4\u00e4ke. Pysyn ty\u00f6kuntoisena, koska kokousten, puheenvuorojen, istumisen, lukemisen ja kirjoittamisen tauoilla pelaan s\u00e4hly\u00e4 ja futsalia, sanoo <strong>Teemu Keskisarja<\/strong>.<\/p><\/blockquote>\n<h2>Keskisarjalla nolla poissaoloa<\/h2>\n<p>Istuntokaudella 2023\u20132025 Keskisarjalle on kertynyt t\u00e4h\u00e4n menness\u00e4 nolla poissaoloa. &#8221;<em>-Siis py\u00f6re\u00e4 0&#8243;<\/em>, korostaa Keskisarja. Asettaakseen asiat yhteyksiins\u00e4 Keskisarja listaa eduskunnan &#8217;<em>poissaolo-kuninkaita<\/em>&#8217;:<\/p>\n<p>&#8221;<em>Yksik\u00e4\u00e4n journalisti ei vaivaudu kaivamaan tietoja kansanedustajien ty\u00f6nteosta ja poissaoloista. -T\u00e4ss\u00e4 ne tulevat tarjottimella.<\/em>&#8221;<\/p>\n<ul>\n<li>Diarra, Fatima (vihre\u00e4t) kaudella 2023\u20132025: 32 poissaoloa,<\/li>\n<li>Kallio, Vesa (keskusta): 46 poissaoloa,<\/li>\n<li>Kettunen, Tuomas (keskusta): 21 poissaoloa,<\/li>\n<li>Partanen, Karoliina (kokoomus): 29 poissaoloa<\/li>\n<\/ul>\n<blockquote><p>&#8221;N\u00e4m\u00e4 luvut koskevat pelkki\u00e4 t\u00e4ysistuntoja. Valiokuntien ty\u00f6skentelyss\u00e4 ero on viel\u00e4 musertavampi laiskuri-Teemun hyv\u00e4ksi&#8221;, -muistuttaa Keskisarja. <img loading=\"lazy\" decoding=\"async\" class=\"alignnone size-full wp-image-144\" src=\"https:\/\/www.uutispeili.fi\/wp-content\/uploads\/2023\/11\/di.gold_.gif\" alt=\"\" width=\"11\" height=\"11\" \/><\/p><\/blockquote>\n","protected":false},"excerpt":{"rendered":"<p>Kansanedustaja Teemu Keskisarja (perussuomalaiset) antaa medialle huonon arvosanan &#8217;l\u00e4hdekritiikin puutteesta ja laiskottelusta&#8217;. (Arkistokuva, kuval\u00e4hde: Eduskunta.) Ainuttakaan t\u00e4ysistuntoa en ole j\u00e4tt\u00e4nyt v\u00e4liin edes sairauden takia. Liike on l\u00e4\u00e4ke. Pysyn ty\u00f6kuntoisena, koska kokousten, puheenvuorojen, istumisen, lukemisen ja kirjoittamisen tauoilla pelaan s\u00e4hly\u00e4 ja futsalia, sanoo Teemu Keskisarja. Keskisarjalla nolla poissaoloa Istuntokaudella 2023\u20132025 Keskisarjalle on kertynyt t\u00e4h\u00e4n menness\u00e4 nolla [&hellip;]<\/p>\n","protected":false},"author":3,"featured_media":3765,"comment_status":"open","ping_status":"open","sticky":false,"template":"","format":"standard","meta":{"footnotes":""},"categories":[49],"tags":[],"_links":{"self":[{"href":"https:\/\/www.uutispeili.fi\/index.php\/wp-json\/wp\/v2\/posts\/9057"}],"collection":[{"href":"https:\/\/www.uutispeili.fi\/index.php\/wp-json\/wp\/v2\/posts"}],"about":[{"href":"https:\/\/www.uutispeili.fi\/index.php\/wp-json\/wp\/v2\/types\/post"}],"author":[{"embeddable":true,"href":"https:\/\/www.uutispeili.fi\/index.php\/wp-json\/wp\/v2\/users\/3"}],"replies":[{"embeddable":true,"href":"https:\/\/www.uutispeili.fi\/index.php\/wp-json\/wp\/v2\/comments?post=9057"}],"version-history":[{"count":2,"href":"https:\/\/www.uutispeili.fi\/index.php\/wp-json\/wp\/v2\/posts\/9057\/revisions"}],"predecessor-version":[{"id":9059,"href":"https:\/\/www.uutispeili.fi\/index.php\/wp-json\/wp\/v2\/posts\/9057\/revisions\/9059"}],"wp:featuredmedia":[{"embeddable":true,"href":"https:\/\/www.uutispeili.fi\/index.php\/wp-json\/wp\/v2\/media\/3765"}],"wp:attachment":[{"href":"https:\/\/www.uutispeili.fi\/index.php\/wp-json\/wp\/v2\/media?parent=9057"}],"wp:term":[{"taxonomy":"category","embeddable":true,"href":"https:\/\/www.uutispeili.fi\/index.php\/wp-json\/wp\/v2\/categories?post=9057"},{"taxonomy":"post_tag","embeddable":true,"href":"https:\/\/www.uutispeili.fi\/index.php\/wp-json\/wp\/v2\/tags?post=9057"}],"curies":[{"name":"wp","href":"https:\/\/api.w.org\/{rel}","templated":true}]}}