{"id":9044,"date":"2025-10-26T15:40:27","date_gmt":"2025-10-26T13:40:27","guid":{"rendered":"https:\/\/www.uutispeili.fi\/?p=9044"},"modified":"2025-10-26T15:40:27","modified_gmt":"2025-10-26T13:40:27","slug":"elina-valtonen-asean-kokouksessa-kuala-lumpurissa","status":"publish","type":"post","link":"https:\/\/www.uutispeili.fi\/index.php\/2025\/10\/26\/elina-valtonen-asean-kokouksessa-kuala-lumpurissa\/","title":{"rendered":"Elina Valtonen ASEAN-kokouksessa Kuala Lumpurissa"},"content":{"rendered":"<p><strong>Ulkoministeri Elina Valtonen edustaa t\u00e4n\u00e4\u00e4n Suomea Kaakkois-Aasian ASEAN-maiden huippukokouksessa Kuala Lumpurissa Malesiassa.<\/strong><\/p>\n<p>(Kuvat: Elina Valtonen, <a href=\"https:\/\/www.facebook.com\/elinamariavaltonen\" target=\"_blank\" rel=\"noopener\">Facebook<\/a>.)<\/p>\n<p>Suomi on ensimm\u00e4ist\u00e4 kertaa mukana Kaakkois-Aasian maiden <strong>ASEAN<\/strong>-huippukokouksessa.<\/p>\n<blockquote><p>&#8221;Allekirjoitin Suomen ja ASEANin v\u00e4lisen yst\u00e4vyys- ja yhteisty\u00f6sopimuksen.<br \/>\nTavoitteenamme oli viesti\u00e4 alueen maille, ett\u00e4 haluamme tiivist\u00e4\u00e4 suhteitamme ja lis\u00e4t\u00e4 teknologiayhteisty\u00f6t\u00e4&#8221;, kertoo ulkoministeri <strong>Elina Valtonen<\/strong> fb-p\u00e4ivityksess\u00e4\u00e4n. &#8221;-Minulla oli useita hyvi\u00e4 ja rakentavia tapaamisia.&#8221;<\/p><\/blockquote>\n<h2>Indonesia suomalaisyrityksille t\u00e4rke\u00e4 markkina-alue<\/h2>\n<p>Ulkoministeri tapasi mm.\u00a0 Indonesian ulkoministeri <strong>Sugiono<\/strong>n.<\/p>\n<blockquote><p>-Indonesia on ollut lukuisille suomalaisyrityksille t\u00e4rke\u00e4 markkina jo pitk\u00e4\u00e4n. Nyt tiivist\u00e4mme yhteisty\u00f6t\u00e4 entisest\u00e4\u00e4n. Indonesia on t\u00e4rke\u00e4 tekij\u00e4 my\u00f6s maailmanpolitiikassa ja mm. aktiivisesti etsinyt ratkaisuja <strong>Gaza<\/strong>n tilanteeseen. K\u00e4vimme hyv\u00e4n keskustelun <strong>kahden valtion mallin<\/strong> edist\u00e4misest\u00e4, kertoo Valtonen.<\/p><\/blockquote>\n<h2>Suomella ja Singaporella on valtavasti yhteisi\u00e4 intressej\u00e4<\/h2>\n<p><strong>Singapore<\/strong>n ulkoministeri <strong>Vivian Balakrishnan<\/strong> (kuvassa): <em>Suomella ja Singaporella on valtavasti yhteisi\u00e4 intressej\u00e4<\/em>.<\/p>\n<blockquote><p>Singapore on ainoa Kaakkois-Aasian maa, joka on asettanut pakotteita Ven\u00e4j\u00e4lle. Suomella on paljon opittavaa Singaporen vahvasta teknologiaosaamisesta.<\/p><\/blockquote>\n<h2>Yhteisty\u00f6 syvenee Malesian kanssa<\/h2>\n<p><strong>Malesia<\/strong>n ulkoministeri <strong>Mohamad Hasan<\/strong>:<\/p>\n<blockquote><p>Suomen ja Malesian suhteet ovat vahvat, ja maillamme on paljon potentiaalia syvent\u00e4\u00e4 yhteisty\u00f6t\u00e4 muun muassa kiertotalouden ja <strong>avaruusteknologian<\/strong> aloilla. Tuemme EU:n ja Malesian v\u00e4lisi\u00e4 vapaakauppasopimusneuvotteluja.<\/p><\/blockquote>\n<p>Kaiken poliittisen h\u00e4lin\u00e4nkin keskell\u00e4 hallitus tiivist\u00e4\u00e4 Suomelle t\u00e4rkeit\u00e4 ulkopoliittisia kontakteja.\u00a0 <img loading=\"lazy\" decoding=\"async\" class=\"alignnone size-full wp-image-144\" src=\"https:\/\/www.uutispeili.fi\/wp-content\/uploads\/2023\/11\/di.gold_.gif\" alt=\"\" width=\"11\" height=\"11\" \/><\/p>\n<p>Aiemmat:<\/p>\n<blockquote class=\"wp-embedded-content\" data-secret=\"SGjtpYhK2q\"><p><a href=\"https:\/\/www.uutispeili.fi\/index.php\/2025\/06\/13\/onneksi-edes-valtonen-on-kartalla\/\">Onneksi edes Valtonen on kartalla<\/a><\/p><\/blockquote>\n<p><iframe class=\"wp-embedded-content\" sandbox=\"allow-scripts\" security=\"restricted\" style=\"position: absolute; clip: rect(1px, 1px, 1px, 1px);\" title=\"&#8221;Onneksi edes Valtonen on kartalla&#8221; &#8212; \" src=\"https:\/\/www.uutispeili.fi\/index.php\/2025\/06\/13\/onneksi-edes-valtonen-on-kartalla\/embed\/#?secret=e33tFW0lTS#?secret=SGjtpYhK2q\" data-secret=\"SGjtpYhK2q\" width=\"600\" height=\"338\" frameborder=\"0\" marginwidth=\"0\" marginheight=\"0\" scrolling=\"no\"><\/iframe><\/p>\n<blockquote class=\"wp-embedded-content\" data-secret=\"fwPbgBZXh3\"><p><a href=\"https:\/\/www.uutispeili.fi\/index.php\/2025\/09\/23\/elina-valtonen-tapasi-iranin-ulkoministerin\/\">Elina Valtonen tapasi Iranin ulkoministerin<\/a><\/p><\/blockquote>\n<p><iframe class=\"wp-embedded-content\" sandbox=\"allow-scripts\" security=\"restricted\" style=\"position: absolute; clip: rect(1px, 1px, 1px, 1px);\" title=\"&#8221;Elina Valtonen tapasi Iranin ulkoministerin&#8221; &#8212; \" src=\"https:\/\/www.uutispeili.fi\/index.php\/2025\/09\/23\/elina-valtonen-tapasi-iranin-ulkoministerin\/embed\/#?secret=sQzUAK7YPp#?secret=fwPbgBZXh3\" data-secret=\"fwPbgBZXh3\" width=\"600\" height=\"338\" frameborder=\"0\" marginwidth=\"0\" marginheight=\"0\" scrolling=\"no\"><\/iframe><\/p>\n<blockquote class=\"wp-embedded-content\" data-secret=\"tgKoNMucu3\"><p><a href=\"https:\/\/www.uutispeili.fi\/index.php\/2025\/09\/05\/niin-mita-tunnustetaan-jos-palestiinalaishallitus-tunnustetaan\/\">Niin mit\u00e4 &#8217;tunnustetaan&#8217;, jos palestiinalaishallitus tunnustetaan<\/a><\/p><\/blockquote>\n<p><iframe class=\"wp-embedded-content\" sandbox=\"allow-scripts\" security=\"restricted\" style=\"position: absolute; clip: rect(1px, 1px, 1px, 1px);\" title=\"&#8221;Niin mit\u00e4 &#8217;tunnustetaan&#8217;, jos palestiinalaishallitus tunnustetaan&#8221; &#8212; \" src=\"https:\/\/www.uutispeili.fi\/index.php\/2025\/09\/05\/niin-mita-tunnustetaan-jos-palestiinalaishallitus-tunnustetaan\/embed\/#?secret=CrC12sPBga#?secret=tgKoNMucu3\" data-secret=\"tgKoNMucu3\" width=\"600\" height=\"338\" frameborder=\"0\" marginwidth=\"0\" marginheight=\"0\" scrolling=\"no\"><\/iframe><\/p>\n<blockquote class=\"wp-embedded-content\" data-secret=\"4wD6LC0NZy\"><p><a href=\"https:\/\/www.uutispeili.fi\/index.php\/2025\/08\/22\/suuri-valiokunta-ja-ulkoministeri-keskustelivat-ukrainasta-ja-gazasta\/\">Suuri valiokunta ja ulkoministeri keskustelivat Ukrainasta ja Gazasta<\/a><\/p><\/blockquote>\n<p><iframe class=\"wp-embedded-content\" sandbox=\"allow-scripts\" security=\"restricted\" style=\"position: absolute; clip: rect(1px, 1px, 1px, 1px);\" title=\"&#8221;Suuri valiokunta ja ulkoministeri keskustelivat Ukrainasta ja Gazasta&#8221; &#8212; \" src=\"https:\/\/www.uutispeili.fi\/index.php\/2025\/08\/22\/suuri-valiokunta-ja-ulkoministeri-keskustelivat-ukrainasta-ja-gazasta\/embed\/#?secret=NBXTtcpKCo#?secret=4wD6LC0NZy\" data-secret=\"4wD6LC0NZy\" width=\"600\" height=\"338\" frameborder=\"0\" marginwidth=\"0\" marginheight=\"0\" scrolling=\"no\"><\/iframe><\/p>\n","protected":false},"excerpt":{"rendered":"<p>Ulkoministeri Elina Valtonen edustaa t\u00e4n\u00e4\u00e4n Suomea Kaakkois-Aasian ASEAN-maiden huippukokouksessa Kuala Lumpurissa Malesiassa. (Kuvat: Elina Valtonen, Facebook.) Suomi on ensimm\u00e4ist\u00e4 kertaa mukana Kaakkois-Aasian maiden ASEAN-huippukokouksessa. &#8221;Allekirjoitin Suomen ja ASEANin v\u00e4lisen yst\u00e4vyys- ja yhteisty\u00f6sopimuksen. Tavoitteenamme oli viesti\u00e4 alueen maille, ett\u00e4 haluamme tiivist\u00e4\u00e4 suhteitamme ja lis\u00e4t\u00e4 teknologiayhteisty\u00f6t\u00e4&#8221;, kertoo ulkoministeri Elina Valtonen fb-p\u00e4ivityksess\u00e4\u00e4n. &#8221;-Minulla oli useita hyvi\u00e4 ja rakentavia [&hellip;]<\/p>\n","protected":false},"author":3,"featured_media":9045,"comment_status":"open","ping_status":"open","sticky":false,"template":"","format":"standard","meta":{"footnotes":""},"categories":[221,25],"tags":[],"_links":{"self":[{"href":"https:\/\/www.uutispeili.fi\/index.php\/wp-json\/wp\/v2\/posts\/9044"}],"collection":[{"href":"https:\/\/www.uutispeili.fi\/index.php\/wp-json\/wp\/v2\/posts"}],"about":[{"href":"https:\/\/www.uutispeili.fi\/index.php\/wp-json\/wp\/v2\/types\/post"}],"author":[{"embeddable":true,"href":"https:\/\/www.uutispeili.fi\/index.php\/wp-json\/wp\/v2\/users\/3"}],"replies":[{"embeddable":true,"href":"https:\/\/www.uutispeili.fi\/index.php\/wp-json\/wp\/v2\/comments?post=9044"}],"version-history":[{"count":2,"href":"https:\/\/www.uutispeili.fi\/index.php\/wp-json\/wp\/v2\/posts\/9044\/revisions"}],"predecessor-version":[{"id":9048,"href":"https:\/\/www.uutispeili.fi\/index.php\/wp-json\/wp\/v2\/posts\/9044\/revisions\/9048"}],"wp:featuredmedia":[{"embeddable":true,"href":"https:\/\/www.uutispeili.fi\/index.php\/wp-json\/wp\/v2\/media\/9045"}],"wp:attachment":[{"href":"https:\/\/www.uutispeili.fi\/index.php\/wp-json\/wp\/v2\/media?parent=9044"}],"wp:term":[{"taxonomy":"category","embeddable":true,"href":"https:\/\/www.uutispeili.fi\/index.php\/wp-json\/wp\/v2\/categories?post=9044"},{"taxonomy":"post_tag","embeddable":true,"href":"https:\/\/www.uutispeili.fi\/index.php\/wp-json\/wp\/v2\/tags?post=9044"}],"curies":[{"name":"wp","href":"https:\/\/api.w.org\/{rel}","templated":true}]}}