{"id":9035,"date":"2025-10-24T20:59:12","date_gmt":"2025-10-24T17:59:12","guid":{"rendered":"https:\/\/www.uutispeili.fi\/?p=9035"},"modified":"2025-10-24T20:59:12","modified_gmt":"2025-10-24T17:59:12","slug":"keskusta-ja-sdp-lakkauttamassa-ivalon-yopaivystyksen-vastoin-lakia-ja-alueellista-tasa-arvoa","status":"publish","type":"post","link":"https:\/\/www.uutispeili.fi\/index.php\/2025\/10\/24\/keskusta-ja-sdp-lakkauttamassa-ivalon-yopaivystyksen-vastoin-lakia-ja-alueellista-tasa-arvoa\/","title":{"rendered":"Keskusta ja SDP lakkauttamassa Ivalon y\u00f6p\u00e4ivystyksen \u2013 vastoin lakia ja alueellista tasa-arvoa"},"content":{"rendered":"<p><strong>Keskusta synnytti hyvinvointialueet lakeineen, keskitt\u00e4misasetuksineen ja rahoitusmalleineen. Nyt sama puolue johtaa Lapin hyvinvointialuetta \u2013 ja haluaa lakkauttaa Ivalon y\u00f6p\u00e4ivystyksen. P\u00e4\u00e4t\u00f6s on r\u00e4ike\u00e4ss\u00e4 ristiriidassa sen kanssa, mit\u00e4 Keskusta on julkisuudessa v\u00e4itt\u00e4nyt puolustavansa.<\/strong><\/p>\n<p>(Arkistokuva, kuval\u00e4hde; Eduskunta.)<\/p>\n<p>Hallitus turvasi nimenomaisesti <strong>Ivalon<\/strong> ja <strong>Kuusamon<\/strong> y\u00f6p\u00e4ivystykset lailla, juuri <strong>Lapin<\/strong> pitkien et\u00e4isyyksien vuoksi. Tavoitteena oli lopettaa vuosien poikkeuslupasirkus ja varmistaa, ett\u00e4 alueen asukkaat saavat tarvitsemansa terveydenhuollon ilman jatkuvaa ep\u00e4varmuutta.<\/p>\n<blockquote><p>Nyt <strong>Keskustan<\/strong> johtama aluehallitus \u2013 <strong>SDP<\/strong>:n tuella \u2013 on kuitenkin p\u00e4\u00e4tt\u00e4nyt toisin. P\u00e4ivystyksen lakkauttaminen tarkoittaisi, ett\u00e4 Ivalosta ja viel\u00e4 kauempaa <strong>Utsjoelta<\/strong> jouduttaisiin matkustamaan jopa 450 kilometri\u00e4 <strong>Rovaniemelle<\/strong> saadakseen kiireellist\u00e4 hoitoa. Se on sama matka kuin <strong>Helsingist\u00e4 Ouluun<\/strong>.<\/p><\/blockquote>\n<p>T\u00e4m\u00e4 ei ole reilua, eik\u00e4 se ole alueellista tasa-arvoa.<\/p>\n<blockquote><p>On irvokasta, ett\u00e4 Keskusta, joka loi hyvinvointialuemallin ja sen rahoituspohjan, vaatii nyt hallitusta paikkaamaan omaa ep\u00e4onnistunutta j\u00e4rjestelm\u00e4\u00e4ns\u00e4.<\/p><\/blockquote>\n<p>Ensin Keskusta halusi lis\u00e4aikaa mallin k\u00e4ynnist\u00e4miseen \u2013 nyt se vaatii pikaisia korjauksia ja lakkauttaa samalla palveluita, jotka hallitus on jo lailla turvannut.<\/p>\n<h2>Y\u00f6p\u00e4ivystys Ivalossa turvallisuuskysymys<\/h2>\n<p>Y\u00f6p\u00e4ivystys Ivalossa ei ole vain terveyspalvelu \u2013 se on turvallisuuskysymys. Pitkien et\u00e4isyyksien lis\u00e4ksi alueella j\u00e4rjestet\u00e4\u00e4n s\u00e4\u00e4nn\u00f6llisesti sotaharjoituksia ja liikennevirrat ovat merkitt\u00e4vi\u00e4. Ymp\u00e4rivuorokautinen p\u00e4ivystys on v\u00e4ltt\u00e4m\u00e4t\u00f6n sek\u00e4 paikallisille asukkaille ett\u00e4 koko Suomen turvallisuudelle.<\/p>\n<p>Keskusta ja SDP sanovat haluavansa p\u00e4\u00e4tt\u00e4\u00e4 y\u00f6p\u00e4ivystyksist\u00e4 itse \u2013 ja p\u00e4\u00e4tt\u00e4v\u00e4t lakkauttaa ne.<\/p>\n<p>T\u00e4m\u00e4 on tekopyh\u00e4\u00e4 ja kaksinaamaista politiikkaa.<\/p>\n<p>Keskusta ja SDP loivat soten, sen rahoitusmallin ja byrokratian, ja nyt ne ovat itse sulkemassa y\u00f6p\u00e4ivystysten ja vuodeosastojen ovia.<\/p>\n<p>T\u00e4llaisia ovat heid\u00e4n &#8221;reilut s\u00e4\u00e4st\u00f6talkoonsa&#8221;.<\/p>\n<blockquote><p>\u2013 Her\u00e4tk\u00e4\u00e4 nyt! T\u00e4m\u00e4 ihmisten sumuttaminen on lopetettava.Lapin ja koko pohjoisen ihmisten palvelut on turvattava, ei ajettava alas.<\/p><\/blockquote>\n<p>Sara Sepp\u00e4nen<\/p>\n<p>24.10. 2025<\/p>\n<p>Kansanedustaja, Perussuomalaiset<\/p>\n","protected":false},"excerpt":{"rendered":"<p>Keskusta synnytti hyvinvointialueet lakeineen, keskitt\u00e4misasetuksineen ja rahoitusmalleineen. Nyt sama puolue johtaa Lapin hyvinvointialuetta \u2013 ja haluaa lakkauttaa Ivalon y\u00f6p\u00e4ivystyksen. P\u00e4\u00e4t\u00f6s on r\u00e4ike\u00e4ss\u00e4 ristiriidassa sen kanssa, mit\u00e4 Keskusta on julkisuudessa v\u00e4itt\u00e4nyt puolustavansa. (Arkistokuva, kuval\u00e4hde; Eduskunta.) Hallitus turvasi nimenomaisesti Ivalon ja Kuusamon y\u00f6p\u00e4ivystykset lailla, juuri Lapin pitkien et\u00e4isyyksien vuoksi. Tavoitteena oli lopettaa vuosien poikkeuslupasirkus ja varmistaa, ett\u00e4 [&hellip;]<\/p>\n","protected":false},"author":1,"featured_media":8757,"comment_status":"open","ping_status":"open","sticky":false,"template":"","format":"standard","meta":{"footnotes":""},"categories":[43],"tags":[],"_links":{"self":[{"href":"https:\/\/www.uutispeili.fi\/index.php\/wp-json\/wp\/v2\/posts\/9035"}],"collection":[{"href":"https:\/\/www.uutispeili.fi\/index.php\/wp-json\/wp\/v2\/posts"}],"about":[{"href":"https:\/\/www.uutispeili.fi\/index.php\/wp-json\/wp\/v2\/types\/post"}],"author":[{"embeddable":true,"href":"https:\/\/www.uutispeili.fi\/index.php\/wp-json\/wp\/v2\/users\/1"}],"replies":[{"embeddable":true,"href":"https:\/\/www.uutispeili.fi\/index.php\/wp-json\/wp\/v2\/comments?post=9035"}],"version-history":[{"count":1,"href":"https:\/\/www.uutispeili.fi\/index.php\/wp-json\/wp\/v2\/posts\/9035\/revisions"}],"predecessor-version":[{"id":9036,"href":"https:\/\/www.uutispeili.fi\/index.php\/wp-json\/wp\/v2\/posts\/9035\/revisions\/9036"}],"wp:featuredmedia":[{"embeddable":true,"href":"https:\/\/www.uutispeili.fi\/index.php\/wp-json\/wp\/v2\/media\/8757"}],"wp:attachment":[{"href":"https:\/\/www.uutispeili.fi\/index.php\/wp-json\/wp\/v2\/media?parent=9035"}],"wp:term":[{"taxonomy":"category","embeddable":true,"href":"https:\/\/www.uutispeili.fi\/index.php\/wp-json\/wp\/v2\/categories?post=9035"},{"taxonomy":"post_tag","embeddable":true,"href":"https:\/\/www.uutispeili.fi\/index.php\/wp-json\/wp\/v2\/tags?post=9035"}],"curies":[{"name":"wp","href":"https:\/\/api.w.org\/{rel}","templated":true}]}}