{"id":9025,"date":"2025-10-24T17:28:25","date_gmt":"2025-10-24T14:28:25","guid":{"rendered":"https:\/\/www.uutispeili.fi\/?p=9025"},"modified":"2025-10-24T17:29:28","modified_gmt":"2025-10-24T14:29:28","slug":"valmiuteen-ja-varautumiseen-liittyva-lakiehdotus-sai-eduskunnan-sosiaali-ja-terveysvaliokunnan-hyvaksynnan","status":"publish","type":"post","link":"https:\/\/www.uutispeili.fi\/index.php\/2025\/10\/24\/valmiuteen-ja-varautumiseen-liittyva-lakiehdotus-sai-eduskunnan-sosiaali-ja-terveysvaliokunnan-hyvaksynnan\/","title":{"rendered":"Valmiuteen ja varautumiseen liittyv\u00e4 lakiehdotus sai eduskunnan sosiaali- ja terveysvaliokunnan hyv\u00e4ksynn\u00e4n"},"content":{"rendered":"<p><strong>Sosiaali- ja terveysvaliokunta kannattaa valmiuteen ja varautumiseen liittyv\u00e4\u00e4 lakiehdotusta, joka tiivist\u00e4isi hyvinvointialueiden ja Puolustusvoimien yhteisty\u00f6t\u00e4.<\/strong><\/p>\n<p>(Kuvan aineista: SA, eduskunta.)<\/p>\n<p><strong>Eduskunnan sosiaali- ja terveysvaliokunta<\/strong> sai t\u00e4n\u00e4\u00e4n perjantaina. valmiiksi mietint\u00f6ns\u00e4 sosiaali- ja terveydenhuollon varautumiseen liittyv\u00e4st\u00e4 hallituksen esityksest\u00e4 (86\/2025 vp). Valiokunta kannattaa esityst\u00e4, mutta ehdottaa siihen joitain tarkennuksia ja lausumia.<\/p>\n<p>Mietint\u00f6 on yksimielinen.<\/p>\n<h2>Hyvinvointialueille uusia teht\u00e4vi\u00e4 ja yhteisty\u00f6t\u00e4 puolustusvoimien kanssa<\/h2>\n<p><strong>Hallituksen esityksess\u00e4<\/strong> ehdotetaan sosiaali- ja terveydenhuollon j\u00e4rjest\u00e4misest\u00e4 annetun lain muuttamista.<\/p>\n<blockquote><p>Lakiin ehdotetaan lis\u00e4tt\u00e4v\u00e4ksi s\u00e4\u00e4nn\u00f6s hyvinvointialueen <strong>Puolustusvoimille<\/strong>,<strong> Rajavartiolaitokselle<\/strong>,<strong> Pohjois-Atlantin liitolle<\/strong>, tai Suomen muille liittolaisille antamasta virka-avusta.<\/p><\/blockquote>\n<p>Lis\u00e4ksi hyvinvointialueille annettaisiin Puolustusvoimien kanssa teht\u00e4v\u00e4\u00e4n yhteisty\u00f6h\u00f6n liittyvi\u00e4 uusia teht\u00e4vi\u00e4, jotka liittyv\u00e4t <strong><em>poikkeusoloihin varautumiseen<\/em><\/strong>. Yhteisty\u00f6h\u00f6n kuuluisi hyvinvointialueen kriittisten toimintojen suojaamista ja hajauttamista, materiaalisen varautumisen parantamista, hyvinvointialueen ty\u00f6ntekij\u00f6iden kouluttamista sek\u00e4 Puolustusvoimien ja hyvinvointialueiden j\u00e4rjest\u00e4mi\u00e4 yhteisi\u00e4 harjoituksia.<\/p>\n<blockquote><p>Esityksen tavoitteena on parantaa Suomen puolustuskyky\u00e4 ja vahvistaa siviiliyhteiskunnan tukea Puolustusvoimille ja Natolle. Sen velvoitteet koskisivat hyvinvointialueiden lis\u00e4ksi Helsingin kaupunkia ja HUS-yhtym\u00e4\u00e4.<\/p><\/blockquote>\n<p>Hyvinvointialueiden uudet teht\u00e4v\u00e4t rahoitettaisiin t\u00e4ysim\u00e4\u00e4r\u00e4isesti niihin kohdennetulla valtion erillisrahoituksella. Esityksen kustannusten arvioidaan olevan kuluvalle vuodelle noin 104 miljoonaa euroa, ensi vuodelle 7,5 miljoonaa euroa ja siit\u00e4 eteenp\u00e4in noin 30 miljoonaa euroa vuodessa.<\/p>\n<h2>Hyvinvointialueiden varautumisvelvoitteita selvennet\u00e4\u00e4n<\/h2>\n<p>Sosiaali- ja terveysvaliokunta pit\u00e4\u00e4 esityksen tavoitteita perusteltuina ja kannattaa esityksen hyv\u00e4ksymist\u00e4 muutamin tarkennuksin.<\/p>\n<p>Valiokunnan mukaan esitys selvent\u00e4\u00e4 hyvinvointialueiden varautumisvelvoitteita sek\u00e4 turvaa erityisesti <strong>kriittisten sairaalatoimintojen<\/strong> jatkuvuutta. Valiokunnan kuulemat asiantuntijat ovat kannattaneet esityst\u00e4 laajasti, ja my\u00f6s puolustusvaliokunta on lausunnossaan (PuVL 10\/2025 vp) pit\u00e4nyt sit\u00e4 t\u00e4rke\u00e4n\u00e4. My\u00f6s <strong>perustuslakivaliokunta<\/strong> on antanut sosiaali- ja terveysvaliokunnalle asiasta lausunnon (PeVL 34\/2025 vp) ja linjannut, ett\u00e4 asia voidaan k\u00e4sitell\u00e4 tavallisen lain s\u00e4\u00e4t\u00e4misj\u00e4rjestyksess\u00e4.<\/p>\n<h2>Valiokunta painottaa toimitilojen suojaamista<\/h2>\n<blockquote><p>Sosiaali- ja terveysvaliokunta painottaa, ett\u00e4 sosiaali- ja terveydenhuollon palveluj\u00e4rjestelm\u00e4n ja infrastruktuurin suojaaminen tulee nostaa yhteiskunnallisessa p\u00e4\u00e4t\u00f6ksenteossa puolustuksen varautumisen rinnalle, koska sairaalat ja muu sosiaali- ja terveydenhuollon infrastruktuuri ovat <strong>Ukrainan<\/strong> kokemusten perusteella sodank\u00e4ynnin kohde.<\/p><\/blockquote>\n<p>Valiokunta korostaa, ett\u00e4 vaikka hyvinvointialueiden uudet varautumisteht\u00e4v\u00e4t rahoitetaan valtion erillisrahoituksella, on kriittisten toimitilojen suojaamisen vaatimukset v\u00e4ltt\u00e4m\u00e4t\u00f6nt\u00e4 ottaa huomioon kaikissa hyvinvointialueiden sosiaali- ja terveydenhuollon rakennushankkeissa.<\/p>\n<p>T\u00e4h\u00e4n liittyen valiokunta painottaa, ett\u00e4 hyvinvointialueiden k\u00e4ynniss\u00e4 olevien, alkavien ja tulevien rakennushankkeiden koordinointi valmiuden ja varautumisen n\u00e4k\u00f6kulmasta edellytt\u00e4\u00e4 tiivist\u00e4 yhteisty\u00f6t\u00e4 sosiaali- ja terveysministeri\u00f6n ja valtiovarainministeri\u00f6n kesken. Valiokunta ehdottaa, ett\u00e4 eduskunta hyv\u00e4ksyy lakiehdotukseen t\u00e4st\u00e4 lausuman.<\/p>\n<p>Lis\u00e4ksi valiokunta ehdottaa kahta muuta lausumaa sosiaali- ja terveydenhuollon varautumista tukevan lains\u00e4\u00e4d\u00e4nn\u00f6n jatkovalmisteluista. Hallituksen esitt\u00e4m\u00e4\u00e4n lakitekstiin valiokunta ehdottaa joitain vastuunjakoa selkiytt\u00e4vi\u00e4 tarkennuksia.<\/p>\n<ul>\n<li><a href=\"https:\/\/www.eduskunta.fi\/FI\/vaski\/Mietinto\/Sivut\/StVM_14+2025.aspx\" target=\"_blank\" rel=\"noopener noreferrer\">Lue valiokunnan mietint\u00f6 kokonaisuudessaan<\/a>.<\/li>\n<\/ul>\n<p>Asia etenee seuraavaksi <strong>eduskunnan t\u00e4ysistuntoon<\/strong>, joka p\u00e4\u00e4tt\u00e4\u00e4 sosiaali- ja terveysvaliokunnan mietinn\u00f6n pohjalta, hyv\u00e4ksyyk\u00f6 se hallituksen esityksen. <img loading=\"lazy\" decoding=\"async\" class=\"alignnone size-full wp-image-144\" src=\"https:\/\/www.uutispeili.fi\/wp-content\/uploads\/2023\/11\/di.gold_.gif\" alt=\"\" width=\"11\" height=\"11\" \/><\/p>\n<p>(Uutispeili ei ole muokannut artikkelin sis\u00e4lt\u00f6\u00e4.)<\/p>\n","protected":false},"excerpt":{"rendered":"<p>Sosiaali- ja terveysvaliokunta kannattaa valmiuteen ja varautumiseen liittyv\u00e4\u00e4 lakiehdotusta, joka tiivist\u00e4isi hyvinvointialueiden ja Puolustusvoimien yhteisty\u00f6t\u00e4. (Kuvan aineista: SA, eduskunta.) Eduskunnan sosiaali- ja terveysvaliokunta sai t\u00e4n\u00e4\u00e4n perjantaina. valmiiksi mietint\u00f6ns\u00e4 sosiaali- ja terveydenhuollon varautumiseen liittyv\u00e4st\u00e4 hallituksen esityksest\u00e4 (86\/2025 vp). Valiokunta kannattaa esityst\u00e4, mutta ehdottaa siihen joitain tarkennuksia ja lausumia. Mietint\u00f6 on yksimielinen. Hyvinvointialueille uusia teht\u00e4vi\u00e4 ja yhteisty\u00f6t\u00e4 [&hellip;]<\/p>\n","protected":false},"author":3,"featured_media":9026,"comment_status":"open","ping_status":"open","sticky":false,"template":"","format":"standard","meta":{"footnotes":""},"categories":[49],"tags":[],"_links":{"self":[{"href":"https:\/\/www.uutispeili.fi\/index.php\/wp-json\/wp\/v2\/posts\/9025"}],"collection":[{"href":"https:\/\/www.uutispeili.fi\/index.php\/wp-json\/wp\/v2\/posts"}],"about":[{"href":"https:\/\/www.uutispeili.fi\/index.php\/wp-json\/wp\/v2\/types\/post"}],"author":[{"embeddable":true,"href":"https:\/\/www.uutispeili.fi\/index.php\/wp-json\/wp\/v2\/users\/3"}],"replies":[{"embeddable":true,"href":"https:\/\/www.uutispeili.fi\/index.php\/wp-json\/wp\/v2\/comments?post=9025"}],"version-history":[{"count":2,"href":"https:\/\/www.uutispeili.fi\/index.php\/wp-json\/wp\/v2\/posts\/9025\/revisions"}],"predecessor-version":[{"id":9028,"href":"https:\/\/www.uutispeili.fi\/index.php\/wp-json\/wp\/v2\/posts\/9025\/revisions\/9028"}],"wp:featuredmedia":[{"embeddable":true,"href":"https:\/\/www.uutispeili.fi\/index.php\/wp-json\/wp\/v2\/media\/9026"}],"wp:attachment":[{"href":"https:\/\/www.uutispeili.fi\/index.php\/wp-json\/wp\/v2\/media?parent=9025"}],"wp:term":[{"taxonomy":"category","embeddable":true,"href":"https:\/\/www.uutispeili.fi\/index.php\/wp-json\/wp\/v2\/categories?post=9025"},{"taxonomy":"post_tag","embeddable":true,"href":"https:\/\/www.uutispeili.fi\/index.php\/wp-json\/wp\/v2\/tags?post=9025"}],"curies":[{"name":"wp","href":"https:\/\/api.w.org\/{rel}","templated":true}]}}