{"id":9000,"date":"2025-10-23T12:03:26","date_gmt":"2025-10-23T09:03:26","guid":{"rendered":"https:\/\/www.uutispeili.fi\/?p=9000"},"modified":"2025-10-23T16:09:53","modified_gmt":"2025-10-23T13:09:53","slug":"hallitus-purkaa-tyollistamisen-esteita-irtisanomista-helpotetaan","status":"publish","type":"post","link":"https:\/\/www.uutispeili.fi\/index.php\/2025\/10\/23\/hallitus-purkaa-tyollistamisen-esteita-irtisanomista-helpotetaan\/","title":{"rendered":"Hallitus purkaa ty\u00f6llist\u00e4misen esteit\u00e4: Irtisanomista helpotetaan"},"content":{"rendered":"<p><strong>Ty\u00f6ministeri kertoo torstaina irtisanomissuojan heikent\u00e4misest\u00e4. Valvo etujasi, ja kuuntele.<\/strong><\/p>\n<p>Suora videol\u00e4hetys alkaa torstaina ( 23.10.) klo. 14:00.<\/p>\n<p><strong>Hallitus<\/strong> antaa torstaina <strong>eduskunnalle<\/strong> esityksen, jolla muutettaisiin ty\u00f6ntekij\u00e4n henkil\u00f6\u00f6n liittyv\u00e4\u00e4 irtisanomisperustetta koskevaa s\u00e4\u00e4ntely\u00e4. Tavoitteena on purkaa ty\u00f6llist\u00e4misen esteit\u00e4 ja vahvistaa erityisesti pienten ja keskisuurten yritysten toimintaedellytyksi\u00e4.<\/p>\n<p>Ty\u00f6nantaja saa nykyisin irtisanoa <strong><em>toistaiseksi voimassa olevan<\/em><\/strong> ty\u00f6sopimuksen, jos siihen on ty\u00f6ntekij\u00e4st\u00e4 johtuva <strong><em>asiallinen ja painava syy<\/em><\/strong>. Esityksen mukaan ty\u00f6sopimuksen p\u00e4\u00e4tt\u00e4miseen riitt\u00e4isi asiallinen syy. Irtisanomisperusteen t\u00e4yttymist\u00e4 arvioitaisiin jatkossakin kokonaisharkinnalla. Arvioinnissa huomioitavista seikoista s\u00e4\u00e4dett\u00e4isiin nykyist\u00e4 tarkemmin. <img loading=\"lazy\" decoding=\"async\" class=\"alignnone size-full wp-image-144\" src=\"https:\/\/www.uutispeili.fi\/wp-content\/uploads\/2023\/11\/di.gold_.gif\" alt=\"\" width=\"11\" height=\"11\" \/><\/p>\n<p>(Uutispeili ei ole muokannut ministeri\u00f6n e.o. saatesanojen sis\u00e4lt\u00f6\u00e4.)<\/p>\n<p>Ministeri <strong>Matias Marttinen<\/strong> esitteli hallituksen esityksen ty\u00f6llistymisen esteiden purkamisesta.<\/p>\n<p>Ministeri kertoi, ett\u00e4 suurin osa uusista ty\u00f6paikoista ilmaantuu <strong>pk-yrityksiin<\/strong>. Hallitus pyrkii uudistuksella alentamaan alle 50 henkil\u00f6\u00e4 ty\u00f6llist\u00e4vien yritysten kynnyst\u00e4 ty\u00f6llist\u00e4\u00e4 uusia ty\u00f6ntekij\u00f6it\u00e4. Erityisesti pk-yritykset ovat &#8221;<em>kokeneet korkean irtisanomiskynnyksen merkitt\u00e4v\u00e4n\u00e4 esteen\u00e4 ty\u00f6llist\u00e4miselle<\/em>&#8221;.<\/p>\n<p>Hallituksen esitys pyrkii &#8217;<em>l\u00f6yt\u00e4m\u00e4\u00e4n paremman tasapainon<\/em>&#8217; asioiden v\u00e4lill\u00e4, ja &#8221;<em>rohkaisemaan<\/em> (pien)yritt\u00e4ji\u00e4 <em>kasvattamaan yritystens\u00e4 kokoa<\/em>&#8221;, Nykyisest\u00e4 irtisanomisia koskevasta laista poistuu sanamuodosta &#8221;<em>painava syy<\/em>&#8221; sana &#8217;<em><strong>painava<\/strong><\/em>&#8217; irtisanomisen perusteena. &#8217;<em><strong>Vakava<\/strong> laiminly\u00f6nti<\/em>&#8217; korvautuu &#8217;<em>vakavalla<\/em>&#8217;. Irtisanomisen kynnyksen &#8217;<em>kokonaisharkinta<\/em>&#8217;-tarkastelu: &#8217;Ty\u00f6ntekij\u00e4n asemaa tullaan tuevaamaan kokonaisharkinnalla,\u00a0 .. -eli &#8217;<em>otetaan huomioon monet muut tekij\u00e4t, kun arvioidaan onko irtisanomien kynnys n\u00e4iss\u00e4 tilanteissa t\u00e4yttynyt<\/em>&#8217;, kertoi ministeri.<\/p>\n<blockquote><p>&#8221;Suomesta ei tule t\u00e4m\u00e4n lainmuutoksen my\u00f6t\u00e4 mit\u00e4\u00e4n &#8217;villi\u00e4 l\u00e4ntt\u00e4&#8217;: Jatkossakin suomalaisen ty\u00f6ntekij\u00e4n turva -lains\u00e4\u00e4d\u00e4nn\u00f6n n\u00e4k\u00f6kulmasta- s\u00e4ilyy vahvana. Irtisanomista ei saa tehd\u00e4 mielivaltaisin tai syrjivin syin, vaan siihen t\u00e4ytyy jatkossakin olla lakiin perustuva, asiallinen syy.&#8221;<\/p><\/blockquote>\n<p>Ministeri kuvaili t\u00e4m\u00e4n j\u00e4lkeen irtisanomistapauksen kokonaisharkintaa, -mm. ty\u00f6ntekij\u00e4n aiemman k\u00e4ytt\u00e4ytymisen huomioimista. Ty\u00f6ntekij\u00e4lle annettavien varoitusten k\u00e4yt\u00e4nt\u00f6\u00e4 lakiehdotus ei muuta.<\/p>\n<p>Lainmuutoksen valmistelu aloitettiin 2. syyskuuta 2014, ja hallitus antoi eduskunnalle esityksen t\u00e4n\u00e4\u00e4n. Lain on tarkoitus tulla voimaan ensi vuoden alusta.<\/p>\n<p>Esityksens\u00e4 p\u00e4\u00e4tteeksi ministeri vakuutteli, ett\u00e4 irtisanomiskynnyksen helpottamisen kautta saadulla ty\u00f6llist\u00e4miskunnuksen alenemisella tulee olemaan positiivisia vaikutuksia ty\u00f6llisyyteen.<\/p>\n<blockquote><p>&#8221;Erityisesti pienemm\u00e4n yritykset kokevat (nykylain aikana) kynnyksen palkata ty\u00f6ntekij\u00f6it\u00e4 \u00e4\u00e4rimm\u00e4isen korkeaksi&#8221;, kommentoi ministeri median kysymyst\u00e4.<\/p><\/blockquote>\n<p>Seppo Huhta Uutispeilist\u00e4 muistutti kysymyksens\u00e4 aluksi amerikkalaisesta sanonnasta &#8217;<em>where is the key<\/em>&#8217;, todeten, ett\u00e4 &#8221;<em>aivan varmasti irtisanomiset lis\u00e4\u00e4ntyv\u00e4t, mutta my\u00f6s pelko, &#8230; ja kyll\u00e4h\u00e4n t\u00e4m\u00e4 on syv\u00e4-syv\u00e4 kumarrus pienyrityksille ja keskisuurille yrityksille.&#8221;<\/em><\/p>\n<blockquote><p>&#8221;Uskotteko tuhansiin vai kymmeniintuhansiin uusiin ty\u00f6paikkoihin, -ja kuinka suureen m\u00e4\u00e4r\u00e4\u00e4n irtisanomisia?<\/p><\/blockquote>\n<p>Ministeri Marttinen totesi vastauksensa aluksi olevansa &#8217;<em>tarkka lukujen kanssa<\/em>&#8217;, ja tukeutuvansa lakiesityksen valmistelussa tehtyyn virkamiesty\u00f6h\u00f6n, todeten:<\/p>\n<h2>&#8217;<em>Kaikista suurin potentiaali uusille ty\u00f6paikoille on pk-yrityksiss\u00e4<\/em>&#8217;<\/h2>\n<blockquote><p>&#8221;En pysty antamaan mit\u00e4\u00e4n numerolukua t\u00e4ss\u00e4 suhteessa, mutta on p\u00e4iv\u00e4nselv\u00e4 asia, ett\u00e4 jos katsotaan t\u00e4m\u00e4n hallituksen eteenp\u00e4in viemi\u00e4 ty\u00f6markkinauudistuksia, niin neh\u00e4n kohdistuvat ennenkaikkea suomalaisten pk-yritysten tilanteeseen. -Siell\u00e4 on kaikista suurin potentiaali uusille ty\u00f6paikoille, ty\u00f6llist\u00e4miselle ja kasvulle. &#8230; -Samaa linjaa jatketaan my\u00f6s t\u00e4ss\u00e4.<\/p><\/blockquote>\n<h2>&#8221;<em>Toivottomuuttahan luo se, jos ty\u00f6t\u00e4 ei ole ollenkaan<\/em>&#8221;<\/h2>\n<p>Kynnys uusien ty\u00f6ntekij\u00f6iden palkkaamiseen on my\u00f6s kaikista suurin pieniss\u00e4 ja keskisuurissa yrityksiss\u00e4 painotti ministeri. Vastaten kysymyksen viittaukseen mielenterveyden rasittumiseen irtosanomis-uhan alla ministeri korosti suurimman toivottomuuden kohdistuvan ty\u00f6tt\u00f6miin:<\/p>\n<blockquote><p>&#8221;Toivottomuuttahan luo se, jos ty\u00f6t\u00e4 ei ole ollenkaan. -Ja t\u00e4ll\u00e4 hetkell\u00e4 Suomessa liian monella ei ole ty\u00f6t\u00e4&#8221;, tiivisti ministeri Marttinen vastauksensa lopuksi. <img loading=\"lazy\" decoding=\"async\" class=\"alignnone size-full wp-image-144\" src=\"https:\/\/www.uutispeili.fi\/wp-content\/uploads\/2023\/11\/di.gold_.gif\" alt=\"\" width=\"11\" height=\"11\" \/><\/p><\/blockquote>\n<p><iframe loading=\"lazy\" title=\"Ty\u00f6ministerin tiedotustilaisuus irtisanomiskynnyksen madaltamisesta 23.10.\" src=\"https:\/\/www.youtube.com\/embed\/mHY0vgyBdts\" width=\"901\" height=\"258\" frameborder=\"0\" allowfullscreen=\"allowfullscreen\"><\/iframe><\/p>\n","protected":false},"excerpt":{"rendered":"<p>Ty\u00f6ministeri kertoo torstaina irtisanomissuojan heikent\u00e4misest\u00e4. Valvo etujasi, ja kuuntele. Suora videol\u00e4hetys alkaa torstaina ( 23.10.) klo. 14:00. Hallitus antaa torstaina eduskunnalle esityksen, jolla muutettaisiin ty\u00f6ntekij\u00e4n henkil\u00f6\u00f6n liittyv\u00e4\u00e4 irtisanomisperustetta koskevaa s\u00e4\u00e4ntely\u00e4. Tavoitteena on purkaa ty\u00f6llist\u00e4misen esteit\u00e4 ja vahvistaa erityisesti pienten ja keskisuurten yritysten toimintaedellytyksi\u00e4. Ty\u00f6nantaja saa nykyisin irtisanoa toistaiseksi voimassa olevan ty\u00f6sopimuksen, jos siihen on ty\u00f6ntekij\u00e4st\u00e4 [&hellip;]<\/p>\n","protected":false},"author":3,"featured_media":9001,"comment_status":"open","ping_status":"open","sticky":false,"template":"","format":"standard","meta":{"footnotes":""},"categories":[25,83],"tags":[],"_links":{"self":[{"href":"https:\/\/www.uutispeili.fi\/index.php\/wp-json\/wp\/v2\/posts\/9000"}],"collection":[{"href":"https:\/\/www.uutispeili.fi\/index.php\/wp-json\/wp\/v2\/posts"}],"about":[{"href":"https:\/\/www.uutispeili.fi\/index.php\/wp-json\/wp\/v2\/types\/post"}],"author":[{"embeddable":true,"href":"https:\/\/www.uutispeili.fi\/index.php\/wp-json\/wp\/v2\/users\/3"}],"replies":[{"embeddable":true,"href":"https:\/\/www.uutispeili.fi\/index.php\/wp-json\/wp\/v2\/comments?post=9000"}],"version-history":[{"count":3,"href":"https:\/\/www.uutispeili.fi\/index.php\/wp-json\/wp\/v2\/posts\/9000\/revisions"}],"predecessor-version":[{"id":9006,"href":"https:\/\/www.uutispeili.fi\/index.php\/wp-json\/wp\/v2\/posts\/9000\/revisions\/9006"}],"wp:featuredmedia":[{"embeddable":true,"href":"https:\/\/www.uutispeili.fi\/index.php\/wp-json\/wp\/v2\/media\/9001"}],"wp:attachment":[{"href":"https:\/\/www.uutispeili.fi\/index.php\/wp-json\/wp\/v2\/media?parent=9000"}],"wp:term":[{"taxonomy":"category","embeddable":true,"href":"https:\/\/www.uutispeili.fi\/index.php\/wp-json\/wp\/v2\/categories?post=9000"},{"taxonomy":"post_tag","embeddable":true,"href":"https:\/\/www.uutispeili.fi\/index.php\/wp-json\/wp\/v2\/tags?post=9000"}],"curies":[{"name":"wp","href":"https:\/\/api.w.org\/{rel}","templated":true}]}}