{"id":8940,"date":"2025-10-17T18:29:55","date_gmt":"2025-10-17T15:29:55","guid":{"rendered":"https:\/\/www.uutispeili.fi\/?p=8940"},"modified":"2025-10-17T18:29:56","modified_gmt":"2025-10-17T15:29:56","slug":"perussuomalaisten-kansanedustaja-miko-bergbomilla-kuppi-nurin-milan-jaffin-ilmoituksesta","status":"publish","type":"post","link":"https:\/\/www.uutispeili.fi\/index.php\/2025\/10\/17\/perussuomalaisten-kansanedustaja-miko-bergbomilla-kuppi-nurin-milan-jaffin-ilmoituksesta\/","title":{"rendered":"Perussuomalaisten kansanedustaja Miko Bergbomilla kuppi nurin Milan Jaffin ilmoituksesta"},"content":{"rendered":"<p><strong>Iltalehti uutisoi Milan Jaffin n\u00e4lk\u00e4lakon p\u00e4\u00e4ttyneen, koska h\u00e4nen alkoi tehd\u00e4 mieli j\u00e4\u00e4tel\u00f6\u00e4. <\/strong><\/p>\n<p><strong>Perussuomalaisten<\/strong> eduskuntaryhm\u00e4n varapuheenjohtaja <strong>Miko Bergbom<\/strong> ei uutisesta innostunut. H\u00e4n katsoo <strong>Milan Jaff<\/strong>in pit\u00e4v\u00e4n pilkkanaan suomalaista yhteiskuntaj\u00e4rjestelm\u00e4\u00e4.<\/p>\n<h2>&#8217;<em>Jaff on saanut pelleill\u00e4 jo tarpeeksi kauan<\/em>&#8217;<\/h2>\n<blockquote><p>Milan Jaff on saanut pelleill\u00e4 jo tarpeeksi kauan t\u00e4ss\u00e4 maassa. Mit\u00e4 nopeammin h\u00e4net palautetaan takaisin kotimaahan, sen parempi. Meill\u00e4 ei rahat riit\u00e4 t\u00e4ss\u00e4 maassa kunnolla edes omien kansalaisten auttamiseen ja sitten t\u00e4llaiseen pelleilyyn joudutaan k\u00e4ytt\u00e4m\u00e4\u00e4n veronmaksajien rahoja, Bergbom jyr\u00e4ht\u00e4\u00e4.<\/p><\/blockquote>\n<p>Kansanedustaja Bergbom per\u00e4\u00e4nkuuluttaa kiireellisi\u00e4 toimia palautusten edist\u00e4miseen. H\u00e4n toteaa, ett\u00e4 hallituksen uudistukset palautuksien tehostamisessa ja kehitysavun sitomisessa omien kansalaisten vastaanottamiseen ovat kriittisi\u00e4 uudistuksia Suomen kannalta.<\/p>\n<h2>Perussuomalaiset ovat olleet oikeassa<\/h2>\n<p>Milan Jaffin esimerkki alleviivaa sit\u00e4, miten oikeassa perussuomalaiset ovat olleet suomalaisen j\u00e4rjestelm\u00e4n heikkouksista. T\u00e4m\u00e4n takia hallitus muuttaa lains\u00e4\u00e4d\u00e4nt\u00f6\u00e4, jotta meit\u00e4 ei en\u00e4\u00e4 k\u00e4ytett\u00e4isi hyv\u00e4ksi, Bergbom huomauttaa. <img loading=\"lazy\" decoding=\"async\" class=\"alignnone size-full wp-image-144\" src=\"https:\/\/www.uutispeili.fi\/wp-content\/uploads\/2023\/11\/di.gold_.gif\" alt=\"\" width=\"11\" height=\"11\" \/><\/p>\n<p>(Uutispeili ei ole muokannut artikkelin sis\u00e4lt\u00f6\u00e4.)<\/p>\n<blockquote class=\"wp-embedded-content\" data-secret=\"LPn5lrkmel\"><p><a href=\"https:\/\/www.uutispeili.fi\/index.php\/2025\/10\/14\/perussuomalaiset-kansanedustajat-milan-jaffin-nalkailysta-kotiinpaluun-aika\/\">Perussuomalaiset kansanedustajat Milan Jaffin n\u00e4lk\u00e4ilyst\u00e4: &#8217;Kotiinpaluun aika&#8221;<\/a><\/p><\/blockquote>\n<p><iframe class=\"wp-embedded-content\" sandbox=\"allow-scripts\" security=\"restricted\" style=\"position: absolute; clip: rect(1px, 1px, 1px, 1px);\" title=\"&#8221;Perussuomalaiset kansanedustajat Milan Jaffin n\u00e4lk\u00e4ilyst\u00e4: &#8217;Kotiinpaluun aika&#8221;&#8221; &#8212; \" src=\"https:\/\/www.uutispeili.fi\/index.php\/2025\/10\/14\/perussuomalaiset-kansanedustajat-milan-jaffin-nalkailysta-kotiinpaluun-aika\/embed\/#?secret=focFYNlfl3#?secret=LPn5lrkmel\" data-secret=\"LPn5lrkmel\" width=\"600\" height=\"338\" frameborder=\"0\" marginwidth=\"0\" marginheight=\"0\" scrolling=\"no\"><\/iframe><\/p>\n","protected":false},"excerpt":{"rendered":"<p>Iltalehti uutisoi Milan Jaffin n\u00e4lk\u00e4lakon p\u00e4\u00e4ttyneen, koska h\u00e4nen alkoi tehd\u00e4 mieli j\u00e4\u00e4tel\u00f6\u00e4. Perussuomalaisten eduskuntaryhm\u00e4n varapuheenjohtaja Miko Bergbom ei uutisesta innostunut. H\u00e4n katsoo Milan Jaffin pit\u00e4v\u00e4n pilkkanaan suomalaista yhteiskuntaj\u00e4rjestelm\u00e4\u00e4. &#8217;Jaff on saanut pelleill\u00e4 jo tarpeeksi kauan&#8217; Milan Jaff on saanut pelleill\u00e4 jo tarpeeksi kauan t\u00e4ss\u00e4 maassa. Mit\u00e4 nopeammin h\u00e4net palautetaan takaisin kotimaahan, sen parempi. Meill\u00e4 ei [&hellip;]<\/p>\n","protected":false},"author":3,"featured_media":8941,"comment_status":"open","ping_status":"open","sticky":false,"template":"","format":"standard","meta":{"footnotes":""},"categories":[49,95],"tags":[],"_links":{"self":[{"href":"https:\/\/www.uutispeili.fi\/index.php\/wp-json\/wp\/v2\/posts\/8940"}],"collection":[{"href":"https:\/\/www.uutispeili.fi\/index.php\/wp-json\/wp\/v2\/posts"}],"about":[{"href":"https:\/\/www.uutispeili.fi\/index.php\/wp-json\/wp\/v2\/types\/post"}],"author":[{"embeddable":true,"href":"https:\/\/www.uutispeili.fi\/index.php\/wp-json\/wp\/v2\/users\/3"}],"replies":[{"embeddable":true,"href":"https:\/\/www.uutispeili.fi\/index.php\/wp-json\/wp\/v2\/comments?post=8940"}],"version-history":[{"count":2,"href":"https:\/\/www.uutispeili.fi\/index.php\/wp-json\/wp\/v2\/posts\/8940\/revisions"}],"predecessor-version":[{"id":8943,"href":"https:\/\/www.uutispeili.fi\/index.php\/wp-json\/wp\/v2\/posts\/8940\/revisions\/8943"}],"wp:featuredmedia":[{"embeddable":true,"href":"https:\/\/www.uutispeili.fi\/index.php\/wp-json\/wp\/v2\/media\/8941"}],"wp:attachment":[{"href":"https:\/\/www.uutispeili.fi\/index.php\/wp-json\/wp\/v2\/media?parent=8940"}],"wp:term":[{"taxonomy":"category","embeddable":true,"href":"https:\/\/www.uutispeili.fi\/index.php\/wp-json\/wp\/v2\/categories?post=8940"},{"taxonomy":"post_tag","embeddable":true,"href":"https:\/\/www.uutispeili.fi\/index.php\/wp-json\/wp\/v2\/tags?post=8940"}],"curies":[{"name":"wp","href":"https:\/\/api.w.org\/{rel}","templated":true}]}}