{"id":8928,"date":"2025-10-17T16:39:11","date_gmt":"2025-10-17T13:39:11","guid":{"rendered":"https:\/\/www.uutispeili.fi\/?p=8928"},"modified":"2025-10-17T16:39:12","modified_gmt":"2025-10-17T13:39:12","slug":"puhemies-jussi-halla-aho-vierailee-irlannissa","status":"publish","type":"post","link":"https:\/\/www.uutispeili.fi\/index.php\/2025\/10\/17\/puhemies-jussi-halla-aho-vierailee-irlannissa\/","title":{"rendered":"Puhemies Jussi Halla-aho vierailee Irlannissa"},"content":{"rendered":"<p><strong>Eduskunnan puhemies Jussi Halla-aho vierailee Irlannin Dublinissa ja Galwayssa maanataista keskiviikkoon Irlannin parlamentin, Oireachtasin, alahuoneen puhemiehen Verona Murphyn kutsusta.<\/strong><\/p>\n<p>(Arkistokuva.)<\/p>\n<p>Puhemies <strong>Jussi Halla-aho<\/strong> tapaa <strong>Oireachtas<\/strong>issa my\u00f6s yl\u00e4huoneen puhemies <strong>Mark Daly<\/strong>n, iirin kielen asemaa edist\u00e4v\u00e4n valiokunnan j\u00e4seni\u00e4, sek\u00e4 muita parlamentaarikoita. <strong>Galway<\/strong>ssa puhemies Halla-aho tapaa mm. maaseutu-, yhteis\u00f6- ja iirinkielisen alueen kehityksest\u00e4 vastaavan ministeri <strong>Dara Calleary<\/strong>n.<\/p>\n<p>Keskusteluaiheita tapaamisissa ovat mm. Suomen ja Irlannin kahdenv\u00e4liset suhteet ja parlamenttiyhteisty\u00f6, <strong>tuki Ukrainalle<\/strong> Ven\u00e4j\u00e4n hy\u00f6kk\u00e4yssodassa, <strong>Euroopan turvallisuustilanne<\/strong>, transatlanttiset suhteet, L\u00e4hi-it\u00e4, iirin kielen asema, sek\u00e4 alue- ja kielipolitiikka. Puhemiehen ohjelmassa on my\u00f6s keskustelu rauhanv\u00e4litysty\u00f6t\u00e4 tekev\u00e4n <strong>Glencree<\/strong>-keskuksen edustajien kanssa <strong>Pohjois-Irlannin<\/strong> rauhanprosessista sek\u00e4 tutustuminen iirinkielisen alueen hallintoon.<\/p>\n<p>Puhemiehen valtuuskuntaan kuuluvat kansanedustajista puolustusvaliokunnan varapuheenjohtaja <strong>Mikko<\/strong> <strong>Savola<\/strong> (Keskusta) sek\u00e4 ulkoasiainvaliokunnan j\u00e4sen <strong>Jenna Simula<\/strong> (Perussuomalaiset).<\/p>\n<p>Edellinen puhemiesvierailu Suomesta Irlantiin tehtiin vuonna 2022, jolloin puhemiehen\u00e4 toimi <strong>Matti<\/strong> <strong>Vanhanen<\/strong>. <img loading=\"lazy\" decoding=\"async\" class=\"alignnone size-full wp-image-144\" src=\"https:\/\/www.uutispeili.fi\/wp-content\/uploads\/2023\/11\/di.gold_.gif\" alt=\"\" width=\"11\" height=\"11\" \/><\/p>\n","protected":false},"excerpt":{"rendered":"<p>Eduskunnan puhemies Jussi Halla-aho vierailee Irlannin Dublinissa ja Galwayssa maanataista keskiviikkoon Irlannin parlamentin, Oireachtasin, alahuoneen puhemiehen Verona Murphyn kutsusta. (Arkistokuva.) Puhemies Jussi Halla-aho tapaa Oireachtasissa my\u00f6s yl\u00e4huoneen puhemies Mark Dalyn, iirin kielen asemaa edist\u00e4v\u00e4n valiokunnan j\u00e4seni\u00e4, sek\u00e4 muita parlamentaarikoita. Galwayssa puhemies Halla-aho tapaa mm. maaseutu-, yhteis\u00f6- ja iirinkielisen alueen kehityksest\u00e4 vastaavan ministeri Dara Callearyn. Keskusteluaiheita [&hellip;]<\/p>\n","protected":false},"author":3,"featured_media":2945,"comment_status":"open","ping_status":"open","sticky":false,"template":"","format":"standard","meta":{"footnotes":""},"categories":[49],"tags":[],"_links":{"self":[{"href":"https:\/\/www.uutispeili.fi\/index.php\/wp-json\/wp\/v2\/posts\/8928"}],"collection":[{"href":"https:\/\/www.uutispeili.fi\/index.php\/wp-json\/wp\/v2\/posts"}],"about":[{"href":"https:\/\/www.uutispeili.fi\/index.php\/wp-json\/wp\/v2\/types\/post"}],"author":[{"embeddable":true,"href":"https:\/\/www.uutispeili.fi\/index.php\/wp-json\/wp\/v2\/users\/3"}],"replies":[{"embeddable":true,"href":"https:\/\/www.uutispeili.fi\/index.php\/wp-json\/wp\/v2\/comments?post=8928"}],"version-history":[{"count":1,"href":"https:\/\/www.uutispeili.fi\/index.php\/wp-json\/wp\/v2\/posts\/8928\/revisions"}],"predecessor-version":[{"id":8929,"href":"https:\/\/www.uutispeili.fi\/index.php\/wp-json\/wp\/v2\/posts\/8928\/revisions\/8929"}],"wp:featuredmedia":[{"embeddable":true,"href":"https:\/\/www.uutispeili.fi\/index.php\/wp-json\/wp\/v2\/media\/2945"}],"wp:attachment":[{"href":"https:\/\/www.uutispeili.fi\/index.php\/wp-json\/wp\/v2\/media?parent=8928"}],"wp:term":[{"taxonomy":"category","embeddable":true,"href":"https:\/\/www.uutispeili.fi\/index.php\/wp-json\/wp\/v2\/categories?post=8928"},{"taxonomy":"post_tag","embeddable":true,"href":"https:\/\/www.uutispeili.fi\/index.php\/wp-json\/wp\/v2\/tags?post=8928"}],"curies":[{"name":"wp","href":"https:\/\/api.w.org\/{rel}","templated":true}]}}