{"id":8900,"date":"2025-10-15T16:56:23","date_gmt":"2025-10-15T13:56:23","guid":{"rendered":"https:\/\/www.uutispeili.fi\/?p=8900"},"modified":"2025-10-15T16:57:27","modified_gmt":"2025-10-15T13:57:27","slug":"kansanedustaja-antikainen-hamas-aloitti-teloitukset-vihervasemmisto-haaveilee-edelleen-valtiosta-heidan-johdollaan","status":"publish","type":"post","link":"https:\/\/www.uutispeili.fi\/index.php\/2025\/10\/15\/kansanedustaja-antikainen-hamas-aloitti-teloitukset-vihervasemmisto-haaveilee-edelleen-valtiosta-heidan-johdollaan\/","title":{"rendered":"Kansanedustaja Antikainen: Hamas aloitti teloitukset \u2013 vihervasemmisto haaveilee edelleen valtiosta heid\u00e4n johdollaan"},"content":{"rendered":"<p><strong>Vihervasemmisto on jo pitk\u00e4\u00e4n rummuttanut Palestiinan valtion tunnustamisen puolesta ja puhunut kauniisti rauhasta ja oikeudenmukaisuudesta.<\/strong><\/p>\n<p>(Arkistokuva, kuval\u00e4hde; eduskunta.)<\/p>\n<p><strong>Perussuomalaisten<\/strong> kansanedustaja <strong>Sanna Antikainen<\/strong> muistuttaa, ett\u00e4 nyt, kun <strong>Gaza<\/strong>ssa on saatu aikaan tulitauko, n\u00e4emme karun todellisuuden. <strong>Hamas<\/strong> on ryhtynyt teloittamaan palestiinalaisia.<\/p>\n<p>Vihreiden europarlamentaarikko <strong>Maria Ohisalo<\/strong> totesi tuoreessa Facebook-p\u00e4ivityksess\u00e4\u00e4n, ett\u00e4 &#8221;<em>on huojentavaa, ett\u00e4 Gazassa tappaminen on tauonnut&#8221;.<\/em><\/p>\n<h2>Tappaminen ei ole loppunut<\/h2>\n<blockquote><p>&#8211; Ohisalon kannanotto on uskomaton. Tappaminen ei ole loppunut. Hamas on aloittanut j\u00e4rjestelm\u00e4lliset teloitukset. Kaikki, jotka uskaltavat kyseenalaistaa sen valtaa joutuvat tulilinjalle, toteaa Antikainen.<\/p><\/blockquote>\n<p>&#8211; Ohisalo kirjoittaa my\u00f6s, ett\u00e4 <em>&#8221;inhimillinen h\u00e4t\u00e4 ei p\u00e4\u00e4ty tulitaukoon&#8221;.<\/em> T\u00e4ss\u00e4 h\u00e4n on harvinaisen oikeassa. H\u00e4t\u00e4 ei todellakaan p\u00e4\u00e4ty, kun terroristij\u00e4rjest\u00f6 kohdistaa v\u00e4kivaltansa nyt omiin palestiinalaisiin, kommentoi kansanedustaja<\/p>\n<p>Ohisalo on my\u00f6s huolissaan siit\u00e4, ett\u00e4 presidentti <strong>Trump<\/strong>in ja <strong>Britannia<\/strong>n entisen p\u00e4\u00e4ministerin <strong>Tony Blair<\/strong>in rauhansuunnitelman tavoitteena olisi taloudellinen hy\u00f6ty palestiinalaisten kustannuksella.<\/p>\n<blockquote><p>&#8211; Miss\u00e4 on h\u00e4nen huolensa, kun palestiinalaisia ammutaan kadulla polvilleen sidottuina? Miksi h\u00e4n ei tuomitse Hamasin v\u00e4kivaltaa palestiinalaisia kohtaan, Antikainen kysyy.<\/p><\/blockquote>\n<p>T\u00e4m\u00e4 kertoo karua kielt\u00e4\u00e4n vihervasemmiston kyvytt\u00f6myydest\u00e4 n\u00e4hd\u00e4 todellisia ongelmia ja niiden juurisyit\u00e4.<\/p>\n<blockquote><p>&#8211; Ohisalo valittaa, ettei juurisyihin puututa, mutta ei itse kykene nime\u00e4m\u00e4\u00e4n todellista juurisyyt\u00e4 Hamasia, raakaa, rikollista ja totalitaarista terroristij\u00e4rjest\u00f6\u00e4.<\/p><\/blockquote>\n<p>Vihervasemmisto haluaa edelleen edist\u00e4\u00e4 kahden valtion mallia ratkaisuna, vaikka todellisuus osoittaa mit\u00e4 se k\u00e4yt\u00e4nn\u00f6ss\u00e4 tarkoittaisi. <strong><em>Pro-Palestiina<\/em><\/strong>-liike, joka marssii sadoin tuhansin Israelia vastaan, vaikenee nyt.<\/p>\n<blockquote><p>&#8211; T\u00e4m\u00e4 paljastaa liikkeen todellisen luonteen. Kyse ei ole palestiinalaisten ihmisoikeuksista, vaan Israelin ja juutalaisten vastustamisesta.<\/p><\/blockquote>\n<p>Jos Hamas saisi vallan Palestiinassa, se ottaisi hallinnon haltuun diktatuurin keinoin ja teloittaisi kadulla kaikki, jotka uskaltavat vastustaa sen hallintoa. T\u00e4m\u00e4n lis\u00e4ksi se hy\u00f6kk\u00e4isi jossakin vaiheessa Israelia vastaan.<\/p>\n<blockquote><p>&#8211; On vaarallista, ett\u00e4 suomalainen vihervasemmisto edelleen romantisoi Palestiinan valtion tunnustamisen, ja sulkee silm\u00e4ns\u00e4 silt\u00e4 todellisuudelta, jonka Hamas tuo mukanaan.<\/p><\/blockquote>\n<p>T\u00e4m\u00e4 on osoitus siit\u00e4, millaiselle hallinnolle vihervasemmisto olisi valmis antamaan kansainv\u00e4lisen tunnustuksen, p\u00e4\u00e4tt\u00e4\u00e4 Antikainen. <img loading=\"lazy\" decoding=\"async\" class=\"alignnone size-full wp-image-144\" src=\"https:\/\/www.uutispeili.fi\/wp-content\/uploads\/2023\/11\/di.gold_.gif\" alt=\"\" width=\"11\" height=\"11\" \/><\/p>\n<h3>Aiemmin aiheesta:<\/h3>\n<p>20.03. 2025:<\/p>\n<blockquote class=\"wp-embedded-content\" data-secret=\"TwIDp0GoVo\"><p><a href=\"https:\/\/www.uutispeili.fi\/index.php\/2025\/03\/26\/protesteja-hamasia-vastaan-gazassa-missa-palestiinan-lipun-heiluttajat-ovat-nyt\/\">Protesteja Hamasia vastaan Gazassa, -miss\u00e4 Palestiinan-lipun heiluttajat ovat nyt?<\/a><\/p><\/blockquote>\n<p><iframe class=\"wp-embedded-content\" sandbox=\"allow-scripts\" security=\"restricted\" style=\"position: absolute; clip: rect(1px, 1px, 1px, 1px);\" title=\"&#8221;Protesteja Hamasia vastaan Gazassa, -miss\u00e4 Palestiinan-lipun heiluttajat ovat nyt?&#8221; &#8212; \" src=\"https:\/\/www.uutispeili.fi\/index.php\/2025\/03\/26\/protesteja-hamasia-vastaan-gazassa-missa-palestiinan-lipun-heiluttajat-ovat-nyt\/embed\/#?secret=cQ2AUo4yaU#?secret=TwIDp0GoVo\" data-secret=\"TwIDp0GoVo\" width=\"600\" height=\"338\" frameborder=\"0\" marginwidth=\"0\" marginheight=\"0\" scrolling=\"no\"><\/iframe><\/p>\n<p>15.10. 2025:<\/p>\n<blockquote class=\"wp-embedded-content\" data-secret=\"IUUZOyYEzA\"><p><a href=\"https:\/\/www.uutispeili.fi\/index.php\/2025\/10\/15\/seppo-huhta-missa-hamasin-vastaiset-miekkarit\/\">Seppo Huhta: Miss\u00e4 Hamasin vastaiset miekkarit\u00a0<\/a><\/p><\/blockquote>\n<p><iframe class=\"wp-embedded-content\" sandbox=\"allow-scripts\" security=\"restricted\" style=\"position: absolute; clip: rect(1px, 1px, 1px, 1px);\" title=\"&#8221;Seppo Huhta: Miss\u00e4 Hamasin vastaiset miekkarit\u00a0&#8221; &#8212; \" src=\"https:\/\/www.uutispeili.fi\/index.php\/2025\/10\/15\/seppo-huhta-missa-hamasin-vastaiset-miekkarit\/embed\/#?secret=vjnnE3JjKA#?secret=IUUZOyYEzA\" data-secret=\"IUUZOyYEzA\" width=\"600\" height=\"338\" frameborder=\"0\" marginwidth=\"0\" marginheight=\"0\" scrolling=\"no\"><\/iframe><\/p>\n<p>06.08. 2025:<\/p>\n<blockquote class=\"wp-embedded-content\" data-secret=\"mQCshxn82C\"><p><a href=\"https:\/\/www.uutispeili.fi\/index.php\/2025\/08\/06\/mita-hamas-saavutti-kidutuskuvien-julkaisemisella\/\">Mit\u00e4 Hamas saavutti kidutuskuvien julkaisemisella<\/a><\/p><\/blockquote>\n<p><iframe class=\"wp-embedded-content\" sandbox=\"allow-scripts\" security=\"restricted\" style=\"position: absolute; clip: rect(1px, 1px, 1px, 1px);\" title=\"&#8221;Mit\u00e4 Hamas saavutti kidutuskuvien julkaisemisella&#8221; &#8212; \" src=\"https:\/\/www.uutispeili.fi\/index.php\/2025\/08\/06\/mita-hamas-saavutti-kidutuskuvien-julkaisemisella\/embed\/#?secret=ElWIm9wQWb#?secret=mQCshxn82C\" data-secret=\"mQCshxn82C\" width=\"600\" height=\"338\" frameborder=\"0\" marginwidth=\"0\" marginheight=\"0\" scrolling=\"no\"><\/iframe><\/p>\n<p>27.06. 2025:<\/p>\n<blockquote class=\"wp-embedded-content\" data-secret=\"RnZ6rJ4dct\"><p><a href=\"https:\/\/www.uutispeili.fi\/index.php\/2025\/06\/27\/hamas-heikkenee-nopeasti-gazan-beduiiniheimot-vastustavat-iranin-tuki-hiipuu\/\">Hamas heikkenee nopeasti: Gazan beduiiniheimot vastustavat, Iranin tuki hiipuu<\/a><\/p><\/blockquote>\n<p><iframe class=\"wp-embedded-content\" sandbox=\"allow-scripts\" security=\"restricted\" style=\"position: absolute; clip: rect(1px, 1px, 1px, 1px);\" title=\"&#8221;Hamas heikkenee nopeasti: Gazan beduiiniheimot vastustavat, Iranin tuki hiipuu&#8221; &#8212; \" src=\"https:\/\/www.uutispeili.fi\/index.php\/2025\/06\/27\/hamas-heikkenee-nopeasti-gazan-beduiiniheimot-vastustavat-iranin-tuki-hiipuu\/embed\/#?secret=aYG2b6xS03#?secret=RnZ6rJ4dct\" data-secret=\"RnZ6rJ4dct\" width=\"600\" height=\"338\" frameborder=\"0\" marginwidth=\"0\" marginheight=\"0\" scrolling=\"no\"><\/iframe><\/p>\n","protected":false},"excerpt":{"rendered":"<p>Vihervasemmisto on jo pitk\u00e4\u00e4n rummuttanut Palestiinan valtion tunnustamisen puolesta ja puhunut kauniisti rauhasta ja oikeudenmukaisuudesta. (Arkistokuva, kuval\u00e4hde; eduskunta.) Perussuomalaisten kansanedustaja Sanna Antikainen muistuttaa, ett\u00e4 nyt, kun Gazassa on saatu aikaan tulitauko, n\u00e4emme karun todellisuuden. Hamas on ryhtynyt teloittamaan palestiinalaisia. Vihreiden europarlamentaarikko Maria Ohisalo totesi tuoreessa Facebook-p\u00e4ivityksess\u00e4\u00e4n, ett\u00e4 &#8221;on huojentavaa, ett\u00e4 Gazassa tappaminen on tauonnut&#8221;. Tappaminen [&hellip;]<\/p>\n","protected":false},"author":3,"featured_media":6630,"comment_status":"open","ping_status":"open","sticky":false,"template":"","format":"standard","meta":{"footnotes":""},"categories":[161,71,80],"tags":[],"_links":{"self":[{"href":"https:\/\/www.uutispeili.fi\/index.php\/wp-json\/wp\/v2\/posts\/8900"}],"collection":[{"href":"https:\/\/www.uutispeili.fi\/index.php\/wp-json\/wp\/v2\/posts"}],"about":[{"href":"https:\/\/www.uutispeili.fi\/index.php\/wp-json\/wp\/v2\/types\/post"}],"author":[{"embeddable":true,"href":"https:\/\/www.uutispeili.fi\/index.php\/wp-json\/wp\/v2\/users\/3"}],"replies":[{"embeddable":true,"href":"https:\/\/www.uutispeili.fi\/index.php\/wp-json\/wp\/v2\/comments?post=8900"}],"version-history":[{"count":3,"href":"https:\/\/www.uutispeili.fi\/index.php\/wp-json\/wp\/v2\/posts\/8900\/revisions"}],"predecessor-version":[{"id":8904,"href":"https:\/\/www.uutispeili.fi\/index.php\/wp-json\/wp\/v2\/posts\/8900\/revisions\/8904"}],"wp:featuredmedia":[{"embeddable":true,"href":"https:\/\/www.uutispeili.fi\/index.php\/wp-json\/wp\/v2\/media\/6630"}],"wp:attachment":[{"href":"https:\/\/www.uutispeili.fi\/index.php\/wp-json\/wp\/v2\/media?parent=8900"}],"wp:term":[{"taxonomy":"category","embeddable":true,"href":"https:\/\/www.uutispeili.fi\/index.php\/wp-json\/wp\/v2\/categories?post=8900"},{"taxonomy":"post_tag","embeddable":true,"href":"https:\/\/www.uutispeili.fi\/index.php\/wp-json\/wp\/v2\/tags?post=8900"}],"curies":[{"name":"wp","href":"https:\/\/api.w.org\/{rel}","templated":true}]}}