{"id":8842,"date":"2025-10-12T18:14:33","date_gmt":"2025-10-12T15:14:33","guid":{"rendered":"https:\/\/www.uutispeili.fi\/?p=8842"},"modified":"2025-10-12T18:14:34","modified_gmt":"2025-10-12T15:14:34","slug":"israel-ei-osallistu-trumpin-johtamaan-gazan-rauhankokoukseen-maanantaina","status":"publish","type":"post","link":"https:\/\/www.uutispeili.fi\/index.php\/2025\/10\/12\/israel-ei-osallistu-trumpin-johtamaan-gazan-rauhankokoukseen-maanantaina\/","title":{"rendered":"Israel ei osallistu Trumpin johtamaan Gazan rauhankokoukseen maanantaina"},"content":{"rendered":"\n<p><\/p>\n\n\n<p><strong>Gazan rauhanhuippukokous pidet\u00e4\u00e4n Yhdysvaltain ja Egyptin johdolla maanantaina Sharm el-Sheikhiss\u00e4 Egyptiss\u00e4, -ilman Israelia ja Hamasia.<\/strong><\/p>\n<p>Huippukokousta johtavat <strong>Yhdysvaltain<\/strong> presidentti <strong>Donald Trump<\/strong> ja h\u00e4nen egyptil\u00e4inen kollegansa <strong>Abdel<\/strong> <strong>Fattah al-Sisi<\/strong>. Rauhanhuippukokouksen paikka on <strong>Sharm el-Sheikh<\/strong>, jossa my\u00f6s pidettiin Gazan aseleponeuvottelujen viimeinen kierros.<\/p>\n<p>Kokoukseen osallistuu &#8221;<em>yli 20 maan johtajia<\/em>&#8221;, -ainakin Ranskan presidentti <strong>Emmanuel Macron<\/strong>, Turkin presidentti <strong>Recep Tayyip Erdo\u011fan, <\/strong>Britannian p\u00e4\u00e4ministeri <strong>Keir Starmer<\/strong>, Italian <strong>Giorgia Meloni<\/strong>. Espanjan <strong>Pedro Sanchez<\/strong>. ja YK:n p\u00e4\u00e4sihteeri <strong>Antonio Guterres<\/strong>. Eurooppa-neuvostoa edustaa puheenjohtaja <strong>Antonio Costa<\/strong>.\u00a0Jordanian kuninkaan <strong>Abdullah II<\/strong>:n odotetaan osallistuvan,<\/p>\n<p><strong>Israeli<\/strong>n edustajaa ei rauhankokouksessa n\u00e4hd\u00e4.<\/p>\n<blockquote>\n<p>\u201dYksik\u00e4\u00e4n israelilainen virkamies ei tule osallistumaan\u201d, Israelin p\u00e4\u00e4ministerin <strong>Benjamin Netanjahu<\/strong>n tiedottaja <strong>Shosh Bedrosian<\/strong> kertoi uutistoimistolle sunnuntaina.<\/p>\n<\/blockquote>\n<p><strong>Hamas<\/strong> loistaa my\u00f6s poissaoloillaan, kertoi Hamasin poliittisen toimiston j\u00e4sen <strong>Hossam Badran<\/strong>. My\u00f6s aselepoon johtaneissa neuvotteluissa Hamas &#8221;<em>toimi p\u00e4\u00e4asiassa&#8230; qatarilaisten ja egyptil\u00e4isten v\u00e4litt\u00e4jien kautta<\/em>&#8221;, selvensi Hossam.<\/p>\n<h2>Eurooppalaiset optimistisia<\/h2>\n<p>Eurooppa-neuvoston tiedottaja sanoi:<\/p>\n<blockquote>\n<p>&#8221;Suunnitelma tarjoaa todellisen mahdollisuuden rakentaa oikeudenmukainen ja kest\u00e4v\u00e4 rauha, ja EU on t\u00e4ysin sitoutunut tukemaan n\u00e4it\u00e4 pyrkimyksi\u00e4 ja osallistumaan sen t\u00e4yt\u00e4nt\u00f6\u00f6npanoon.&#8221; <img loading=\"lazy\" decoding=\"async\" class=\"alignnone size-full wp-image-144\" src=\"https:\/\/www.uutispeili.fi\/wp-content\/uploads\/2023\/11\/di.gold_.gif\" alt=\"\" width=\"11\" height=\"11\" \/><\/p>\n<\/blockquote>\n<p>Luettavaa:<\/p>\n<ul>\n<li><a href=\"https:\/\/english.alarabiya.net\/News\/middle-east\/2025\/10\/12\/trump-alsisi-to-chair-gaza-peace-summit-on-monday-egypt-\" target=\"_blank\" rel=\"noopener\"><strong>al-Arabiya<\/strong><\/a> 12.10. 2025,<\/li>\n<\/ul>\n<p>\u00a0<\/p>","protected":false},"excerpt":{"rendered":"<p>Gazan rauhanhuippukokous pidet\u00e4\u00e4n Yhdysvaltain ja Egyptin johdolla maanantaina Sharm el-Sheikhiss\u00e4 Egyptiss\u00e4, -ilman Israelia ja Hamasia. Huippukokousta johtavat Yhdysvaltain presidentti Donald Trump ja h\u00e4nen egyptil\u00e4inen kollegansa Abdel Fattah al-Sisi. Rauhanhuippukokouksen paikka on Sharm el-Sheikh, jossa my\u00f6s pidettiin Gazan aseleponeuvottelujen viimeinen kierros. Kokoukseen osallistuu &#8221;yli 20 maan johtajia&#8221;, -ainakin Ranskan presidentti Emmanuel Macron, Turkin presidentti Recep Tayyip [&hellip;]<\/p>\n","protected":false},"author":3,"featured_media":8573,"comment_status":"open","ping_status":"open","sticky":false,"template":"","format":"standard","meta":{"footnotes":""},"categories":[208,207,71,127],"tags":[],"_links":{"self":[{"href":"https:\/\/www.uutispeili.fi\/index.php\/wp-json\/wp\/v2\/posts\/8842"}],"collection":[{"href":"https:\/\/www.uutispeili.fi\/index.php\/wp-json\/wp\/v2\/posts"}],"about":[{"href":"https:\/\/www.uutispeili.fi\/index.php\/wp-json\/wp\/v2\/types\/post"}],"author":[{"embeddable":true,"href":"https:\/\/www.uutispeili.fi\/index.php\/wp-json\/wp\/v2\/users\/3"}],"replies":[{"embeddable":true,"href":"https:\/\/www.uutispeili.fi\/index.php\/wp-json\/wp\/v2\/comments?post=8842"}],"version-history":[{"count":1,"href":"https:\/\/www.uutispeili.fi\/index.php\/wp-json\/wp\/v2\/posts\/8842\/revisions"}],"predecessor-version":[{"id":8843,"href":"https:\/\/www.uutispeili.fi\/index.php\/wp-json\/wp\/v2\/posts\/8842\/revisions\/8843"}],"wp:featuredmedia":[{"embeddable":true,"href":"https:\/\/www.uutispeili.fi\/index.php\/wp-json\/wp\/v2\/media\/8573"}],"wp:attachment":[{"href":"https:\/\/www.uutispeili.fi\/index.php\/wp-json\/wp\/v2\/media?parent=8842"}],"wp:term":[{"taxonomy":"category","embeddable":true,"href":"https:\/\/www.uutispeili.fi\/index.php\/wp-json\/wp\/v2\/categories?post=8842"},{"taxonomy":"post_tag","embeddable":true,"href":"https:\/\/www.uutispeili.fi\/index.php\/wp-json\/wp\/v2\/tags?post=8842"}],"curies":[{"name":"wp","href":"https:\/\/api.w.org\/{rel}","templated":true}]}}