{"id":8826,"date":"2025-10-11T19:34:57","date_gmt":"2025-10-11T16:34:57","guid":{"rendered":"https:\/\/www.uutispeili.fi\/?p=8826"},"modified":"2025-10-11T19:34:57","modified_gmt":"2025-10-11T16:34:57","slug":"venalaiset-poistuneet-saatsen-saappaasta-viron-rajalla","status":"publish","type":"post","link":"https:\/\/www.uutispeili.fi\/index.php\/2025\/10\/11\/venalaiset-poistuneet-saatsen-saappaasta-viron-rajalla\/","title":{"rendered":"Ven\u00e4l\u00e4iset poistuneet  &#8217;Saatsen saappaasta&#8217; Viron rajalla"},"content":{"rendered":"<p><strong>Viron Rajavartiolaitos (PPA) sulki eilen perjantaina Saatse:n kunnan asukkaiden normaalisti k\u00e4ytt\u00e4m\u00e4n tienp\u00e4tk\u00e4n, joka oikaisee n. 800 metri\u00e4 rajan Ven\u00e4j\u00e4n puolella, ns. &#8217;<em>Saatsen saappaan<\/em>&#8217; kohdalla.<\/strong><\/p>\n<p>(Viranomaiskuvaa 10.10. 2025, kuvan aineisto: PPA via Delfi.ee.)<\/p>\n<p>Tie on suljettu <strong>Ven\u00e4j\u00e4n<\/strong> puolella tapahtuvan &#8217;<em>poikkeuksellisen aktiviteetin<\/em>&#8217; johdosta. &#8221;<em>Saappaan<\/em>&#8221; alueella on havaittu tavallista enemm\u00e4n aseistettuja Ven\u00e4j\u00e4n rajavartijoita. Syyt\u00e4 t\u00e4h\u00e4n ei tiedet\u00e4. Liikenteen keskeytt\u00e4minen on varotoimi.<\/p>\n<blockquote><p>Viron sis\u00e4ministeri<strong> Igor Taro<\/strong> kertoi t\u00e4n\u00e4\u00e4n klo. 19:21 lehdelle, ett\u00e4 &#8217;<em>Ven\u00e4j\u00e4n sotilasyksikk\u00f6 on tietojemme mukaan poistunut Saatsen saappaasta<\/em>&#8217;.<\/p><\/blockquote>\n<p>Viron poliisi ja rajavartiosto seuraavat tilannetta. Tie pysyy suljettuna. <img loading=\"lazy\" decoding=\"async\" class=\"alignnone size-full wp-image-144\" src=\"https:\/\/www.uutispeili.fi\/wp-content\/uploads\/2023\/11\/di.gold_.gif\" alt=\"\" width=\"11\" height=\"11\" \/><\/p>\n<p>Luettavaa:<\/p>\n<ul>\n<li><a href=\"https:\/\/www.delfi.ee\/artikkel\/120409672\/video-seitse-relvastatud-venemaa-uksuslast-seisid-eesti-vene-piiril-saatse-saapas-tee-peal\" target=\"_blank\" rel=\"noopener\"><strong>Delfi.ee<\/strong><\/a> 11.10. 2025: VIDEO | Seitsem\u00e4n aseistettua ven\u00e4l\u00e4issotilasta seisoi tiell\u00e4 Saatse Bootin kunnassa Viron ja Ven\u00e4j\u00e4n rajalla ,<\/li>\n<li><a href=\"https:\/\/www.postimees.ee\/8340944\/taro-meie-andmetel-on-vene-relvastatud-uksus-saatse-saapa-juurest-lahkunud\" target=\"_blank\" rel=\"noopener\"><strong>Postimees<\/strong><\/a> 11.10. 2025: Taro: Tietojemme mukaan Ven\u00e4j\u00e4n sotilasyksikk\u00f6 on poistunut Saatsenin saapasvuodesta..<\/li>\n<li><a href=\"https:\/\/www.iltalehti.fi\/ulkomaat\/a\/3301114b-6516-4814-93f2-935b5c48a5d3\" target=\"_blank\" rel=\"noopener\"><strong>Iltalehti<\/strong><\/a> 11.10. 2025,<\/li>\n<\/ul>\n","protected":false},"excerpt":{"rendered":"<p>Viron Rajavartiolaitos (PPA) sulki eilen perjantaina Saatse:n kunnan asukkaiden normaalisti k\u00e4ytt\u00e4m\u00e4n tienp\u00e4tk\u00e4n, joka oikaisee n. 800 metri\u00e4 rajan Ven\u00e4j\u00e4n puolella, ns. &#8217;Saatsen saappaan&#8217; kohdalla. (Viranomaiskuvaa 10.10. 2025, kuvan aineisto: PPA via Delfi.ee.) Tie on suljettu Ven\u00e4j\u00e4n puolella tapahtuvan &#8217;poikkeuksellisen aktiviteetin&#8217; johdosta. &#8221;Saappaan&#8221; alueella on havaittu tavallista enemm\u00e4n aseistettuja Ven\u00e4j\u00e4n rajavartijoita. Syyt\u00e4 t\u00e4h\u00e4n ei tiedet\u00e4. Liikenteen [&hellip;]<\/p>\n","protected":false},"author":3,"featured_media":8827,"comment_status":"open","ping_status":"open","sticky":false,"template":"","format":"standard","meta":{"footnotes":""},"categories":[74,210],"tags":[],"_links":{"self":[{"href":"https:\/\/www.uutispeili.fi\/index.php\/wp-json\/wp\/v2\/posts\/8826"}],"collection":[{"href":"https:\/\/www.uutispeili.fi\/index.php\/wp-json\/wp\/v2\/posts"}],"about":[{"href":"https:\/\/www.uutispeili.fi\/index.php\/wp-json\/wp\/v2\/types\/post"}],"author":[{"embeddable":true,"href":"https:\/\/www.uutispeili.fi\/index.php\/wp-json\/wp\/v2\/users\/3"}],"replies":[{"embeddable":true,"href":"https:\/\/www.uutispeili.fi\/index.php\/wp-json\/wp\/v2\/comments?post=8826"}],"version-history":[{"count":1,"href":"https:\/\/www.uutispeili.fi\/index.php\/wp-json\/wp\/v2\/posts\/8826\/revisions"}],"predecessor-version":[{"id":8828,"href":"https:\/\/www.uutispeili.fi\/index.php\/wp-json\/wp\/v2\/posts\/8826\/revisions\/8828"}],"wp:featuredmedia":[{"embeddable":true,"href":"https:\/\/www.uutispeili.fi\/index.php\/wp-json\/wp\/v2\/media\/8827"}],"wp:attachment":[{"href":"https:\/\/www.uutispeili.fi\/index.php\/wp-json\/wp\/v2\/media?parent=8826"}],"wp:term":[{"taxonomy":"category","embeddable":true,"href":"https:\/\/www.uutispeili.fi\/index.php\/wp-json\/wp\/v2\/categories?post=8826"},{"taxonomy":"post_tag","embeddable":true,"href":"https:\/\/www.uutispeili.fi\/index.php\/wp-json\/wp\/v2\/tags?post=8826"}],"curies":[{"name":"wp","href":"https:\/\/api.w.org\/{rel}","templated":true}]}}