{"id":8746,"date":"2025-10-09T09:28:00","date_gmt":"2025-10-09T06:28:00","guid":{"rendered":"https:\/\/www.uutispeili.fi\/?p=8746"},"modified":"2025-10-09T12:42:54","modified_gmt":"2025-10-09T09:42:54","slug":"nobel-palkintokilpa-ja-turkki-vauhdittivat-gazan-aseleposopimusta","status":"publish","type":"post","link":"https:\/\/www.uutispeili.fi\/index.php\/2025\/10\/09\/nobel-palkintokilpa-ja-turkki-vauhdittivat-gazan-aseleposopimusta\/","title":{"rendered":"Nobel-palkintokilpa ja Turkki vauhdittivat Gazan aseleposopimusta"},"content":{"rendered":"<p><strong>Pitk\u00e4n v\u00e4\u00e4nn\u00f6n j\u00e4lkeen Gazan sodan osapuolet suostuivat aselepoon, -suurin piirtein samoilla j\u00e4rjestelyill\u00e4, joita Yhdysvallat esittiv\u00e4t jo aiemminkin (31.05. 2024). Tarkastelemme.<\/strong><\/p>\n<p>(Arkistokuva, -toivottavasti k\u00e4yt\u00f6ss\u00e4 viimeist\u00e4 kertaa.)<\/p>\n<h2>Konfliktin osapuolista aloitamme terroristij\u00e4rjest\u00f6 <strong>Hamasi<\/strong>sta:<\/h2>\n<p>Hamas aloitti koko sodan 7. lokakuuta 2923, hy\u00f6kk\u00e4\u00e4m\u00e4ll\u00e4 yll\u00e4tt\u00e4en <strong>Gazan<\/strong> kaistalta <strong>Israeliin<\/strong>. Hy\u00f6kk\u00e4yst\u00e4 ei edelt\u00e4nyt mink\u00e4\u00e4nlainen kriisi Israelin ja Gazan hallinnon v\u00e4lill\u00e4. Israel oli asteittain helpottanut rajanylityksi\u00e4, ja gazalaisten ty\u00f6ss\u00e4k\u00e4ynti\u00e4 Israelin puolella, ja suhteiden odotettiin kehittyv\u00e4n pikkuhiljaa yh\u00e4 normaalimpaan kanssak\u00e4ymisen. siksi hy\u00f6kk\u00e4yksest\u00e4 ei saatu mink\u00e4\u00e4nlaista varoitusta.<\/p>\n<p>Hamasin edustajat ovat ep\u00e4suorasti my\u00f6nt\u00e4neet, ett\u00e4 hy\u00f6kk\u00e4yksen er\u00e4s p\u00e4\u00e4m\u00e4\u00e4r\u00e4 oli Israelin nauttiman kansainv\u00e4lisen arvostuksen vahingoittaminen. T\u00e4t\u00e4 kuullostaa hyvin kyyniselt\u00e4: Israel pakotettiin panttivankeja ottamalla, -ja tekem\u00e4ll\u00e4 joukkomurha Israelin <strong>Negev<\/strong>in alueella- aloittamaan maasota tihe\u00e4\u00e4n asutussa Gazassa.<\/p>\n<p>Varmuuden vuoksi ammuttiin tuhansia raketteja Gazasta Israeliin, -ja tulivathan<br \/>\nIsraelin puolustusvoimat (IDF), kun oikein aktiivisesti kutsuttiin. Panssarivaunuilla jyristely ja paukuttelu aiheutti odotetusti ihmisuhreja ja k\u00e4rsimyst\u00e4, -kuten oli tarkoituskin.<\/p>\n<p>Toisin kuin Hamasille oli -ilmeisesti- luvattu, sen terroristit j\u00e4iv\u00e4t yksin ottamaan vastaan Israelin vastaiskun. <strong>Hezbollah<\/strong>in raketit <strong>Etel\u00e4-Libanon<\/strong>ista ja huthi-kapinoitsijoiden ohjukset <strong>Jemen<\/strong>ist\u00e4 eiv\u00e4t kevent\u00e4neet Hamasin oloa. Huthien hy\u00f6kk\u00e4ily kansainv\u00e4lisen merenkulun h\u00e4iritsemiseksi tukee k\u00e4sityst\u00e4 koko konfliktin globaaleista tavoitteista.<\/p>\n<h2>Sota ei siis toteutunut aiotulla tavalla<\/h2>\n<p>Ettei koko spektaakkeli p\u00e4\u00e4ssyt vauhtiin, siihen on kaksi syyt\u00e4: <strong>Iran<\/strong>issa uskonnolliskonservatiivinen hallitus korvautui maltillisella reformistilla, <strong>Massoud Pezeskian<\/strong>illa, jonka prioriteetit olivat sis\u00e4politiikassa, ja Iranin talouden kaksi megariski\u00e4, -ydinpommi-hanke ja &#8221;<em>yst\u00e4vien<\/em>&#8221; (=terroristien) tukeminen- olivat edellisten halliutuksien hankalaa perint\u00f6\u00e4.<\/p>\n<p>Iran ei siis ollut l\u00e4htem\u00e4ss\u00e4 alueelliseen suursotaan, -eik\u00e4 suurempaankaan h\u00e4lin\u00e4\u00e4n. <strong>Ven\u00e4j\u00e4nk\u00e4\u00e4n<\/strong> kanssa <strong>Moskovassa<\/strong> v.2022 sovitut &#8221;<em>yhteiset toimet l\u00e4nnen heikent\u00e4miseksi<\/em>&#8221; eiv\u00e4t toteutuneet, kun ven\u00e4l\u00e4iset olivat jumissa <strong>Ukrainassa<\/strong>.<\/p>\n<h2>Israelin oikeisto:<\/h2>\n<p><em>Suursodalla<\/em> oli viel\u00e4 yksi valtti taskussaan: <strong>Benjamin Netanyahu<\/strong>n hallituksen oikeistoministerit, <strong>Katz<\/strong>, <strong>Ben-Gvir<\/strong> ja <strong>Smotrich<\/strong>t: T\u00e4m\u00e4 joukko jopa uhkasi kaataa hallituksen, jos Netanyahu allekirjoittaa aseleposopimuksen.<\/p>\n<p>Samaan aikaan tehtiin h\u00e4ly\u00e4 Gazasta v.2006 evakuoitujen juutalaissiirtokuntien uudelleenperustamisesta, -entist\u00e4 suurempina. T\u00e4m\u00e4 tuki ep\u00e4ilyj\u00e4, ett&#8217; Israelin tavoite Gazassa on &#8217;<strong><em>v\u00e4est\u00f6nvaihto<\/em><\/strong>&#8217;. -Rumempaakin sanaa k\u00e4ytettiin.<\/p>\n<h2>Molemmat rauhan esteet poistuivat yll\u00e4tt\u00e4en<\/h2>\n<p><strong>Yhdysvaltain<\/strong> presidentti <strong>Donald Trump<\/strong> on jo kiitellyt <strong>Qatarin<\/strong> emiirikuntaa, <strong>Egypti\u00e4<\/strong> ja <strong>Turkkia<\/strong> Hamasin pehmitt\u00e4misest\u00e4. -Kiitos lienee aiheellinen. Voidaankin arvioida, ett\u00e4 Hamasin saaminen rauhan kannalle oli ratkaisevin osin diplomatian tulosta. Saudi-lehti kirjoittaa:<\/p>\n<blockquote><p>&#8217;Turkin osallistuminen ja anteeksipyynt\u00f6 (Israelin anteeksipyynt\u00f6 Qatarille ilmahy\u00f6kk\u00e4yksest\u00e4 Dohaan) vakuuttivat Hamasin luottamaan siihen, ett\u00e4 <strong>Yhdysvallat pid\u00e4ttelee Israelia<\/strong>, virallisesti.&#8217;<\/p><\/blockquote>\n<p>N\u00e4emme siis kuvion, jossa arabimaat ja Turkki tyynnytteliv\u00e4t Hamasin, ja Yhdysvallat suitsi kuumap\u00e4isen Netanyahun. Rauhan toteutumisen tiell\u00e4 on viel\u00e4 useita askelia.<\/p>\n<blockquote><p>Arabidiplomaatin mukaan Qatarin, Egyptin ja Turkin v\u00e4litt\u00e4j\u00e4t k\u00e4yttiv\u00e4t Gazan sopimuksen julkistamista edelt\u00e4neiden neuvottelujen viimeiset tunnit saadakseen Hamasin uskomaan Yhdysvaltojen vakuutteluja siit\u00e4, ett\u00e4 se est\u00e4\u00e4 Israelia jatkamasta sotaa panttivankien vapauttamisen j\u00e4lkeen, kirjoittaa <a href=\"https:\/\/english.alarabiya.net\/News\/middle-east\/2025\/10\/09\/trump-announces-israelhamas-deal-to-end-gaza-war-release-hostages\">al-Arabiya<\/a> t\u00e4n\u00e4\u00e4n..<\/p><\/blockquote>\n<p><em>Arabi\/muslimi<\/em>-tarkastelussakin siis painottuu Israel, ja sen hillitseminen. Lehden mukaan Hamasin vakuutteli teetti paljon t\u00f6it\u00e4, ja otti aikaa.<\/p>\n<p>Israelin ilmaisku Qatarin p\u00e4\u00e4kaupunkiin <strong>Doha<\/strong>an oli v\u00e4h\u00e4ll\u00e4 tappaa Hamasin nyt k\u00e4ydyiss\u00e4 neuvotteluissa istuvan p\u00e4\u00e4neuvottelijan, mutta Netanyahun ilmeinen ylily\u00f6nti -ja primitiivireaktio- pommittaa Hamasin toimistoa Qatarissa, k\u00e4\u00e4ntyikin onneksi:<\/p>\n<blockquote><p>Netanyahun anteeksipyynt\u00f6 Qatarille vakuutti hamasilaiset h\u00e4nen valmiudestaan kiistan poliittiseen ratkaisuun.<\/p><\/blockquote>\n<p>Lehdelle puhuneen arabidiplomaatin mukaan Netanyahun saaminen n\u00f6yrtym\u00e4\u00e4n vakuutti Hamasin johtajat,, -kun (Hamasin johto) <em>punnitsi, luottaako se Trumpiin siin\u00e4, ett\u00e4 h\u00e4n pystyisi vaatimaan Jerusalemia sopimuksen ehtojen noudattamiseen.\u00a0<\/em><img loading=\"lazy\" decoding=\"async\" class=\"alignnone size-full wp-image-144\" src=\"https:\/\/www.uutispeili.fi\/wp-content\/uploads\/2023\/11\/di.gold_.gif\" alt=\"\" width=\"11\" height=\"11\" \/><\/p>\n<p>Luettavaa:<\/p>\n<ul>\n<li><a href=\"https:\/\/english.alarabiya.net\/News\/middle-east\/2025\/10\/09\/trump-announces-israelhamas-deal-to-end-gaza-war-release-hostages\"><strong>al-Arabiya<\/strong><\/a> 09.10. 2025,<\/li>\n<li><a href=\"https:\/\/www.timesofisrael.com\/liveblog_entry\/turkish-involvement-doha-apology-convinced-hamas-to-trust-us-will-hold-israel-back-official\/\" target=\"_blank\" rel=\"noopener\"><strong>The Times of Israel<\/strong><\/a> 09.10. 2025: Turkin osallistuminen ja Dohan anteeksipyynt\u00f6 vakuuttivat Hamasin luottamaan siihen, ett\u00e4 Yhdysvallat pid\u00e4ttelee Israelia, virallisesti,<\/li>\n<\/ul>\n<blockquote class=\"wp-embedded-content\" data-secret=\"WliJ8rJrtE\"><p><a href=\"https:\/\/www.uutispeili.fi\/index.php\/2025\/10\/08\/turkilla-tiedettya-suurempi-rooli-gaza-sotkun-selvittamisessa\/\">Turkilla tiedetty\u00e4 suurempi rooli Gaza-sotkun selvitt\u00e4misess\u00e4<\/a><\/p><\/blockquote>\n<p><iframe class=\"wp-embedded-content\" sandbox=\"allow-scripts\" security=\"restricted\" style=\"position: absolute; clip: rect(1px, 1px, 1px, 1px);\" title=\"&#8221;Turkilla tiedetty\u00e4 suurempi rooli Gaza-sotkun selvitt\u00e4misess\u00e4&#8221; &#8212; \" src=\"https:\/\/www.uutispeili.fi\/index.php\/2025\/10\/08\/turkilla-tiedettya-suurempi-rooli-gaza-sotkun-selvittamisessa\/embed\/#?secret=J4MpdWe1Py#?secret=WliJ8rJrtE\" data-secret=\"WliJ8rJrtE\" width=\"600\" height=\"338\" frameborder=\"0\" marginwidth=\"0\" marginheight=\"0\" scrolling=\"no\"><\/iframe><\/p>\n<blockquote class=\"wp-embedded-content\" data-secret=\"mDXKLqwHni\"><p><a href=\"https:\/\/www.uutispeili.fi\/index.php\/2025\/10\/05\/arabi-ja-muslimimaat-tyytyvaisia-hamasin-vastaukseen-trumpin-rauhansuunnitelmaan\/\">Arabi- ja muslimimaat  tyytyv\u00e4isi\u00e4 Hamasin vastaukseen Trumpin rauhansuunnitelmaan<\/a><\/p><\/blockquote>\n<p><iframe class=\"wp-embedded-content\" sandbox=\"allow-scripts\" security=\"restricted\" style=\"position: absolute; clip: rect(1px, 1px, 1px, 1px);\" title=\"&#8221;Arabi- ja muslimimaat  tyytyv\u00e4isi\u00e4 Hamasin vastaukseen Trumpin rauhansuunnitelmaan&#8221; &#8212; \" src=\"https:\/\/www.uutispeili.fi\/index.php\/2025\/10\/05\/arabi-ja-muslimimaat-tyytyvaisia-hamasin-vastaukseen-trumpin-rauhansuunnitelmaan\/embed\/#?secret=S3WYNrFbv9#?secret=mDXKLqwHni\" data-secret=\"mDXKLqwHni\" width=\"600\" height=\"338\" frameborder=\"0\" marginwidth=\"0\" marginheight=\"0\" scrolling=\"no\"><\/iframe><\/p>\n<blockquote class=\"wp-embedded-content\" data-secret=\"gqNg7Tk6do\"><p><a href=\"https:\/\/www.uutispeili.fi\/index.php\/2025\/10\/01\/netanyahu-pyysi-maanantaina-anteeksi-iskua-qatariin-trump-antoi-qatarille-turvatakuut\/\">Netanyahu pyysi maanantaina anteeksi iskua Qatariin, Trump antoi Qatarille turvatakuut<\/a><\/p><\/blockquote>\n<p><iframe class=\"wp-embedded-content\" sandbox=\"allow-scripts\" security=\"restricted\" style=\"position: absolute; clip: rect(1px, 1px, 1px, 1px);\" title=\"&#8221;Netanyahu pyysi maanantaina anteeksi iskua Qatariin, Trump antoi Qatarille turvatakuut&#8221; &#8212; \" src=\"https:\/\/www.uutispeili.fi\/index.php\/2025\/10\/01\/netanyahu-pyysi-maanantaina-anteeksi-iskua-qatariin-trump-antoi-qatarille-turvatakuut\/embed\/#?secret=ma5P06vwkT#?secret=gqNg7Tk6do\" data-secret=\"gqNg7Tk6do\" width=\"600\" height=\"338\" frameborder=\"0\" marginwidth=\"0\" marginheight=\"0\" scrolling=\"no\"><\/iframe><\/p>\n<blockquote class=\"wp-embedded-content\" data-secret=\"eYyDbxLzif\"><p><a href=\"https:\/\/www.uutispeili.fi\/index.php\/2025\/09\/30\/qatar-egypti-ja-turkki-taivuttelevat-hamasia-hyvaksymaan-trumpin-rauhansuunnitelman\/\">Qatar, Egypti ja Turkki taivuttelevat Hamasia hyv\u00e4ksym\u00e4\u00e4n Trumpin rauhansuunnitelman<\/a><\/p><\/blockquote>\n<p><iframe class=\"wp-embedded-content\" sandbox=\"allow-scripts\" security=\"restricted\" style=\"position: absolute; clip: rect(1px, 1px, 1px, 1px);\" title=\"&#8221;Qatar, Egypti ja Turkki taivuttelevat Hamasia hyv\u00e4ksym\u00e4\u00e4n Trumpin rauhansuunnitelman&#8221; &#8212; \" src=\"https:\/\/www.uutispeili.fi\/index.php\/2025\/09\/30\/qatar-egypti-ja-turkki-taivuttelevat-hamasia-hyvaksymaan-trumpin-rauhansuunnitelman\/embed\/#?secret=imaYAC8TVM#?secret=eYyDbxLzif\" data-secret=\"eYyDbxLzif\" width=\"600\" height=\"338\" frameborder=\"0\" marginwidth=\"0\" marginheight=\"0\" scrolling=\"no\"><\/iframe><\/p>\n<blockquote class=\"wp-embedded-content\" data-secret=\"hLDll9Qfqa\"><p><a href=\"https:\/\/www.uutispeili.fi\/index.php\/2025\/09\/29\/trump-lupaa-maanantaiksi-jotain-erityista-netanyahu-kiihdyttaa-operaatiotaan-gazassa\/\">Trump lupaa maanantaiksi &#8221;jotain erityist\u00e4&#8221;, Netanyahu kiihdytt\u00e4\u00e4 operaatiotaan Gazassa<\/a><\/p><\/blockquote>\n<p><iframe class=\"wp-embedded-content\" sandbox=\"allow-scripts\" security=\"restricted\" style=\"position: absolute; clip: rect(1px, 1px, 1px, 1px);\" title=\"&#8221;Trump lupaa maanantaiksi &#8221;jotain erityist\u00e4&#8221;, Netanyahu kiihdytt\u00e4\u00e4 operaatiotaan Gazassa&#8221; &#8212; \" src=\"https:\/\/www.uutispeili.fi\/index.php\/2025\/09\/29\/trump-lupaa-maanantaiksi-jotain-erityista-netanyahu-kiihdyttaa-operaatiotaan-gazassa\/embed\/#?secret=pwvuMAZE56#?secret=hLDll9Qfqa\" data-secret=\"hLDll9Qfqa\" width=\"600\" height=\"338\" frameborder=\"0\" marginwidth=\"0\" marginheight=\"0\" scrolling=\"no\"><\/iframe><\/p>\n<blockquote class=\"wp-embedded-content\" data-secret=\"n6L4jcMqdn\"><p><a href=\"https:\/\/www.uutispeili.fi\/index.php\/2025\/09\/27\/trumpin-gazan-rauhansuunnitelma\/\">Trumpin Gazan-rauhansuunnitelma<\/a><\/p><\/blockquote>\n<p><iframe class=\"wp-embedded-content\" sandbox=\"allow-scripts\" security=\"restricted\" style=\"position: absolute; clip: rect(1px, 1px, 1px, 1px);\" title=\"&#8221;Trumpin Gazan-rauhansuunnitelma&#8221; &#8212; \" src=\"https:\/\/www.uutispeili.fi\/index.php\/2025\/09\/27\/trumpin-gazan-rauhansuunnitelma\/embed\/#?secret=z7QFlcwkxm#?secret=n6L4jcMqdn\" data-secret=\"n6L4jcMqdn\" width=\"600\" height=\"338\" frameborder=\"0\" marginwidth=\"0\" marginheight=\"0\" scrolling=\"no\"><\/iframe><\/p>\n<blockquote class=\"wp-embedded-content\" data-secret=\"SEttEfPwYq\"><p><a href=\"https:\/\/www.uutispeili.fi\/index.php\/2025\/09\/24\/trumpin-avaus-muslimimaiden-suuntaan-rauhoittaa-gazan\/\">Trumpin avaus muslimimaiden suuntaan rauhoittaa Gazan<\/a><\/p><\/blockquote>\n<p><iframe class=\"wp-embedded-content\" sandbox=\"allow-scripts\" security=\"restricted\" style=\"position: absolute; clip: rect(1px, 1px, 1px, 1px);\" title=\"&#8221;Trumpin avaus muslimimaiden suuntaan rauhoittaa Gazan&#8221; &#8212; \" src=\"https:\/\/www.uutispeili.fi\/index.php\/2025\/09\/24\/trumpin-avaus-muslimimaiden-suuntaan-rauhoittaa-gazan\/embed\/#?secret=SrLWg36bCn#?secret=SEttEfPwYq\" data-secret=\"SEttEfPwYq\" width=\"600\" height=\"338\" frameborder=\"0\" marginwidth=\"0\" marginheight=\"0\" scrolling=\"no\"><\/iframe><\/p>\n<blockquote class=\"wp-embedded-content\" data-secret=\"j2bmenIoUN\"><p><a href=\"https:\/\/www.uutispeili.fi\/index.php\/2025\/09\/15\/rubio-vakuuttaa-horjumatonta-tukea-netanyahun-gaza-politiikalle\/\">Rubio vakuuttaa &#8221;horjumatonta tukea&#8221; Netanyahun Gaza-politiikalle<\/a><\/p><\/blockquote>\n<p><iframe class=\"wp-embedded-content\" sandbox=\"allow-scripts\" security=\"restricted\" style=\"position: absolute; clip: rect(1px, 1px, 1px, 1px);\" title=\"&#8221;Rubio vakuuttaa &#8221;horjumatonta tukea&#8221; Netanyahun Gaza-politiikalle&#8221; &#8212; \" src=\"https:\/\/www.uutispeili.fi\/index.php\/2025\/09\/15\/rubio-vakuuttaa-horjumatonta-tukea-netanyahun-gaza-politiikalle\/embed\/#?secret=e3XpTbWc3l#?secret=j2bmenIoUN\" data-secret=\"j2bmenIoUN\" width=\"600\" height=\"338\" frameborder=\"0\" marginwidth=\"0\" marginheight=\"0\" scrolling=\"no\"><\/iframe><\/p>\n<blockquote class=\"wp-embedded-content\" data-secret=\"2DSI4TUzfX\"><p><a href=\"https:\/\/www.uutispeili.fi\/index.php\/2025\/09\/13\/panttivankien-perheet-tanaan-todistamme-jalleen-yritysta-sabotoida-sopimusta\/\">Panttivankien perheet t\u00e4n\u00e4\u00e4n: &#8221;Todistamme j\u00e4lleen yrityst\u00e4 sabotoida sopimusta&#8221;<\/a><\/p><\/blockquote>\n<p><iframe class=\"wp-embedded-content\" sandbox=\"allow-scripts\" security=\"restricted\" style=\"position: absolute; clip: rect(1px, 1px, 1px, 1px);\" title=\"&#8221;Panttivankien perheet t\u00e4n\u00e4\u00e4n: &#8221;Todistamme j\u00e4lleen yrityst\u00e4 sabotoida sopimusta&#8221;&#8221; &#8212; \" src=\"https:\/\/www.uutispeili.fi\/index.php\/2025\/09\/13\/panttivankien-perheet-tanaan-todistamme-jalleen-yritysta-sabotoida-sopimusta\/embed\/#?secret=ek1VxfMUjF#?secret=2DSI4TUzfX\" data-secret=\"2DSI4TUzfX\" width=\"600\" height=\"338\" frameborder=\"0\" marginwidth=\"0\" marginheight=\"0\" scrolling=\"no\"><\/iframe><\/p>\n<blockquote class=\"wp-embedded-content\" data-secret=\"KZd41mIiGz\"><p><a href=\"https:\/\/www.uutispeili.fi\/index.php\/2025\/09\/12\/ykn-yleiskokous-aanesti-perjantaina-new-yorkin-julistuksesta\/\">YK:n yleiskokous \u00e4\u00e4nesti perjantaina &#8221;New Yorkin julistuksesta&#8221;<\/a><\/p><\/blockquote>\n<p><iframe class=\"wp-embedded-content\" sandbox=\"allow-scripts\" security=\"restricted\" style=\"position: absolute; clip: rect(1px, 1px, 1px, 1px);\" title=\"&#8221;YK:n yleiskokous \u00e4\u00e4nesti perjantaina &#8221;New Yorkin julistuksesta&#8221;&#8221; &#8212; \" src=\"https:\/\/www.uutispeili.fi\/index.php\/2025\/09\/12\/ykn-yleiskokous-aanesti-perjantaina-new-yorkin-julistuksesta\/embed\/#?secret=IYiGFIXwP4#?secret=KZd41mIiGz\" data-secret=\"KZd41mIiGz\" width=\"600\" height=\"338\" frameborder=\"0\" marginwidth=\"0\" marginheight=\"0\" scrolling=\"no\"><\/iframe><\/p>\n<blockquote class=\"wp-embedded-content\" data-secret=\"vSRaquV1QM\"><p><a href=\"https:\/\/www.uutispeili.fi\/index.php\/2025\/09\/12\/gazan-sodan-taustat-ja-ulottuvuudet\/\">Gazan sodan taustat, ja ulottuvuudet<\/a><\/p><\/blockquote>\n<p><iframe class=\"wp-embedded-content\" sandbox=\"allow-scripts\" security=\"restricted\" style=\"position: absolute; clip: rect(1px, 1px, 1px, 1px);\" title=\"&#8221;Gazan sodan taustat, ja ulottuvuudet&#8221; &#8212; \" src=\"https:\/\/www.uutispeili.fi\/index.php\/2025\/09\/12\/gazan-sodan-taustat-ja-ulottuvuudet\/embed\/#?secret=RZaDwG5bVh#?secret=vSRaquV1QM\" data-secret=\"vSRaquV1QM\" width=\"600\" height=\"338\" frameborder=\"0\" marginwidth=\"0\" marginheight=\"0\" scrolling=\"no\"><\/iframe><\/p>\n","protected":false},"excerpt":{"rendered":"<p>Pitk\u00e4n v\u00e4\u00e4nn\u00f6n j\u00e4lkeen Gazan sodan osapuolet suostuivat aselepoon, -suurin piirtein samoilla j\u00e4rjestelyill\u00e4, joita Yhdysvallat esittiv\u00e4t jo aiemminkin (31.05. 2024). Tarkastelemme. (Arkistokuva, -toivottavasti k\u00e4yt\u00f6ss\u00e4 viimeist\u00e4 kertaa.) Konfliktin osapuolista aloitamme terroristij\u00e4rjest\u00f6 Hamasista: Hamas aloitti koko sodan 7. lokakuuta 2923, hy\u00f6kk\u00e4\u00e4m\u00e4ll\u00e4 yll\u00e4tt\u00e4en Gazan kaistalta Israeliin. Hy\u00f6kk\u00e4yst\u00e4 ei edelt\u00e4nyt mink\u00e4\u00e4nlainen kriisi Israelin ja Gazan hallinnon v\u00e4lill\u00e4. Israel oli asteittain [&hellip;]<\/p>\n","protected":false},"author":3,"featured_media":1366,"comment_status":"open","ping_status":"open","sticky":false,"template":"","format":"standard","meta":{"footnotes":""},"categories":[208,151,161,127],"tags":[],"_links":{"self":[{"href":"https:\/\/www.uutispeili.fi\/index.php\/wp-json\/wp\/v2\/posts\/8746"}],"collection":[{"href":"https:\/\/www.uutispeili.fi\/index.php\/wp-json\/wp\/v2\/posts"}],"about":[{"href":"https:\/\/www.uutispeili.fi\/index.php\/wp-json\/wp\/v2\/types\/post"}],"author":[{"embeddable":true,"href":"https:\/\/www.uutispeili.fi\/index.php\/wp-json\/wp\/v2\/users\/3"}],"replies":[{"embeddable":true,"href":"https:\/\/www.uutispeili.fi\/index.php\/wp-json\/wp\/v2\/comments?post=8746"}],"version-history":[{"count":3,"href":"https:\/\/www.uutispeili.fi\/index.php\/wp-json\/wp\/v2\/posts\/8746\/revisions"}],"predecessor-version":[{"id":8755,"href":"https:\/\/www.uutispeili.fi\/index.php\/wp-json\/wp\/v2\/posts\/8746\/revisions\/8755"}],"wp:featuredmedia":[{"embeddable":true,"href":"https:\/\/www.uutispeili.fi\/index.php\/wp-json\/wp\/v2\/media\/1366"}],"wp:attachment":[{"href":"https:\/\/www.uutispeili.fi\/index.php\/wp-json\/wp\/v2\/media?parent=8746"}],"wp:term":[{"taxonomy":"category","embeddable":true,"href":"https:\/\/www.uutispeili.fi\/index.php\/wp-json\/wp\/v2\/categories?post=8746"},{"taxonomy":"post_tag","embeddable":true,"href":"https:\/\/www.uutispeili.fi\/index.php\/wp-json\/wp\/v2\/tags?post=8746"}],"curies":[{"name":"wp","href":"https:\/\/api.w.org\/{rel}","templated":true}]}}