{"id":8672,"date":"2025-10-05T20:25:44","date_gmt":"2025-10-05T17:25:44","guid":{"rendered":"https:\/\/www.uutispeili.fi\/?p=8672"},"modified":"2025-10-05T20:25:45","modified_gmt":"2025-10-05T17:25:45","slug":"israel-syyttaa-flotillaa-hamasin-rahoittamaksi-ja-esittaa-dokumentteja","status":"publish","type":"post","link":"https:\/\/www.uutispeili.fi\/index.php\/2025\/10\/05\/israel-syyttaa-flotillaa-hamasin-rahoittamaksi-ja-esittaa-dokumentteja\/","title":{"rendered":"Israel syytt\u00e4\u00e4 &#8217;flotillaa&#8217; Hamasin rahoittamaksi, ja esitt\u00e4\u00e4 dokumentteja"},"content":{"rendered":"<p><strong>Viime viikolla Israelin ulkoministeri\u00f6 jakoi uutisen asiakirjal\u00f6yd\u00f6ist\u00e4 Gazassa: Dokumenttien mukaan &#8217;<em>avustuslaivasto<\/em>&#8217; <em>Sumud Flotilla<\/em> saa tukea sanoista rahoituskanavista, kuin terroristij\u00e4rjest\u00f6 Hamas itse.<\/strong><\/p>\n<p><strong>Gazan kaistalta<\/strong> l\u00f6ydetyt viralliset <strong>Hamas<\/strong>in asiakirjat todistavat Hamasin suoran osallisuuden Gazaan matkanneen &#8221;<strong>Sumud<\/strong>&#8221;-laivaston rahoitukseen ja toteutukseen, kirjoittaa <a href=\"https:\/\/x.com\/IsraelMFA\/status\/1972938224281465339\" target=\"_blank\" rel=\"noopener\"><strong>Israelin ulkoministeri\u00f6<\/strong><\/a> (30.09.)<\/p>\n<p>Gazan kaistalta l\u00f6ydetyt ja nyt ensimm\u00e4ist\u00e4 kertaa paljastettavat Hamasin asiakirjat osoittavat suoran yhteyden laivaston johtajien ja Hamasin terroristij\u00e4rjest\u00f6n v\u00e4lill\u00e4. Gazan kaistalla oleva Hamas on vastuussa alueen sis\u00e4isist\u00e4 tapahtumista, kun taas ulkomailla toimiva Hamas on vastuussa Gazan ulkopuolella tapahtuvasta toiminnasta, erityisesti <strong>PCPA<\/strong>-j\u00e4rjest\u00f6n kautta, joka on Hamasin alainen ja toimii liikkeen siipin\u00e4.<\/p>\n<blockquote><p>PCPA (Palestiinan ulkomailla asuvien palestiinalaisten konferenssi) perustettiin vuonna 2018, ja se toimii Hamasin edustuselimen\u00e4 ulkomailla, tosiasiallisesti Hamasin suurl\u00e4hetyst\u00f6in\u00e4.<\/p><\/blockquote>\n<p>J\u00e4rjest\u00f6 toimii siviilij\u00e4rjest\u00f6n\u00e4, ja on vastuussa Hamasin puolesta Israelin vastaisten toimien k\u00e4ynnist\u00e4misest\u00e4, mukaan lukien v\u00e4kivaltaiset mielenosoitukset, marssit Israelia vastaan, \u200b\u200bsek\u00e4 <strong>mielenosoitus- ja provokaatiolaivasto<\/strong>.<\/p>\n<p>Ensimm\u00e4inen virallinen Hamas-asiakirja l\u00f6ydettiin Gazan kaistalta \u2013 Hamasin poliittisen toimiston johtajan <strong>Ismail Haniyeh<\/strong>in allekirjoittama kirje vuodelta 2021, jossa h\u00e4n kehottaa suoraan ja yksiselitteisesti PCPA:n puheenjohtajaa yhten\u00e4isyyteen. Kirjeess\u00e4 Haniyeh tukee julkisesti PCPA-j\u00e4rjest\u00f6\u00e4.<\/p>\n<p>On huomattava, ett\u00e4 <strong>Israel<\/strong> nimesi PCPA:n <em><strong>terroristij\u00e4rjest\u00f6ksi<\/strong><\/em> vuonna 2021, koska se on Hamasin alaj\u00e4rjest\u00f6. Toinen virallinen Hamas-asiakirja on luettelo PCPA:n toimijoista, joista osa on korkeassa asemassa olevia tunnettuja Hamas-toimijoita.<\/p>\n<p>Listalla olevien nimien joukossa ovat <strong>Zaher Birawi<\/strong>, joka toimii PCPA:n Hamas-sektorin johtajana <strong>Isossa-Britanniassa,<\/strong> ja joka tunnetaan Gazan alueelle viimeisten 15 vuoden aikana l\u00e4hett\u00e4neiden mielenosoituslaivueiden johtajana (asiakirjassa numero 19), sek\u00e4 <strong>Saif Abu Kashk<\/strong> (asiakirjassa numero 25), j\u00e4rjest\u00f6n toimija <strong>Espanjassa<\/strong>.<\/p>\n<p>Kaavion enimm\u00e4inen nimi, <strong>Zaher Birawi,<\/strong> on Gretallekin tuttu: Otsikkokuvassa h\u00e4nen seurassaan (rengastettu). Toisessa kuvassa Birawi pit\u00e4\u00e4 seuraa terroristeille.<\/p>\n<p><img loading=\"lazy\" decoding=\"async\" class=\"aligncenter wp-image-8674 size-full\" src=\"https:\/\/www.uutispeili.fi\/wp-content\/uploads\/2025\/10\/flotilla-hamas000.png\" alt=\"\" width=\"590\" height=\"525\" srcset=\"https:\/\/www.uutispeili.fi\/wp-content\/uploads\/2025\/10\/flotilla-hamas000.png 590w, https:\/\/www.uutispeili.fi\/wp-content\/uploads\/2025\/10\/flotilla-hamas000-300x267.png 300w\" sizes=\"(max-width: 590px) 100vw, 590px\" \/><\/p>\n<p><img loading=\"lazy\" decoding=\"async\" class=\"aligncenter wp-image-8673 size-full\" src=\"https:\/\/www.uutispeili.fi\/wp-content\/uploads\/2025\/10\/birawi000tekst.jpg\" alt=\"\" width=\"790\" height=\"739\" srcset=\"https:\/\/www.uutispeili.fi\/wp-content\/uploads\/2025\/10\/birawi000tekst.jpg 790w, https:\/\/www.uutispeili.fi\/wp-content\/uploads\/2025\/10\/birawi000tekst-300x281.jpg 300w, https:\/\/www.uutispeili.fi\/wp-content\/uploads\/2025\/10\/birawi000tekst-768x718.jpg 768w\" sizes=\"(max-width: 790px) 100vw, 790px\" \/><\/p>\n<p>T\u00e4m\u00e4 asiakirja l\u00f6ydettiin Hamasin etuvartiosta Gazan kaistalla, ja se todistaa j\u00e4lleen heid\u00e4n suoran yhteytens\u00e4 laivaston johtajien ja Hamasin v\u00e4lill\u00e4. Sen lis\u00e4ksi, ett\u00e4 Abu Kashk on Hamasin liittolainen PCPA:n agentti, h\u00e4n on my\u00f6s <strong>Cyber \u200b\u200bNeptune<\/strong>n toimitusjohtaja. Cyber \u200b\u200bNeptune on espanjalainen peiteyhti\u00f6, joka omistaa kymmeni\u00e4 &#8221;Sumud&#8221;-laivastoon osallistuvia aluksia. N\u00e4in ollen n\u00e4m\u00e4 alukset ovat salaa Hamasin omistuksessa, kirjoitti Israelin ulkoministeri\u00f6. <img loading=\"lazy\" decoding=\"async\" class=\"alignnone size-full wp-image-144\" src=\"https:\/\/www.uutispeili.fi\/wp-content\/uploads\/2023\/11\/di.gold_.gif\" alt=\"\" width=\"11\" height=\"11\" \/><\/p>\n<p>Teksti: Israelin ulkoministeri\u00f6, editointi ja lyhent\u00e4minen: Uutispeili, kuvat: Hamas via Israel <a href=\"https:\/\/www.gov.il\/en\/departments\/ministry_of_foreign_affairs\"><span id=\"OfficeName\">Ministry of Foreign Affairs<\/span><\/a>.<\/p>\n<p>Luettavaa:<\/p>\n<ul>\n<li><a href=\"https:\/\/www.gov.il\/en\/pages\/official-hamas-documents-prove-hamas-s-direct-involvement-in-the-gaza-flotilla-30-sep-2025\" target=\"_blank\" rel=\"noopener\"><strong>Israelin ulkoministeri\u00f6<\/strong><\/a> 30.09. 2025: Official Hamas documents prove Hamas\u2019s direct involvement in the Gaza flotilla,<\/li>\n<li><a href=\"https:\/\/www.euronews.com\/my-europe\/2025\/09\/30\/gaza-bound-flotilla-rejects-israeli-claims-of-hamas-funding\" target=\"_blank\" rel=\"noopener\"><strong>Euronews<\/strong><\/a> 30.09. 2025 Gazaan matkalla ollut laivue kiist\u00e4\u00e4 Israelin v\u00e4itteet Hamasin rahoituksesta,<\/li>\n<li><a href=\"https:\/\/x.com\/IsraelMFA\/status\/1972938224281465339\" target=\"_blank\" rel=\"noopener\">https:\/\/x.com\/IsraelMFA\/status\/1972938224281465339<\/a>,<\/li>\n<\/ul>\n<blockquote class=\"wp-embedded-content\" data-secret=\"RQQ3qird8R\"><p><a href=\"https:\/\/www.uutispeili.fi\/index.php\/2025\/10\/05\/arabi-ja-muslimimaat-tyytyvaisia-hamasin-vastaukseen-trumpin-rauhansuunnitelmaan\/\">Arabi- ja muslimimaat  tyytyv\u00e4isi\u00e4 Hamasin vastaukseen Trumpin rauhansuunnitelmaan<\/a><\/p><\/blockquote>\n<p><iframe class=\"wp-embedded-content\" sandbox=\"allow-scripts\" security=\"restricted\" style=\"position: absolute; clip: rect(1px, 1px, 1px, 1px);\" title=\"&#8221;Arabi- ja muslimimaat  tyytyv\u00e4isi\u00e4 Hamasin vastaukseen Trumpin rauhansuunnitelmaan&#8221; &#8212; \" src=\"https:\/\/www.uutispeili.fi\/index.php\/2025\/10\/05\/arabi-ja-muslimimaat-tyytyvaisia-hamasin-vastaukseen-trumpin-rauhansuunnitelmaan\/embed\/#?secret=ssdRn7CPi9#?secret=RQQ3qird8R\" data-secret=\"RQQ3qird8R\" width=\"600\" height=\"338\" frameborder=\"0\" marginwidth=\"0\" marginheight=\"0\" scrolling=\"no\"><\/iframe><\/p>\n<blockquote class=\"wp-embedded-content\" data-secret=\"dhtkLqcw9T\"><p><a href=\"https:\/\/www.uutispeili.fi\/index.php\/2025\/10\/05\/israel-ja-hamas-kairon-neuvotteluihin-halukkaina-sopimukseen-mutta-sisaisesti-erimielisina\/\">Israel ja Hamas Kairon neuvotteluihin &#8221;halukkaina sopimukseen&#8221;, mutta sis\u00e4isesti erimielisin\u00e4<\/a><\/p><\/blockquote>\n<p><iframe class=\"wp-embedded-content\" sandbox=\"allow-scripts\" security=\"restricted\" style=\"position: absolute; clip: rect(1px, 1px, 1px, 1px);\" title=\"&#8221;Israel ja Hamas Kairon neuvotteluihin &#8221;halukkaina sopimukseen&#8221;, mutta sis\u00e4isesti erimielisin\u00e4&#8221; &#8212; \" src=\"https:\/\/www.uutispeili.fi\/index.php\/2025\/10\/05\/israel-ja-hamas-kairon-neuvotteluihin-halukkaina-sopimukseen-mutta-sisaisesti-erimielisina\/embed\/#?secret=Ck58QKf2pV#?secret=dhtkLqcw9T\" data-secret=\"dhtkLqcw9T\" width=\"600\" height=\"338\" frameborder=\"0\" marginwidth=\"0\" marginheight=\"0\" scrolling=\"no\"><\/iframe><\/p>\n","protected":false},"excerpt":{"rendered":"<p>Viime viikolla Israelin ulkoministeri\u00f6 jakoi uutisen asiakirjal\u00f6yd\u00f6ist\u00e4 Gazassa: Dokumenttien mukaan &#8217;avustuslaivasto&#8217; Sumud Flotilla saa tukea sanoista rahoituskanavista, kuin terroristij\u00e4rjest\u00f6 Hamas itse. Gazan kaistalta l\u00f6ydetyt viralliset Hamasin asiakirjat todistavat Hamasin suoran osallisuuden Gazaan matkanneen &#8221;Sumud&#8221;-laivaston rahoitukseen ja toteutukseen, kirjoittaa Israelin ulkoministeri\u00f6 (30.09.) Gazan kaistalta l\u00f6ydetyt ja nyt ensimm\u00e4ist\u00e4 kertaa paljastettavat Hamasin asiakirjat osoittavat suoran yhteyden laivaston [&hellip;]<\/p>\n","protected":false},"author":3,"featured_media":8675,"comment_status":"open","ping_status":"open","sticky":false,"template":"","format":"standard","meta":{"footnotes":""},"categories":[151,161,71],"tags":[],"_links":{"self":[{"href":"https:\/\/www.uutispeili.fi\/index.php\/wp-json\/wp\/v2\/posts\/8672"}],"collection":[{"href":"https:\/\/www.uutispeili.fi\/index.php\/wp-json\/wp\/v2\/posts"}],"about":[{"href":"https:\/\/www.uutispeili.fi\/index.php\/wp-json\/wp\/v2\/types\/post"}],"author":[{"embeddable":true,"href":"https:\/\/www.uutispeili.fi\/index.php\/wp-json\/wp\/v2\/users\/3"}],"replies":[{"embeddable":true,"href":"https:\/\/www.uutispeili.fi\/index.php\/wp-json\/wp\/v2\/comments?post=8672"}],"version-history":[{"count":2,"href":"https:\/\/www.uutispeili.fi\/index.php\/wp-json\/wp\/v2\/posts\/8672\/revisions"}],"predecessor-version":[{"id":8677,"href":"https:\/\/www.uutispeili.fi\/index.php\/wp-json\/wp\/v2\/posts\/8672\/revisions\/8677"}],"wp:featuredmedia":[{"embeddable":true,"href":"https:\/\/www.uutispeili.fi\/index.php\/wp-json\/wp\/v2\/media\/8675"}],"wp:attachment":[{"href":"https:\/\/www.uutispeili.fi\/index.php\/wp-json\/wp\/v2\/media?parent=8672"}],"wp:term":[{"taxonomy":"category","embeddable":true,"href":"https:\/\/www.uutispeili.fi\/index.php\/wp-json\/wp\/v2\/categories?post=8672"},{"taxonomy":"post_tag","embeddable":true,"href":"https:\/\/www.uutispeili.fi\/index.php\/wp-json\/wp\/v2\/tags?post=8672"}],"curies":[{"name":"wp","href":"https:\/\/api.w.org\/{rel}","templated":true}]}}