{"id":8631,"date":"2025-10-03T16:47:10","date_gmt":"2025-10-03T13:47:10","guid":{"rendered":"https:\/\/www.uutispeili.fi\/?p=8631"},"modified":"2025-10-03T16:47:10","modified_gmt":"2025-10-03T13:47:10","slug":"koneen-saatio-syytaa-rahaa-suomen-palestiinalaisverkostolle-valuiko-rahaa-myos-selfielaivareissulle-kysyy-kansanedustaja-sanna-antikainen","status":"publish","type":"post","link":"https:\/\/www.uutispeili.fi\/index.php\/2025\/10\/03\/koneen-saatio-syytaa-rahaa-suomen-palestiinalaisverkostolle-valuiko-rahaa-myos-selfielaivareissulle-kysyy-kansanedustaja-sanna-antikainen\/","title":{"rendered":"Koneen S\u00e4\u00e4ti\u00f6 syyt\u00e4\u00e4 rahaa Suomen Palestiinalaisverkostolle \u2013 valuiko rahaa my\u00f6s selfielaivareissulle? -Kysyy kansanedustaja Sanna Antikainen"},"content":{"rendered":"<p><strong>Kansanedustaja Sanna Antikainen (Perussuomalaiset) kritisoi jyrk\u00e4sti <em>Koneen S\u00e4\u00e4ti\u00f6n<\/em> p\u00e4\u00e4t\u00f6st\u00e4 tukea <em>Sumud \u2013 Suomen Palestiina-verkosto ry<\/em>:t\u00e4.<\/strong><\/p>\n<p>(Arkistokuva, kuval\u00e4hde: eduskunta.)<\/p>\n<p>Vuonna 2024 <strong>Sumud<\/strong>-s\u00e4\u00e4ti\u00f6 my\u00f6nsi 144 290 euroa hankkeelle nimelt\u00e4 <em>Dekoloniaalinen kulttuuriohjelma \u2013 Palestiinalaisia ulostuloja<\/em>. Sumudin vuoden 2026 toimintasuunnitelmassa kerrotaan, ett\u00e4 j\u00e4rjest\u00f6 aikoo hakea s\u00e4\u00e4ti\u00f6lt\u00e4 tukea jatkossakin.<\/p>\n<p>Sumud on osa samaa kansainv\u00e4list\u00e4 verkostoa, jonka toimijat j\u00e4rjestiv\u00e4t \u00e4skett\u00e4isen <strong>Global Sumud Flotilla<\/strong>-laivueen matkan l\u00e4helle Gazaa. Julkisuustemppu, jonka Israelin viranomaiset ovat yhdist\u00e4neet <strong>Hamas<\/strong>in tukiverkostoihin.<\/p>\n<blockquote><p>&#8211; J\u00e4lleen Koneen S\u00e4\u00e4ti\u00f6n rahoja ohjataan h\u00e4m\u00e4r\u00e4per\u00e4isiin tarkoituksiin. Sama n\u00e4htiin jo aiemmin, kun s\u00e4\u00e4ti\u00f6 my\u00f6nsi Elokapinalle 200 000 euron apurahan aktivismiin, joka ilmeni muun muassa Eduskuntatalon t\u00f6hrimisen\u00e4, <strong>Sanna Antikainen<\/strong> huomauttaa.<\/p><\/blockquote>\n<h2>Farssi nimelt\u00e4 <em>Global Sumud Flotilla<\/em><\/h2>\n<p>Laivueen aktivistit v\u00e4ittiv\u00e4t joutuneensa &#8221;<em>kidnapatuiksi<\/em>&#8221;. Todellisuudessa <strong>Israelin laivasto<\/strong> pys\u00e4ytti alukset rauhallisesti, matkustajat vietiin turvallisesti Israeliin ja heid\u00e4t palautetaan Eurooppaan.<\/p>\n<blockquote><p>&#8211; Koko tempaus on silkkaa pelleily\u00e4. Laivojen &#8221;avustuskuormilla&#8221; ei ole gazalaisille mit\u00e4\u00e4n todellista merkityst\u00e4, mutta aktivistit saavat n\u00e4in itselleen mediahuomiota ja sankarinviitan. IDF:n sotilaat sen sijaan joutuivat k\u00e4ytt\u00e4m\u00e4\u00e4n resursseja n\u00e4iden etuoikeutettujen maailmanparantajien paimentamiseen.<\/p><\/blockquote>\n<h2>H\u00e4pe\u00e4ksi suomalaisille<\/h2>\n<p>Antikaisen mukaan on noloa, ett\u00e4 mukana on ollut my\u00f6s suomalaisia aktivisteja, jotka huomionkipein\u00e4 l\u00e4hetteliv\u00e4t videoviestej\u00e4\u00e4n kidnapatuksi tulemisestaan.<\/p>\n<p><em>&#8211; Nyt he saavat porttikiellon maahan, ja ovat sen ansainneet. Vakavin kysymys on kuitenkin miksi suomalainen s\u00e4\u00e4ti\u00f6 syyt\u00e4\u00e4 kymmeni\u00e4, jopa satoja tuhansia euroja j\u00e4rjest\u00f6lle, joka toimii Hamasin intressien suuntaisesti ja jonka ymp\u00e4rill\u00e4 on vakavia ep\u00e4ilyj\u00e4 \u00e4\u00e4riliikkeiden tukiverkostoista<\/em>, Antikainen kritisoi.<\/p>\n<blockquote><p>&#8211; Suomalaisten s\u00e4\u00e4ti\u00f6iden varoja ei tulisi k\u00e4ytt\u00e4\u00e4 t\u00e4llaiseen poliittiseen teatteriin. Koneen S\u00e4\u00e4ti\u00f6n p\u00e4\u00e4t\u00f6s tukea Suomen Palestiinalaisverkostoa on suomalaisille h\u00e4pe\u00e4ksi. Toivottavasti kaikki tuki sille loppuu. <img loading=\"lazy\" decoding=\"async\" class=\"alignnone size-full wp-image-144\" src=\"https:\/\/www.uutispeili.fi\/wp-content\/uploads\/2023\/11\/di.gold_.gif\" alt=\"\" width=\"11\" height=\"11\" \/><\/p><\/blockquote>\n<p>(uutispeili ei ole muokannut asrtikkelin sis\u00e4lt\u00f6\u00e4.)<\/p>\n","protected":false},"excerpt":{"rendered":"<p>Kansanedustaja Sanna Antikainen (Perussuomalaiset) kritisoi jyrk\u00e4sti Koneen S\u00e4\u00e4ti\u00f6n p\u00e4\u00e4t\u00f6st\u00e4 tukea Sumud \u2013 Suomen Palestiina-verkosto ry:t\u00e4. (Arkistokuva, kuval\u00e4hde: eduskunta.) Vuonna 2024 Sumud-s\u00e4\u00e4ti\u00f6 my\u00f6nsi 144 290 euroa hankkeelle nimelt\u00e4 Dekoloniaalinen kulttuuriohjelma \u2013 Palestiinalaisia ulostuloja. Sumudin vuoden 2026 toimintasuunnitelmassa kerrotaan, ett\u00e4 j\u00e4rjest\u00f6 aikoo hakea s\u00e4\u00e4ti\u00f6lt\u00e4 tukea jatkossakin. Sumud on osa samaa kansainv\u00e4list\u00e4 verkostoa, jonka toimijat j\u00e4rjestiv\u00e4t \u00e4skett\u00e4isen Global [&hellip;]<\/p>\n","protected":false},"author":3,"featured_media":6630,"comment_status":"open","ping_status":"open","sticky":false,"template":"","format":"standard","meta":{"footnotes":""},"categories":[49,161,71],"tags":[],"_links":{"self":[{"href":"https:\/\/www.uutispeili.fi\/index.php\/wp-json\/wp\/v2\/posts\/8631"}],"collection":[{"href":"https:\/\/www.uutispeili.fi\/index.php\/wp-json\/wp\/v2\/posts"}],"about":[{"href":"https:\/\/www.uutispeili.fi\/index.php\/wp-json\/wp\/v2\/types\/post"}],"author":[{"embeddable":true,"href":"https:\/\/www.uutispeili.fi\/index.php\/wp-json\/wp\/v2\/users\/3"}],"replies":[{"embeddable":true,"href":"https:\/\/www.uutispeili.fi\/index.php\/wp-json\/wp\/v2\/comments?post=8631"}],"version-history":[{"count":1,"href":"https:\/\/www.uutispeili.fi\/index.php\/wp-json\/wp\/v2\/posts\/8631\/revisions"}],"predecessor-version":[{"id":8632,"href":"https:\/\/www.uutispeili.fi\/index.php\/wp-json\/wp\/v2\/posts\/8631\/revisions\/8632"}],"wp:featuredmedia":[{"embeddable":true,"href":"https:\/\/www.uutispeili.fi\/index.php\/wp-json\/wp\/v2\/media\/6630"}],"wp:attachment":[{"href":"https:\/\/www.uutispeili.fi\/index.php\/wp-json\/wp\/v2\/media?parent=8631"}],"wp:term":[{"taxonomy":"category","embeddable":true,"href":"https:\/\/www.uutispeili.fi\/index.php\/wp-json\/wp\/v2\/categories?post=8631"},{"taxonomy":"post_tag","embeddable":true,"href":"https:\/\/www.uutispeili.fi\/index.php\/wp-json\/wp\/v2\/tags?post=8631"}],"curies":[{"name":"wp","href":"https:\/\/api.w.org\/{rel}","templated":true}]}}