{"id":8629,"date":"2025-10-03T16:33:35","date_gmt":"2025-10-03T13:33:35","guid":{"rendered":"https:\/\/www.uutispeili.fi\/?p=8629"},"modified":"2025-10-03T16:33:36","modified_gmt":"2025-10-03T13:33:36","slug":"kansainvaliset-merialueet-eivat-voi-olla-vapaavyohykkeita-torttoilylle-ja-tihutoille-sanoo-atte-harjanne","status":"publish","type":"post","link":"https:\/\/www.uutispeili.fi\/index.php\/2025\/10\/03\/kansainvaliset-merialueet-eivat-voi-olla-vapaavyohykkeita-torttoilylle-ja-tihutoille-sanoo-atte-harjanne\/","title":{"rendered":"&#8217;Kansainv\u00e4liset merialueet eiv\u00e4t voi olla vapaavy\u00f6hykkeit\u00e4 t\u00f6rtt\u00f6ilylle ja tihut\u00f6ille&#8217;, sanoo Atte Harjanne"},"content":{"rendered":"<p><strong>Helsingin k\u00e4r\u00e4j\u00e4oikeus<\/strong> on todennut, ettei se aloita tutkintaa <strong>Ven\u00e4j\u00e4n<\/strong> varjolaivastoon kuuluvan <strong>Eagle S<\/strong> -aluksen kaapelirikoista. <strong>Vihreiden<\/strong> kansanedustaja, liikenne- ja viestint\u00e4valiokunnan j\u00e4sen <strong>Atte Harjanne<\/strong> on huolissaan vapaan merenkulun tulevaisuudesta.<\/p>\n<blockquote><p>\u201cK\u00e4r\u00e4j\u00e4oikeuden p\u00e4\u00e4t\u00f6ksen arviointiin ei oma juridinen osaamiseni riit\u00e4, eik\u00e4 sen arviointi lains\u00e4\u00e4t\u00e4j\u00e4n\u00e4 ole oikein minun tonttianikaan. Yleisesti on kuitenkin niin, ett\u00e4 koko vapaan merenkulun idea ja pohja on pian mennytt\u00e4, jos vaaran aiheuttamiseen ja sabotaasiin kansainv\u00e4lisill\u00e4 merialueilla ei voida tehokkaasti puuttua.\u201d<\/p><\/blockquote>\n<p>Harjanne painottaa, ett\u00e4 kysymys on nimenomaan Suomelle erityisen vakava.<\/p>\n<blockquote><p>\u201cSuomelle vapaa merenkulku on taloudellisesti \u00e4\u00e4rimm\u00e4isen t\u00e4rke\u00e4\u00e4, ja samalla merellisen ja merenalaisen infran turvaaminen kriittist\u00e4. Nyt on pengottava huolella kaikki kansallisen lains\u00e4\u00e4d\u00e4nn\u00f6n, diplomatian ja EU-vaikuttamisen mahdollisuudet korjata tilanne.\u201d<\/p><\/blockquote>\n<p>Harjanne muistuttaa, ett\u00e4 Ven\u00e4j\u00e4n laaja-alaiseen vaikuttamiseen on my\u00f6s vastattava laaja-alaisesti, ei vain pistem\u00e4isesti reagoiden.<\/p>\n<blockquote><p>\u201cOli kyse sitten varjolaivastosta, ilmatilaloukkauksista, drooneista tai rajaliikenteest\u00e4, pyrkii Ven\u00e4j\u00e4 venytt\u00e4m\u00e4\u00e4n jokaista s\u00e4\u00e4nt\u00f6\u00e4 ja hy\u00f6dynt\u00e4m\u00e4\u00e4n haavoittuvuuksia. R\u00f6yhkeyteen pit\u00e4\u00e4 vastata p\u00e4\u00e4tt\u00e4v\u00e4isesti ja ottaa aloite Euroopan k\u00e4siin. Tiukemmat pakotteet ja tinkim\u00e4t\u00f6n tuki Ukrainalle ovat joka tapauksessa oikea linja.\u201d <img loading=\"lazy\" decoding=\"async\" class=\"alignnone size-full wp-image-144\" src=\"https:\/\/www.uutispeili.fi\/wp-content\/uploads\/2023\/11\/di.gold_.gif\" alt=\"\" width=\"11\" height=\"11\" \/><\/p><\/blockquote>\n<p>(Uutispeili ei ole muokannut artikkelin sis\u00e4lt\u00f6\u00e4.)<\/p>\n","protected":false},"excerpt":{"rendered":"<p>Helsingin k\u00e4r\u00e4j\u00e4oikeus on todennut, ettei se aloita tutkintaa Ven\u00e4j\u00e4n varjolaivastoon kuuluvan Eagle S -aluksen kaapelirikoista. Vihreiden kansanedustaja, liikenne- ja viestint\u00e4valiokunnan j\u00e4sen Atte Harjanne on huolissaan vapaan merenkulun tulevaisuudesta. \u201cK\u00e4r\u00e4j\u00e4oikeuden p\u00e4\u00e4t\u00f6ksen arviointiin ei oma juridinen osaamiseni riit\u00e4, eik\u00e4 sen arviointi lains\u00e4\u00e4t\u00e4j\u00e4n\u00e4 ole oikein minun tonttianikaan. Yleisesti on kuitenkin niin, ett\u00e4 koko vapaan merenkulun idea ja pohja [&hellip;]<\/p>\n","protected":false},"author":3,"featured_media":4933,"comment_status":"open","ping_status":"open","sticky":false,"template":"","format":"standard","meta":{"footnotes":""},"categories":[49,79,115],"tags":[],"_links":{"self":[{"href":"https:\/\/www.uutispeili.fi\/index.php\/wp-json\/wp\/v2\/posts\/8629"}],"collection":[{"href":"https:\/\/www.uutispeili.fi\/index.php\/wp-json\/wp\/v2\/posts"}],"about":[{"href":"https:\/\/www.uutispeili.fi\/index.php\/wp-json\/wp\/v2\/types\/post"}],"author":[{"embeddable":true,"href":"https:\/\/www.uutispeili.fi\/index.php\/wp-json\/wp\/v2\/users\/3"}],"replies":[{"embeddable":true,"href":"https:\/\/www.uutispeili.fi\/index.php\/wp-json\/wp\/v2\/comments?post=8629"}],"version-history":[{"count":1,"href":"https:\/\/www.uutispeili.fi\/index.php\/wp-json\/wp\/v2\/posts\/8629\/revisions"}],"predecessor-version":[{"id":8630,"href":"https:\/\/www.uutispeili.fi\/index.php\/wp-json\/wp\/v2\/posts\/8629\/revisions\/8630"}],"wp:featuredmedia":[{"embeddable":true,"href":"https:\/\/www.uutispeili.fi\/index.php\/wp-json\/wp\/v2\/media\/4933"}],"wp:attachment":[{"href":"https:\/\/www.uutispeili.fi\/index.php\/wp-json\/wp\/v2\/media?parent=8629"}],"wp:term":[{"taxonomy":"category","embeddable":true,"href":"https:\/\/www.uutispeili.fi\/index.php\/wp-json\/wp\/v2\/categories?post=8629"},{"taxonomy":"post_tag","embeddable":true,"href":"https:\/\/www.uutispeili.fi\/index.php\/wp-json\/wp\/v2\/tags?post=8629"}],"curies":[{"name":"wp","href":"https:\/\/api.w.org\/{rel}","templated":true}]}}