{"id":8611,"date":"2025-10-02T17:51:51","date_gmt":"2025-10-02T14:51:51","guid":{"rendered":"https:\/\/www.uutispeili.fi\/?p=8611"},"modified":"2025-10-02T17:52:40","modified_gmt":"2025-10-02T14:52:40","slug":"purra-suri-maahanmuuttajien-orjuuttamista-suomalaisilla-tyopaikoilla","status":"publish","type":"post","link":"https:\/\/www.uutispeili.fi\/index.php\/2025\/10\/02\/purra-suri-maahanmuuttajien-orjuuttamista-suomalaisilla-tyopaikoilla\/","title":{"rendered":"Purra suri maahanmuuttajien orjuuttamista suomalaisilla ty\u00f6paikoilla"},"content":{"rendered":"<p><strong>Eduskunnan kyselytunnilla valtiovarainministeri Riikka Purra tuomitsi ulkomaisen ty\u00f6voiman hyv\u00e4ksik\u00e4yt\u00f6n, ja muistutti ett\u00e4 my\u00f6s h\u00e4nen ministeri\u00f6t\u00e4\u00e4n hyv\u00e4ksik\u00e4ytt\u00f6 koskee maksamattomien verojen muodossa.<\/strong><\/p>\n<p>(Kuva: Eduskunta 02.10. 2025, -kuvassa ministeri Meri.)<\/p>\n<p><em>V<\/em><strong><em>altiovarainministeri<\/em> Riikka Purra<\/strong>n mielest\u00e4 &#8217;uutiset maahanmuuttajien kohtelusta ty\u00f6markkinoilla ovat &#8217;<em>eritt\u00e4in surullisia<\/em>&#8217;. &#8221;<em>Valitettavasti ne eiv\u00e4t ole lainkaan yll\u00e4tyksellisi\u00e4. Me tied\u00e4mme, ett\u00e4 erityisesti matalapalkkasektoreille saapuva maahanmuutto kohtaa monissa tapauksissa ongelmia, joista tekin olette t\u00e4ll\u00e4 kyselytunnilla keskustelleet<\/em>.&#8221;<\/p>\n<p>&#8221;<em>Hallitus on tehnyt useita toimia n\u00e4iden asioiden kirjaamiseksi. -Yksi on tulorajojen nostaminen maahan saapuville ty\u00f6ntekij\u00f6ille<\/em>.&#8221; Valtionvarainministeri mainitsi my\u00f6s hallituksen <strong>harmaaseen talouteen<\/strong> kohdistuvan toimenpideohjelman.<\/p>\n<p><strong>Vasemmistoliitto<\/strong> kysyi heti sen per\u00e4\u00e4n, ett\u00e4 saadaanko vihdoinkin <strong>Ay-liikkeelle<\/strong> kanneoikeus suhteessa n\u00e4ihinkin tapauksiin.<\/p>\n<p>Oikeusministeri <strong>Leena Meri<\/strong> sanoi kannattavansa henkil\u00f6kohtaisesti kanneoikeuden saattamista lakiin, mutta muistutti ett\u00e4 ko. asia ei kuulu <em>hallitusohjelmaan,<\/em> joten asiasta on keskusteltava ministerien kesken.<\/p>\n<h2>Meri heitti vett\u00e4 Keskustan ryhm\u00e4njohtajan Kurvisen niskaan<\/h2>\n<p>Ryhm\u00e4johtaja <strong>Antti kurvinen<\/strong> per\u00e4si oikeusministerit\u00e4 vastauksia varsin laajoihin -my\u00f6s perustuslaillisiin- kysymyksiin, joihin vastaaminen olisi hyvinkin vienyt puoli tuntia, eik\u00e4 minuutin, niin kuin ministerin vastausaika kyselytunnilla on. Meri my\u00f6s totesi Kurviselle hyvin suoraan, ett\u00e4 &#8221;<em>en ole oikeuskansleri<\/em>&#8221;, eli Kurvisen esitt\u00e4m\u00e4t kysymykset kuuluvat nimenomaan oikeuskanslerille.<\/p>\n<p><strong>Liike Nyt<\/strong>in <strong>Hjallis Harkimo<\/strong>a kiinnosti miten valvontaa voidaan lis\u00e4t\u00e4? Meri vastasi, ett\u00e4 kiinnij\u00e4\u00e4misen riski\u00e4 pit\u00e4\u00e4 kasvattaa, ja <strong>Rikosuhrip\u00e4ivystyksen<\/strong> henkil\u00f6st\u00f6resursseja tulee lis\u00e4t\u00e4.<\/p>\n<p>Eduskuntaan kaivataan k\u00e4sittelyyn lakia &#8221;<strong><em>t\u00f6rke\u00e4st\u00e4 kiskonnasta<\/em><\/strong>&#8221;. T\u00e4st\u00e4 kaikki puolueet ovat yksimielisi\u00e4. Oikeusministeri vastasi, ett\u00e4 arvio on se, ett\u00e4 eduskunta saa lakiesityksen k\u00e4sittelyyn ensi vuoden alkupuolella -11:ll\u00e4 viikolla- siis vuoden 2026 maaliskuun puoliv\u00e4liss\u00e4.<\/p>\n<h2>Vihre\u00e4t vihjailivat perussuomalaisten haluavan ukrainalaisten pysyv\u00e4n poissa Suomesta<\/h2>\n<p>Perussuomalaisten puheenjohtajalla hieman kuohahti, -sen verran tiukasti h\u00e4n painotti <strong>Vihreille<\/strong>&#8211; ett\u00e4 kaikki tulijat ovat tasa-arvoisia kesken\u00e4\u00e4n, -niin kuin laki m\u00e4\u00e4r\u00e4\u00e4- ja ukrainalaiset saavat saman kohtelun, mutta se ei tietenk\u00e4\u00e4n saa merkit\u00e4 puheena olevan kaltaista hyv\u00e4ksik\u00e4ytt\u00f6\u00e4.<\/p>\n<p><strong>Vasemmistoliiton<\/strong> puheenjohtaja <strong>Minja Koskela<\/strong> v\u00e4itti, ett\u00e4 hallitus haluaa ajaa Suomessa ty\u00f6t\u00e4tekev\u00e4t maahanmuuttajat paperittomiksi.<\/p>\n<p>Perusturvaministeri <strong>Sanni Grahn-Laasonen<\/strong> (Kokoomus) syd\u00e4mistyi syyt\u00f6ksest\u00e4 niin, ettei vastannut moiseen v\u00e4itteeseen mit\u00e4\u00e4n, vaan painotti ty\u00f6turvallisuusviranomaisten entist\u00e4 t\u00e4rke\u00e4mp\u00e4\u00e4 ty\u00f6skentely\u00e4 ongelman poistamiseksi.<\/p>\n<h2>It\u00e4-Suomi ei saa ensi vuoden budjetissa mit\u00e4\u00e4n?<\/h2>\n<p>Keskustan pohjoiskarjalainen edustaja <strong>Hannu Huuskonen<\/strong> kertoi, ett\u00e4 <strong>Pohjois-Karjalan<\/strong> ty\u00f6tt\u00f6myysprosentti on jo 13,8 %:a &#8221;<em>ja nousee<\/em>&#8221;. Huuskosen mukaan ty\u00f6llisyystilanne on eritt\u00e4in heikko, ja hallitus ei n\u00e4yt\u00e4 tekev\u00e4n sille yht\u00e4\u00e4n mit\u00e4\u00e4n, -&#8221;<em>py\u00f6re\u00e4n nollan<\/em>&#8221;.<\/p>\n<p>Huuskoselle vastannut elinkeinoministeri <strong>Sakari Puisto<\/strong> (Perussuomalaiset) vastasi Huuskoselle, ett\u00e4 kyll\u00e4 sent\u00e4\u00e4n jotain tehd\u00e4\u00e4n eli esimerkiksi It\u00e4-Suomi saa jo aiemmin kaavaillun 300 miljoonan euron lis\u00e4n alueellisiin tukiin mit\u00e4 aiemmin siis ei ole ollut.<\/p>\n<p>Puisto muistutti my\u00f6s ,ett\u00e4 ensi vuonna toteutuu 10 miljardia euroa enemm\u00e4n investointeja, kuin t\u00e4n\u00e4 vuonna, ja optioita on viel\u00e4 22 miljardin euron lis\u00e4investoinneista.<\/p>\n<p>Keskustan <strong>Mikko Savola<\/strong> p\u00e4ivitteli muiden tapaan ulkomaisen ty\u00f6voiman hyv\u00e4ksik\u00e4ytt\u00f6\u00e4, ja vaati tietenkin asian nopeaa kuntoon saattamista. Mutta h\u00e4nen mielest\u00e4\u00e4n mit\u00e4\u00e4n ei tapahdu, koska &#8221;<em>hallitus seisoo<\/em> <em>k\u00e4siens\u00e4 p\u00e4\u00e4ll\u00e4<\/em>&#8221;. Sen min\u00e4 kyll\u00e4 haluaisin n\u00e4hd\u00e4, kun joku &#8221;seisoo&#8221; k\u00e4siens\u00e4 p\u00e4\u00e4ll\u00e4, oli sitten Orpon hallitus tai kuka tahansa.<\/p>\n<p>Kyll\u00e4h\u00e4n aina etenkin kyselytunteihin liittyy v\u00e4lihuutoja, ja yleist\u00e4 meteli\u00e4, mutta t\u00e4n\u00e4\u00e4n -oliko oppositio sit\u00e4 harjoitellut- mene tied\u00e4, mutta yleist\u00e4 yhteist\u00e4 huutoa en ole ennen kuullut, en ainakaan niin kuin t\u00e4n\u00e4\u00e4n, kun jonkun ministerin vastaus tuntui opposition mielest\u00e4 eritt\u00e4in vastenmieliselt\u00e4.<\/p>\n<p>Seppo Huhta<\/p>\n","protected":false},"excerpt":{"rendered":"<p>Eduskunnan kyselytunnilla valtiovarainministeri Riikka Purra tuomitsi ulkomaisen ty\u00f6voiman hyv\u00e4ksik\u00e4yt\u00f6n, ja muistutti ett\u00e4 my\u00f6s h\u00e4nen ministeri\u00f6t\u00e4\u00e4n hyv\u00e4ksik\u00e4ytt\u00f6 koskee maksamattomien verojen muodossa. (Kuva: Eduskunta 02.10. 2025, -kuvassa ministeri Meri.) Valtiovarainministeri Riikka Purran mielest\u00e4 &#8217;uutiset maahanmuuttajien kohtelusta ty\u00f6markkinoilla ovat &#8217;eritt\u00e4in surullisia&#8217;. &#8221;Valitettavasti ne eiv\u00e4t ole lainkaan yll\u00e4tyksellisi\u00e4. Me tied\u00e4mme, ett\u00e4 erityisesti matalapalkkasektoreille saapuva maahanmuutto kohtaa monissa tapauksissa ongelmia, [&hellip;]<\/p>\n","protected":false},"author":5,"featured_media":8612,"comment_status":"open","ping_status":"open","sticky":false,"template":"","format":"standard","meta":{"footnotes":""},"categories":[49],"tags":[],"_links":{"self":[{"href":"https:\/\/www.uutispeili.fi\/index.php\/wp-json\/wp\/v2\/posts\/8611"}],"collection":[{"href":"https:\/\/www.uutispeili.fi\/index.php\/wp-json\/wp\/v2\/posts"}],"about":[{"href":"https:\/\/www.uutispeili.fi\/index.php\/wp-json\/wp\/v2\/types\/post"}],"author":[{"embeddable":true,"href":"https:\/\/www.uutispeili.fi\/index.php\/wp-json\/wp\/v2\/users\/5"}],"replies":[{"embeddable":true,"href":"https:\/\/www.uutispeili.fi\/index.php\/wp-json\/wp\/v2\/comments?post=8611"}],"version-history":[{"count":2,"href":"https:\/\/www.uutispeili.fi\/index.php\/wp-json\/wp\/v2\/posts\/8611\/revisions"}],"predecessor-version":[{"id":8614,"href":"https:\/\/www.uutispeili.fi\/index.php\/wp-json\/wp\/v2\/posts\/8611\/revisions\/8614"}],"wp:featuredmedia":[{"embeddable":true,"href":"https:\/\/www.uutispeili.fi\/index.php\/wp-json\/wp\/v2\/media\/8612"}],"wp:attachment":[{"href":"https:\/\/www.uutispeili.fi\/index.php\/wp-json\/wp\/v2\/media?parent=8611"}],"wp:term":[{"taxonomy":"category","embeddable":true,"href":"https:\/\/www.uutispeili.fi\/index.php\/wp-json\/wp\/v2\/categories?post=8611"},{"taxonomy":"post_tag","embeddable":true,"href":"https:\/\/www.uutispeili.fi\/index.php\/wp-json\/wp\/v2\/tags?post=8611"}],"curies":[{"name":"wp","href":"https:\/\/api.w.org\/{rel}","templated":true}]}}