{"id":8605,"date":"2025-10-01T21:49:55","date_gmt":"2025-10-01T18:49:55","guid":{"rendered":"https:\/\/www.uutispeili.fi\/?p=8605"},"modified":"2025-10-01T21:49:55","modified_gmt":"2025-10-01T18:49:55","slug":"suomalaiset-kansanedustajat-nieminen-ja-reijonen-euroopan-neuvoston-syyskokouksen-mukana-vaatimassa-venajaa-vapauttamaan-ukrainalaiset-toimittajat","status":"publish","type":"post","link":"https:\/\/www.uutispeili.fi\/index.php\/2025\/10\/01\/suomalaiset-kansanedustajat-nieminen-ja-reijonen-euroopan-neuvoston-syyskokouksen-mukana-vaatimassa-venajaa-vapauttamaan-ukrainalaiset-toimittajat\/","title":{"rendered":"Suomalaiset kansanedustajat Nieminen ja Reijonen Euroopan neuvoston syyskokouksen mukana vaatimassa Ven\u00e4j\u00e4\u00e4 vapauttamaan ukrainalaiset toimittajat"},"content":{"rendered":"<p><strong>Euroopan neuvoston parlamentaarisessa yleiskokouksessa Strasbourgissa k\u00e4ytiin keskiviikkona 1. lokakuuta keskustelua tarpeesta tehostaa toimia Ven\u00e4j\u00e4n federaation vangitsemien ukrainalaisten toimittajien vapauttamiseksi.<\/strong><\/p>\n<p>Yleiskokouksen mukaan <strong>Ven\u00e4j\u00e4<\/strong> on syyllistynyt satoihin mediaan ja media-alan ammattilaisiin kohdistuviin rikoksiin aloitettuaan t\u00e4ysimittaisen hy\u00f6kk\u00e4yksen <strong>Ukrainassa<\/strong>. Ukrainalaiset toimittajat ovat yh\u00e4 useammin sotatoimien kohteena, ja useita toimittajia on pid\u00e4tetty laittomasti. Ven\u00e4j\u00e4ll\u00e4 heit\u00e4 uhkaavat tekaistut rikossyytteet, kidutus tai jopa kuolema.<\/p>\n<p>Suomalaisista kansanedustajista puheenvuorot pitiv\u00e4t keskiviikkona <strong>Mira Nieminen<\/strong> (Perussuomalaiset) ja <strong>Minna Reijonen<\/strong> (Perussuomalaiset), jotka molemmat totesivat Ven\u00e4j\u00e4n toimivan toimittajia kohtaan v\u00e4\u00e4rin sek\u00e4 rapauttavan sananvapautta.<\/p>\n<p>Nieminen totesi puheenvuorossaan, ett\u00e4 kansainv\u00e4lisen yhteis\u00f6n velvollisuutena on vaatia toimittajien vapauttamista ja toimittajien suojelun olevan yhteinen vastuu.<\/p>\n<blockquote><p>\u201d Vaikeneminen ei ole vaihtoehto silloin, kun valtiot k\u00e4ytt\u00e4v\u00e4t toimittajia tarkoituksellisesti kohteina \u2013 kuten Ven\u00e4j\u00e4 tekee Ukrainassa\u201d, Nieminen lausui.<\/p><\/blockquote>\n<p>Nieminen sanoi toimittajien v\u00e4litt\u00e4v\u00e4n totuudenmukaista ja luotettavaa tietoa my\u00f6s alueilta, joihin muilla ei ole p\u00e4\u00e4sy\u00e4. Lis\u00e4ksi h\u00e4n painotti puheenvuorossaan kriisialueilla ty\u00f6skentelevien toimittajien ty\u00f6n olevan korvaamatonta sek\u00e4 eritt\u00e4in vaarallista, sill\u00e4 toimittajat joutuvat kohtaamaan pid\u00e4tyksi\u00e4, v\u00e4kivaltaa, kidutusta ja jopa kuolemaa ty\u00f6ns\u00e4 vuoksi.<\/p>\n<p>Nieminen muistutti, etteiv\u00e4t toimittajat ole konfliktin osapuolia.<\/p>\n<blockquote><p>\u201dHe ovat viestinvieji\u00e4, jotka tuovat meille puolueetonta ja luotettavaa tietoa. Jos heid\u00e4n \u00e4\u00e4nens\u00e4 vaiennetaan, meid\u00e4n yhteinen ymm\u00e4rryksemme maailmasta heikkenee.\u201d<\/p><\/blockquote>\n<p>Nieminen my\u00f6s per\u00e4\u00e4nkuulutti Euroopan neuvostoa antamaan selke\u00e4n viestin siit\u00e4, ett\u00e4 toimittajien suojelu on yhteinen ponnistus:<\/p>\n<blockquote><p>\u201dEmme hyv\u00e4ksy median tukahduttamista tai totuuden vaientamista\u201d, Nieminen summasi puheenvuoronsa.<\/p><\/blockquote>\n<p>Kansanedustaja Minna Reijosen mukaan ukrainalaiset toimittajat ovat avainasemassa raportoidessaan maansa tapahtumista.<\/p>\n<blockquote><p>\u201dIlman toimittajia emme saa tarkkaa tietoa Ukrainassa tapahtuvista kauheuksista\u201d, Reijonen sanoi ja lis\u00e4si, ett\u00e4 toimittajia suojelee sodan aikana niin kansainv\u00e4linen kuin humanitaarinenkin oikeus.<\/p>\n<p>\u201dMutta mit\u00e4 Ven\u00e4j\u00e4 tekee? Se sivuuttaa omat velvoitteensa, ja ukrainalaisia toimittajia jopa surmataan. Olen j\u00e4rkyttynyt siit\u00e4, ett\u00e4 toimittajia syytet\u00e4\u00e4n perusteettomasti ja kidutetaan. Miksi n\u00e4in tapahtuu? Siksi, ett\u00e4 Ven\u00e4j\u00e4\u00e4 ei kiinnosta totuus \u2013 se haluaa peitt\u00e4\u00e4 faktat.\u201d<\/p><\/blockquote>\n<p>Reijonen muistutti puheenvuorossaan toimittajien tilanteen my\u00f6s Ven\u00e4j\u00e4ll\u00e4 olevan kest\u00e4m\u00e4t\u00f6n. H\u00e4nen mukaansa Euroopan neuvoston olisi otettava k\u00e4ytt\u00f6\u00f6n vakavia seuraamuksia niille, jotka eiv\u00e4t kunnioita sananvapautta ja totuutta.<\/p>\n<p>Salissa kuulluissa muissa puheenvuoroissa muistutettiin, ett\u00e4 sananvapaus on demokratian ytimess\u00e4 ja siksi toimittajien suojelu vaikeissa tilanteissa suojelee my\u00f6s demokratiaa.<\/p>\n<p>My\u00f6s <strong>Gaza<\/strong>n konflikti ja toimittajien turvallisuus asialistalla<\/p>\n<p>Torstaina 2. lokakuuta Euroopan neuvoston kiireelliseksi keskustelunaiheeksi nousee Gazan humanitaarinen kriisi, sen keskell\u00e4 ty\u00f6skentelevien toimittajien olot sek\u00e4 toimittajiin kohdistuvat v\u00e4kivaltaisuudet.<\/p>\n<p>Yleiskokous kehottaa Israelia viipym\u00e4tt\u00e4 sallimaan toimittajien p\u00e4\u00e4syn Gazaan ja muille konfliktialueille sek\u00e4 toteuttamaan riippumattomat tutkinnat toimittajien kuolemista ja saattamaan vastuulliset tilille. Lis\u00e4ksi yleiskokous kehottaa <strong>Kansainv\u00e4list\u00e4 rikostuomioistuinta<\/strong> tutkimaan <strong>Israelin armeijan<\/strong> toimittajiin kohdistamat v\u00e4itetyt sotarikokset Gazassa.<\/p>\n<p>Yleiskokouksen mukaan toimittajien suojelu, sananvapauden turvaaminen ja riippumattoman tiedonv\u00e4lityksen mahdollistaminen ovat keskeisi\u00e4 edellytyksi\u00e4 kest\u00e4v\u00e4n rauhan ja turvallisen tulevaisuuden rakentamiseksi Israelin ja Palestiinan kansoille.<\/p>\n<h2>Euroopan vanhin ja laajin poliittinen- ja ihmisoikeusj\u00e4rjest\u00f6<\/h2>\n<p><strong>Euroopan neuvosto<\/strong> on koolla parlamentaarisessa yleiskokouksessa Strasbourgissa, Ranskassa 29.9.\u20133.10.<\/p>\n<p>Eduskunnasta yleiskokouksen syysistuntoon osallistuvat Mira Niemisen ja Minna Reijosen lis\u00e4ksi Suomen valtuuskunnan puheenjohtaja <strong>Miapetra Kumpula-Natri<\/strong> (Sosialidemokraatit), <strong>Pekka Aittakumpu<\/strong>\u00a0(Perussuomalaiset) sek\u00e4 <strong>Petri Honkonen<\/strong> (Keskusta.). Vuonna 1949 perustettu Euroopan neuvosto on maanosan vanhin ja laajin poliittinen yhteisty\u00f6- ja ihmisoikeusj\u00e4rjest\u00f6.\u00a0<img loading=\"lazy\" decoding=\"async\" class=\"alignnone size-full wp-image-144\" src=\"https:\/\/www.uutispeili.fi\/wp-content\/uploads\/2023\/11\/di.gold_.gif\" alt=\"\" width=\"11\" height=\"11\" \/><\/p>\n<p>(Uutispeili ei ole muokannut artikkelin sis\u00e4lt\u00f6\u00e4)<\/p>\n<ul>\n<li><a href=\"https:\/\/pace.coe.int\/en\/pages\/session-202510\" target=\"_blank\" rel=\"noopener noreferrer\"><b>Istunnon aiheet, asiakirjat ja suorat l\u00e4hetykset parlamentaarisen yleiskokouksen sivuilla (pace.coe.int)<\/b><\/a><\/li>\n<\/ul>\n","protected":false},"excerpt":{"rendered":"<p>Euroopan neuvoston parlamentaarisessa yleiskokouksessa Strasbourgissa k\u00e4ytiin keskiviikkona 1. lokakuuta keskustelua tarpeesta tehostaa toimia Ven\u00e4j\u00e4n federaation vangitsemien ukrainalaisten toimittajien vapauttamiseksi. Yleiskokouksen mukaan Ven\u00e4j\u00e4 on syyllistynyt satoihin mediaan ja media-alan ammattilaisiin kohdistuviin rikoksiin aloitettuaan t\u00e4ysimittaisen hy\u00f6kk\u00e4yksen Ukrainassa. Ukrainalaiset toimittajat ovat yh\u00e4 useammin sotatoimien kohteena, ja useita toimittajia on pid\u00e4tetty laittomasti. Ven\u00e4j\u00e4ll\u00e4 heit\u00e4 uhkaavat tekaistut rikossyytteet, kidutus tai [&hellip;]<\/p>\n","protected":false},"author":3,"featured_media":4766,"comment_status":"open","ping_status":"open","sticky":false,"template":"","format":"standard","meta":{"footnotes":""},"categories":[137,87,74],"tags":[],"_links":{"self":[{"href":"https:\/\/www.uutispeili.fi\/index.php\/wp-json\/wp\/v2\/posts\/8605"}],"collection":[{"href":"https:\/\/www.uutispeili.fi\/index.php\/wp-json\/wp\/v2\/posts"}],"about":[{"href":"https:\/\/www.uutispeili.fi\/index.php\/wp-json\/wp\/v2\/types\/post"}],"author":[{"embeddable":true,"href":"https:\/\/www.uutispeili.fi\/index.php\/wp-json\/wp\/v2\/users\/3"}],"replies":[{"embeddable":true,"href":"https:\/\/www.uutispeili.fi\/index.php\/wp-json\/wp\/v2\/comments?post=8605"}],"version-history":[{"count":1,"href":"https:\/\/www.uutispeili.fi\/index.php\/wp-json\/wp\/v2\/posts\/8605\/revisions"}],"predecessor-version":[{"id":8606,"href":"https:\/\/www.uutispeili.fi\/index.php\/wp-json\/wp\/v2\/posts\/8605\/revisions\/8606"}],"wp:featuredmedia":[{"embeddable":true,"href":"https:\/\/www.uutispeili.fi\/index.php\/wp-json\/wp\/v2\/media\/4766"}],"wp:attachment":[{"href":"https:\/\/www.uutispeili.fi\/index.php\/wp-json\/wp\/v2\/media?parent=8605"}],"wp:term":[{"taxonomy":"category","embeddable":true,"href":"https:\/\/www.uutispeili.fi\/index.php\/wp-json\/wp\/v2\/categories?post=8605"},{"taxonomy":"post_tag","embeddable":true,"href":"https:\/\/www.uutispeili.fi\/index.php\/wp-json\/wp\/v2\/tags?post=8605"}],"curies":[{"name":"wp","href":"https:\/\/api.w.org\/{rel}","templated":true}]}}