{"id":860,"date":"2024-01-07T18:04:51","date_gmt":"2024-01-07T18:04:51","guid":{"rendered":"https:\/\/www.uutispeili.fi\/?p=860"},"modified":"2024-01-07T20:45:33","modified_gmt":"2024-01-07T20:45:33","slug":"mita-nyt-tiedamme-wienin-pyhan-tapanin-kirkkoon-jouluna-kohdistuneesta-terroriteon-uhkasta","status":"publish","type":"post","link":"https:\/\/www.uutispeili.fi\/index.php\/2024\/01\/07\/mita-nyt-tiedamme-wienin-pyhan-tapanin-kirkkoon-jouluna-kohdistuneesta-terroriteon-uhkasta\/","title":{"rendered":"Mit\u00e4 nyt tied\u00e4mme Wienin Pyh\u00e4n Tapanin kirkkoon jouluna kohdistuneesta terroriteon uhkasta"},"content":{"rendered":"<p><strong>Kerroimme aiemmin, ett\u00e4 t\u00e4h\u00e4n asti Euroopassa v\u00e4hemm\u00e4n n\u00e4kynyt islamistinen terroristiryhm\u00e4 on tiedustelutietojen mukaan valmistellut iskuja kristillisiin kohteisiin ainakin Wieniss\u00e4 ja Madridissa. Uhka otettiin vakavasti, ja pid\u00e4tyksi\u00e4 tehtiin It\u00e4vallassa ja Saksassa. Tarkastelemme nyt, miten tapaus eteni.<\/strong><\/p>\n<p class=\"leadText d-block my-3\"><strong>It\u00e4vallan<\/strong>, <strong>Espanjan<\/strong> ja <strong>Saksan<\/strong> turvallisuusviranomaiset olivat saaneet viime joulukuussa varoituksen mahdollisista kristillisiin joulutilaisuuksiin kohdistuvista terrori-iskuista Euroopassa. Terroritekojen suunnittelijoiden kerrottiin olevan &#8221;<strong>Khorasanin islaminen valtio<\/strong>&#8221; (ISPK tai <strong>ISIS-K<\/strong>) -ryhm\u00e4n jihadisteja. T\u00e4m\u00e4 samainen ryhm\u00e4 on tehnyt v\u00e4kivaltaisia tekoja -pommi-attentaatteja mm. moskeijoihin- <strong>Afganistanissa<\/strong> sen nykyisen <em><strong>talebaani<\/strong><\/em>-hallinnon aikanakin, ja sit\u00e4 pidet\u00e4\u00e4n syyllisen\u00e4 (ilmoittautui itse) veriseen itsemurhaiskuun <strong>Iranissa<\/strong>, vallankumouskenraali <strong>Soleimani<\/strong>n haudalla. Iskussa menehtyi v\u00e4hint\u00e4\u00e4n 100 Iranin pappishallituksen kannattajaa.<\/p>\n<blockquote class=\"twitter-tweet\" data-width=\"550\" data-dnt=\"true\">\n<p lang=\"en\" dir=\"ltr\">The ISIS has released blurred photos of the two suicide attackers it identified as Umar al-Muvahid and Seifollah Mujahid, saying they carried out the Wednesday attacks in Iran\u2019s Kerman, killing 84 and injuring 284, by blowing up their bomb-laden vests. <a href=\"https:\/\/t.co\/EHYLYnhPib\">https:\/\/t.co\/EHYLYnhPib<\/a> <a href=\"https:\/\/t.co\/DuHy8T96dq\">pic.twitter.com\/DuHy8T96dq<\/a><\/p>\n<p>&mdash; Iran International English (@IranIntl_En) <a href=\"https:\/\/twitter.com\/IranIntl_En\/status\/1742957495616741624?ref_src=twsrc%5Etfw\">January 4, 2024<\/a><\/p><\/blockquote>\n<p><script async src=\"https:\/\/platform.twitter.com\/widgets.js\" charset=\"utf-8\"><\/script><\/p>\n<blockquote><p>ISIS on julkaissut ep\u00e4selvi\u00e4 kuvia kahdesta itsemurhahy\u00f6kk\u00e4\u00e4j\u00e4st\u00e4, jotka se nimesi <strong>Umar al-Muvahid<\/strong>iksi ja <strong>Seifollah Mujahid<\/strong>iksi, sanoen, ett\u00e4 he tekiv\u00e4t keskiviikon hy\u00f6kk\u00e4ykset Iranin <strong>Kerman<\/strong>issa, tappaen 84 ja haavoittaen 284 ihmist\u00e4 r\u00e4j\u00e4ytt\u00e4m\u00e4ll\u00e4 pommilla varustettuja liivej\u00e4.<\/p><\/blockquote>\n<p><strong>Syyrian<\/strong> &#8221;sis\u00e4llissodassa&#8221; alkuper\u00e4inen <strong>&#8221;islamilainen valtio&#8221; IS<\/strong> (&#8221;ISIS&#8221;) oli Soleimanin johtamaan <strong>Iranin islamilaiseen vallankumouskaartiin<\/strong> (IRGC) n\u00e4hden vastapuolella, -Iran tukee presidentti <strong>Bashar al-Assad<\/strong>ia- joten\u00a0 itsemurhaterroristien isku muistotilaisuuteen on jotenkin selitett\u00e4viss\u00e4. Kauna talebaaneja vastaan on mutkikkaampi juttu, eik\u00e4 selity pelk\u00e4ll\u00e4 kateudella. Jihad-rintamalla n\u00e4ytt\u00e4\u00e4 olevan syvemp\u00e4\u00e4 ristiriitaa, kuin pelkk\u00e4 kilpailu hullujen suosiosta.<\/p>\n<p>Lyhyell\u00e4 t\u00e4ht\u00e4imell\u00e4 islamisti-lahkojen kilpailu huomiosta saattaa merkit\u00e4 useampia terrori-iskuja -mm. Euroopassa-, mutta johtaa strategian sotkeutumiseen, ja toivottavasti keskin\u00e4iseen kampittamiseen. Aika n\u00e4ytt\u00e4\u00e4.<\/p>\n<p>Joulukuussa saatu varoitus mainitsi mm. Wienin <strong>Pyh\u00e4n Tapanin kirkon<\/strong> yhten\u00e4 mahdollisena kohteena jouluna tai uudenvuodenaattona. <strong>Wienin poliisi<\/strong> suhtautui varoitukseen aseistamalla vartijat konepistooleilla, -ja tekem\u00e4ll\u00e4 pid\u00e4tyksi\u00e4. -T\u00e4m\u00e4 n\u00e4ytt\u00e4\u00e4 riitt\u00e4neen, -t\u00e4ll\u00e4 kertaa.<\/p>\n<p>Joulun-uudenvuoden toteutumatta j\u00e4\u00e4neiden iskujen tekij\u00e4t ovat jo Syyriasta ja Irakista tutun &#8221;<em>Irakin ja Syyrian Islamilainen valtio<\/em>&#8221;(ISIS) et\u00e4ispes\u00e4ke Afganistanin ja sen naapurivaltioiden <strong>Uzbekistan<\/strong>in, <strong>Kirgisia<\/strong>n ja <strong>Tad\u017eikistan<\/strong>in alueella, -historiallisessa <strong>Khorasan<\/strong>issa, johon nimikkeen &#8221;<em>K<\/em>&#8221; viittaakin. Jihadismin levi\u00e4minen <strong>Ven\u00e4j\u00e4n<\/strong> etel\u00e4puolelle, entisiin neuvostotasavaltoihin, merkitsee uhkaa ven\u00e4l\u00e4isille, -ainakin pidemm\u00e4ss\u00e4 aikaperspektiiviss\u00e4.<\/p>\n<p>Ven\u00e4j\u00e4 ja kommunistinen <strong>Kiina<\/strong> ovat kuitenkin olleet suopeita Kabulin talebaani-hallinnolle, ja kiirehtiv\u00e4t tekem\u00e4\u00e4n sen kanssa sopimuksia, -jopa ennen talibaanien valtaannousua. &#8221;<em>Moninapainen maailma<\/em>&#8221;, jolla iskusanalla verhotaan Kiinan pyrkimys <em><strong>globaaliin hegemoniaan<\/strong><\/em>, selitet\u00e4\u00e4nkin tukeutuvan &#8221;nouseviin talouksiin&#8221; ja mm. &#8221;<em>maltilliseen Islamiin<\/em>&#8221;. -Viimeksimainittua ilmeisesti edustaa &#8221;pahan akselissa&#8221; islamistipappien johtaja Iran? Mit\u00e4 <strong>Hamas<\/strong> edustaa em. b\u00e4ndiss\u00e4, on j\u00e4\u00e4nyt kertomatta. -J\u00e4nn\u00e4\u00e4 t\u00e4\u00e4 <em>geopolitiikka<\/em>!<\/p>\n<h3>Wienin pid\u00e4tykset jouluna -23<\/h3>\n<p>Wieniss\u00e4 siis otettiin kiinni ep\u00e4iltyj\u00e4 IS-K -terroristeja. Kolme tadzikkia pid\u00e4tettiin pakolaismajoituksesta <strong>Wien-Ottakring<\/strong>issa juuri ennen joulua. Perjantaista (05.01.) alkaen he ovat olleet vapaalla jalalla, -&#8221;<em>yleisen syytt\u00e4j\u00e4n m\u00e4\u00e4r\u00e4yksest\u00e4<\/em>&#8221;. Wienin yleinen syytt\u00e4j\u00e4 vahvisti tiedon uutistoimiston kysyess\u00e4. &#8221;Kiireellist\u00e4 ep\u00e4ily\u00e4 ei ole vahvistettu&#8221;, tiedottaja <strong>Bussek<\/strong>in mukaan. Pid\u00e4tetyt ja siis vapautetut ovat aiemmin moitteeton 38-vuotias perheen is\u00e4, 28-vuotias tad\u017eikki ja h\u00e4nen 27-vuotiaan vaimonsa, jotka olivat asuneet Wieniss\u00e4 vuodesta 2022 l\u00e4htien. Wienin yleinen syytt\u00e4j\u00e4 tutkii edelleen v\u00e4itett\u00e4 ep\u00e4iltyjen kuulumisesta terroristiryhm\u00e4n &#8221;<em>Islamic State Province of Khorasan<\/em> (ISPK)&#8221; soluun.<\/p>\n<p>Pid\u00e4tetyt ja heid\u00e4n asianajajansa <strong>Kreiner<\/strong> kiist\u00e4v\u00e4t ep\u00e4ilyt: 38-vuotiaan miehen osalta Kreiner toteaa p\u00e4\u00e4miehest\u00e4\u00e4n: H\u00e4nt\u00e4 vastaan <span style=\"font-size: revert; color: initial;\">&#8221;<em>ei ollut ainuttakaan todistetta<\/em>&#8221;. &#8221;<em>H\u00e4net pid\u00e4tettiin vain, koska h\u00e4n sattui asumaan 28-vuotiaan tad\u017eikilaisen seurassa pakolaiskeskuksessa<\/em>.&#8221;<\/span><\/p>\n<p><strong>Saksassa<\/strong> pid\u00e4tetyn -t\u00e4ll\u00e4 hetkell\u00e4 K\u00f6lnin vankilassa olevan- 30-vuotiaan tad\u017eikin osalta on aloitettu luovutusmenettely h\u00e4nen saamisekseen Wieniin. Ep\u00e4ilty\u00a0pid\u00e4tettiin <strong>Wesel<\/strong>iss\u00e4 24. joulukuuta Wienin yleisen syytt\u00e4j\u00e4nviraston pyyt\u00e4m\u00e4n eurooppalaisen pid\u00e4tysm\u00e4\u00e4r\u00e4yksen perusteella.<\/p>\n<p>Ainoastaan \u200b\u200bD\u00fcreniss\u00e4 pid\u00e4tetty mies, 25-vuotias tad\u017eikilainen on yh\u00e4 kiinniotettuna. H\u00e4nt\u00e4 voidaan pit\u00e4\u00e4 poliisin suojissa 14. tammikuuta asti. Muut ep\u00e4illyt vapautettiin uudenvuodenp\u00e4iv\u00e4n\u00e4.<\/p>\n<p>Luettavaa:<\/p>\n<ul>\n<li><a href=\"https:\/\/www.oe24.at\/oesterreich\/chronik\/nach-terror-alarm-tschetschene-in-wien-enthaftet\/581168783\" target=\"_blank\" rel=\"noopener\"><strong>0E24<\/strong><\/a> 07.01. 2024,<\/li>\n<li><a href=\"https:\/\/www.oe24.at\/oesterreich\/chronik\/islamisten-planten-anschlaege-erste-details-zu-drahtziehern\/579794616\" target=\"_blank\" rel=\"noopener\"><strong>OE24<\/strong><\/a> 24.12. 2023: <a href=\"https:\/\/www.oe24.at\/oesterreich\/chronik\/islamisten-planten-anschlaege-erste-details-zu-drahtziehern\/579794616\" target=\"_blank\" rel=\"noopener\">N\u00e4m\u00e4 islamistit ovat terroristisuunnitelmien takana Pyh\u00e4n Tapanin katedraalissa<\/a>,<\/li>\n<li><a href=\"https:\/\/www.oe24.at\/oesterreich\/chronik\/hier-wurden-die-wiener-terrorverdaechtigen-hochgenommen\/579800567\" target=\"_blank\" rel=\"noopener\"><strong>OE24<\/strong><\/a> 24.12. 2023: <a href=\"https:\/\/www.oe24.at\/oesterreich\/chronik\/hier-wurden-die-wiener-terrorverdaechtigen-hochgenommen\/579800567\" target=\"_blank\" rel=\"noopener\">Hier wurden die Wiener Terrorverd\u00e4chtigen hochgenommen<\/a>,<\/li>\n<li>\n<p class=\"lead\"><span><a href=\"https:\/\/www.rokna.net\/%D8%A8%D8%AE%D8%B4-%D8%AD%D8%A7%D8%AF%D8%AB%D9%87-245\/961737-%D9%81%DB%8C%D9%84%D9%85-%D8%AA%D8%A7%D8%B3%D9%81-%D8%A2%D9%88%D8%B1-%D8%A7%D8%B2-%D8%A8%DB%8C%D8%B9%D8%AA-%D8%B9%D9%86%D8%A7%D8%B5%D8%B1-%D8%AD%D9%85%D9%84%D9%87-%D8%AA%D8%B1%D9%88%D8%B1%DB%8C%D8%B3%D8%AA%DB%8C-%DA%A9%D8%B1%D9%85%D8%A7%D9%86-%D8%A8%D8%A7-%D8%AE%D9%84%DB%8C%D9%81%D9%87-%D8%AF%D8%A7%D8%B9%D8%B4?utm_content=www.rokna.net\" target=\"_blank\" rel=\"noopener\"><strong>Rokna<\/strong><\/a>: <a href=\"https:\/\/www.rokna.net\/%D8%A8%D8%AE%D8%B4-%D8%AD%D8%A7%D8%AF%D8%AB%D9%87-245\/961737-%D9%81%DB%8C%D9%84%D9%85-%D8%AA%D8%A7%D8%B3%D9%81-%D8%A2%D9%88%D8%B1-%D8%A7%D8%B2-%D8%A8%DB%8C%D8%B9%D8%AA-%D8%B9%D9%86%D8%A7%D8%B5%D8%B1-%D8%AD%D9%85%D9%84%D9%87-%D8%AA%D8%B1%D9%88%D8%B1%DB%8C%D8%B3%D8%AA%DB%8C-%DA%A9%D8%B1%D9%85%D8%A7%D9%86-%D8%A8%D8%A7-%D8%AE%D9%84%DB%8C%D9%81%D9%87-%D8%AF%D8%A7%D8%B9%D8%B4?utm_content=www.rokna.net\" target=\"_blank\" rel=\"noopener\"><strong>Video<\/strong> julkaistiin kahden ISIS-terroristiryhm\u00e4n j\u00e4senen uskollisuudesta, jotka tappoivat maanmiehi\u00e4mme r\u00e4j\u00e4ytt\u00e4m\u00e4ll\u00e4 kaksi pommia <em>Kermanin Gulzar Martyrs<\/em> -j\u00e4rjest\u00f6n ymp\u00e4rill\u00e4<\/a>.<\/span><\/p>\n<div class=\"show_on_desktop\">\n<aside class=\"social-icons\">\n<div><\/div>\n<\/aside>\n<\/div>\n<\/li>\n<\/ul>\n<blockquote class=\"wp-embedded-content\" data-secret=\"VhpHNHBc8S\"><p><a href=\"https:\/\/www.uutispeili.fi\/index.php\/2023\/12\/24\/koln-wien-ja-madrid-mahdollisia-terroristien-kohteita-jouluna-uhkaajana-khorasanin-islamilainen-valtio\/\">K\u00f6ln, Wien ja Madrid mahdollisia terroristien kohteita jouluna, -uhkaajana &#8221;Khorasanin islamilainen valtio&#8221;<\/a><\/p><\/blockquote>\n<p><iframe class=\"wp-embedded-content\" sandbox=\"allow-scripts\" security=\"restricted\" style=\"position: absolute; clip: rect(1px, 1px, 1px, 1px);\" title=\"&#8221;K\u00f6ln, Wien ja Madrid mahdollisia terroristien kohteita jouluna, -uhkaajana &#8221;Khorasanin islamilainen valtio&#8221;&#8221; &#8212; \" src=\"https:\/\/www.uutispeili.fi\/index.php\/2023\/12\/24\/koln-wien-ja-madrid-mahdollisia-terroristien-kohteita-jouluna-uhkaajana-khorasanin-islamilainen-valtio\/embed\/#?secret=syShQTOFaO#?secret=VhpHNHBc8S\" data-secret=\"VhpHNHBc8S\" width=\"600\" height=\"338\" frameborder=\"0\" marginwidth=\"0\" marginheight=\"0\" scrolling=\"no\"><\/iframe><\/p>\n<blockquote class=\"wp-embedded-content\" data-secret=\"7fVYffnLAH\"><p><a href=\"https:\/\/www.uutispeili.fi\/index.php\/2024\/01\/03\/iranilaisen-vallankumous-kenraalin-verkosto-ulottui-suomeen\/\">Iranilaisen vallankumous-kenraalin verkosto ulottui Suomeen<\/a><\/p><\/blockquote>\n<p><iframe class=\"wp-embedded-content\" sandbox=\"allow-scripts\" security=\"restricted\" style=\"position: absolute; clip: rect(1px, 1px, 1px, 1px);\" title=\"&#8221;Iranilaisen vallankumous-kenraalin verkosto ulottui Suomeen&#8221; &#8212; \" src=\"https:\/\/www.uutispeili.fi\/index.php\/2024\/01\/03\/iranilaisen-vallankumous-kenraalin-verkosto-ulottui-suomeen\/embed\/#?secret=BYyGBIAy0J#?secret=7fVYffnLAH\" data-secret=\"7fVYffnLAH\" width=\"600\" height=\"338\" frameborder=\"0\" marginwidth=\"0\" marginheight=\"0\" scrolling=\"no\"><\/iframe><\/p>\n","protected":false},"excerpt":{"rendered":"<p>Kerroimme aiemmin, ett\u00e4 t\u00e4h\u00e4n asti Euroopassa v\u00e4hemm\u00e4n n\u00e4kynyt islamistinen terroristiryhm\u00e4 on tiedustelutietojen mukaan valmistellut iskuja kristillisiin kohteisiin ainakin Wieniss\u00e4 ja Madridissa. Uhka otettiin vakavasti, ja pid\u00e4tyksi\u00e4 tehtiin It\u00e4vallassa ja Saksassa. Tarkastelemme nyt, miten tapaus eteni. It\u00e4vallan, Espanjan ja Saksan turvallisuusviranomaiset olivat saaneet viime joulukuussa varoituksen mahdollisista kristillisiin joulutilaisuuksiin kohdistuvista terrori-iskuista Euroopassa. Terroritekojen suunnittelijoiden kerrottiin olevan [&hellip;]<\/p>\n","protected":false},"author":3,"featured_media":651,"comment_status":"open","ping_status":"open","sticky":false,"template":"","format":"standard","meta":{"footnotes":""},"categories":[7],"tags":[],"_links":{"self":[{"href":"https:\/\/www.uutispeili.fi\/index.php\/wp-json\/wp\/v2\/posts\/860"}],"collection":[{"href":"https:\/\/www.uutispeili.fi\/index.php\/wp-json\/wp\/v2\/posts"}],"about":[{"href":"https:\/\/www.uutispeili.fi\/index.php\/wp-json\/wp\/v2\/types\/post"}],"author":[{"embeddable":true,"href":"https:\/\/www.uutispeili.fi\/index.php\/wp-json\/wp\/v2\/users\/3"}],"replies":[{"embeddable":true,"href":"https:\/\/www.uutispeili.fi\/index.php\/wp-json\/wp\/v2\/comments?post=860"}],"version-history":[{"count":5,"href":"https:\/\/www.uutispeili.fi\/index.php\/wp-json\/wp\/v2\/posts\/860\/revisions"}],"predecessor-version":[{"id":867,"href":"https:\/\/www.uutispeili.fi\/index.php\/wp-json\/wp\/v2\/posts\/860\/revisions\/867"}],"wp:featuredmedia":[{"embeddable":true,"href":"https:\/\/www.uutispeili.fi\/index.php\/wp-json\/wp\/v2\/media\/651"}],"wp:attachment":[{"href":"https:\/\/www.uutispeili.fi\/index.php\/wp-json\/wp\/v2\/media?parent=860"}],"wp:term":[{"taxonomy":"category","embeddable":true,"href":"https:\/\/www.uutispeili.fi\/index.php\/wp-json\/wp\/v2\/categories?post=860"},{"taxonomy":"post_tag","embeddable":true,"href":"https:\/\/www.uutispeili.fi\/index.php\/wp-json\/wp\/v2\/tags?post=860"}],"curies":[{"name":"wp","href":"https:\/\/api.w.org\/{rel}","templated":true}]}}