{"id":8589,"date":"2025-09-30T19:53:27","date_gmt":"2025-09-30T16:53:27","guid":{"rendered":"https:\/\/www.uutispeili.fi\/?p=8589"},"modified":"2025-09-30T19:53:27","modified_gmt":"2025-09-30T16:53:27","slug":"paaministeri-petteri-orpo-raportoi-valiokunnille-toimista-euroopan-puolustusvalmiuden-nostamiseksi","status":"publish","type":"post","link":"https:\/\/www.uutispeili.fi\/index.php\/2025\/09\/30\/paaministeri-petteri-orpo-raportoi-valiokunnille-toimista-euroopan-puolustusvalmiuden-nostamiseksi\/","title":{"rendered":"P\u00e4\u00e4ministeri Petteri Orpo raportoi valiokunnille toimista Euroopan puolustusvalmiuden nostamiseksi"},"content":{"rendered":"<p><strong>P\u00e4\u00e4ministeri Petteri Orpo (Kokoomus) kertoi tiistaina eduskunnan suurelle valiokunnalle ja ulkoasiainvaliokunnalle Eurooppa-neuvoston j\u00e4senten ep\u00e4virallisen kokouksen ja Euroopan poliittinen yhteis\u00f6n (EPY) kokouksen valmisteluista. <\/strong><\/p>\n<p>Kokoukset pidet\u00e4\u00e4n K\u00f6\u00f6penhaminassa, Tanskassa 1.\u20132.10.<\/p>\n<h2>Toimet Euroopan yhteisen puolustuksen vahvistamiseksi ja tuki Ukrainalle<\/h2>\n<p><strong>Eurooppa-neuvoston<\/strong> j\u00e4senten kokouksen aiheena ovat toimet Euroopan yhteisen puolustuksen vahvistamiseksi sek\u00e4 tuki <strong>Ukrainalle<\/strong>. Tarkoituksena on viimeistell\u00e4 tiekarttaa vuoden 2030 puolustusvalmiustavoitteen saavuttamiseksi keskustelemalla mm. j\u00e4senvaltioille kohdistettavista odotuksista, yhteisten suorituskykyjen kehitt\u00e4misen nopeuttamisesta ja toimien poliittisesta koordinaatiosta. Eurooppa-neuvosto jatkaa asian k\u00e4sittely\u00e4 virallisessa huippukokouksessa 23.\u201324.10.<\/p>\n<p>P\u00e4\u00e4ministeri <strong>Petteri Orpo<\/strong> korosti valiokunnille tarvetta nopeisiin konkreettisiin toimiin, erityist\u00e4 panostusta <strong><em>it\u00e4isiin rajavaltioihin<\/em><\/strong> ja <strong><em>droonien torjuntaan<\/em><\/strong> liittyvi\u00e4 kyvykkyyksi\u00e4.<\/p>\n<h2>Eurooppalainen rahoitus<\/h2>\n<p>Kansanedustajien kysymykset p\u00e4\u00e4ministerille koskivat mm. seuraavia toimenpiteit\u00e4 droonien havainnoinnin ja torjunnan tehostamiseksi Euroopassa, ja toimien eurooppalaista rahoitusta, <strong>Euroopan<\/strong> <strong>investointipankin<\/strong> valtuuksien laajentamista puolustusteollisuuden tueksi sek\u00e4 <strong>Ukrainan<\/strong> ja <strong>Moldovan<\/strong> j\u00e4senyysneuvotteluiden ensimm\u00e4isten kokonaisuuksien avaamisen aikataulua ja p\u00e4\u00e4t\u00f6ksentekomenettely\u00e4.<\/p>\n<p>Keskusteluun nousivat my\u00f6s <strong>Yhdysvaltain<\/strong> ehdotus <em><strong>rauhansuunnitelmaksi Palestiinassa<\/strong><\/em> sek\u00e4 EU:n ja Israelin v\u00e4lisen <strong>assosiaatiosopimuksen<\/strong> osittainen j\u00e4\u00e4dytt\u00e4minen.<\/p>\n<p>Ukrainan tukeminen on aiheena my\u00f6s EPY:n huippukokouksessa 2.10. Lis\u00e4ksi k\u00e4yd\u00e4\u00e4n laajempaa keskustelua Euroopan vahvistamisesta nykyisess\u00e4 geopoliittisessa toimintaymp\u00e4rist\u00f6ss\u00e4. EPY on eurooppalaisten valtion- ja hallituksen johtajien keskustelufoorumi, jossa ei tehd\u00e4 p\u00e4\u00e4t\u00f6ksi\u00e4 eik\u00e4 hyv\u00e4ksyt\u00e4 yhteisi\u00e4 poliittisia kannanottoja. Kokoukseen on kutsuttu my\u00f6s EU-toimielinten edustajat sek\u00e4 Naton, Etyj:n ja Euroopan neuvoston p\u00e4\u00e4sihteerit.\u00a0 <img loading=\"lazy\" decoding=\"async\" class=\"alignnone size-full wp-image-144\" src=\"https:\/\/www.uutispeili.fi\/wp-content\/uploads\/2023\/11\/di.gold_.gif\" alt=\"\" width=\"11\" height=\"11\" \/><\/p>\n<p>(Kuval\u00e4hde: Eduskunta 30.09. 2025, Uutispeili ei ole muokannut artikkelin sis\u00e4lt\u00f6\u00e4.)<\/p>\n","protected":false},"excerpt":{"rendered":"<p>P\u00e4\u00e4ministeri Petteri Orpo (Kokoomus) kertoi tiistaina eduskunnan suurelle valiokunnalle ja ulkoasiainvaliokunnalle Eurooppa-neuvoston j\u00e4senten ep\u00e4virallisen kokouksen ja Euroopan poliittinen yhteis\u00f6n (EPY) kokouksen valmisteluista. Kokoukset pidet\u00e4\u00e4n K\u00f6\u00f6penhaminassa, Tanskassa 1.\u20132.10. Toimet Euroopan yhteisen puolustuksen vahvistamiseksi ja tuki Ukrainalle Eurooppa-neuvoston j\u00e4senten kokouksen aiheena ovat toimet Euroopan yhteisen puolustuksen vahvistamiseksi sek\u00e4 tuki Ukrainalle. Tarkoituksena on viimeistell\u00e4 tiekarttaa vuoden 2030 puolustusvalmiustavoitteen [&hellip;]<\/p>\n","protected":false},"author":3,"featured_media":8590,"comment_status":"open","ping_status":"open","sticky":false,"template":"","format":"standard","meta":{"footnotes":""},"categories":[49,25],"tags":[],"_links":{"self":[{"href":"https:\/\/www.uutispeili.fi\/index.php\/wp-json\/wp\/v2\/posts\/8589"}],"collection":[{"href":"https:\/\/www.uutispeili.fi\/index.php\/wp-json\/wp\/v2\/posts"}],"about":[{"href":"https:\/\/www.uutispeili.fi\/index.php\/wp-json\/wp\/v2\/types\/post"}],"author":[{"embeddable":true,"href":"https:\/\/www.uutispeili.fi\/index.php\/wp-json\/wp\/v2\/users\/3"}],"replies":[{"embeddable":true,"href":"https:\/\/www.uutispeili.fi\/index.php\/wp-json\/wp\/v2\/comments?post=8589"}],"version-history":[{"count":1,"href":"https:\/\/www.uutispeili.fi\/index.php\/wp-json\/wp\/v2\/posts\/8589\/revisions"}],"predecessor-version":[{"id":8591,"href":"https:\/\/www.uutispeili.fi\/index.php\/wp-json\/wp\/v2\/posts\/8589\/revisions\/8591"}],"wp:featuredmedia":[{"embeddable":true,"href":"https:\/\/www.uutispeili.fi\/index.php\/wp-json\/wp\/v2\/media\/8590"}],"wp:attachment":[{"href":"https:\/\/www.uutispeili.fi\/index.php\/wp-json\/wp\/v2\/media?parent=8589"}],"wp:term":[{"taxonomy":"category","embeddable":true,"href":"https:\/\/www.uutispeili.fi\/index.php\/wp-json\/wp\/v2\/categories?post=8589"},{"taxonomy":"post_tag","embeddable":true,"href":"https:\/\/www.uutispeili.fi\/index.php\/wp-json\/wp\/v2\/tags?post=8589"}],"curies":[{"name":"wp","href":"https:\/\/api.w.org\/{rel}","templated":true}]}}