{"id":8580,"date":"2025-09-30T18:18:28","date_gmt":"2025-09-30T15:18:28","guid":{"rendered":"https:\/\/www.uutispeili.fi\/?p=8580"},"modified":"2025-09-30T18:18:28","modified_gmt":"2025-09-30T15:18:28","slug":"johannes-koskinen-palestiina-valikysymyskeskustelussa-tiistaina","status":"publish","type":"post","link":"https:\/\/www.uutispeili.fi\/index.php\/2025\/09\/30\/johannes-koskinen-palestiina-valikysymyskeskustelussa-tiistaina\/","title":{"rendered":"Johannes Koskinen Palestiina-v\u00e4likysymyskeskustelussa tiistaina"},"content":{"rendered":"<p><strong>SDP:n ryhm\u00e4puheenvuoron v\u00e4likysymyskeskustelussa t\u00e4n\u00e4\u00e4n k\u00e4ytti kansanedustaja, ulkoasiainvaliokunnan puheenjohtaja, Johannes Koskinen. V\u00e4likysymys koski hallituksen toimintakyky\u00e4 Palestiinan valtion tunnustamisessa. SDP:n lis\u00e4ksi allekirjoittajia olivat Vasemmistoliitto ja Vihre\u00e4t.<\/strong><\/p>\n<p>(Kuval\u00e4hde: Eduskunta 30.09. 2025.)<\/p>\n<p><strong>Johannes Koskinen<\/strong>:<\/p>\n<p>&#8221;Arvoisa puhemies, YK:n yleiskokouksen korkean tason viikko tuli \u2013 ja meni. Sen yhteydess\u00e4 usea valtio ilmoitti Palestiinan tunnustamisesta, ja viitoitti tehostettuja toimia sodan ja h\u00e4d\u00e4n lopettamiseksi <strong>Gaza<\/strong>ssa.<\/p>\n<h2>&#8217;<em>Suomi ei ollut mukana kansainv\u00e4lisess\u00e4 rintamassa<\/em>&#8217;<\/h2>\n<p>Suomi ei ollut mukana t\u00e4ss\u00e4 laajassa kansainv\u00e4lisess\u00e4 rintamassa, johon kuului meille t\u00e4rkeit\u00e4 kumppanimaita kuten <strong>Ranska<\/strong>, <strong>Iso-Britannia<\/strong>, <strong>Portugali<\/strong>, <strong>Kanada<\/strong> ja <strong>Australia<\/strong>.<\/p>\n<blockquote><p>T\u00e4h\u00e4n menness\u00e4 Palestiinan valtion on tunnustanut l\u00e4hes 160 maailman valtiota ja suurin osa EU-maista.<\/p><\/blockquote>\n<p><strong>Suomi<\/strong> j\u00e4tt\u00e4ytyi pois historiallisella hetkell\u00e4, kun toivoa kahden valtion ratkaisusta pyrit\u00e4\u00e4n pit\u00e4m\u00e4\u00e4n yll\u00e4 <strong>Israel<\/strong>in jatkaessa h\u00e4vityssotaa Gazassa ja setlementtien vy\u00f6rytyst\u00e4 <strong>L\u00e4nsirannalla<\/strong>.<\/p>\n<p>Moni maa ja kansainv\u00e4linen yhteis\u00f6 on l\u00e4htenyt liikkeelle tilanteessa, jossa Gazan inhimillinen k\u00e4rsimys on ylitt\u00e4nyt ymm\u00e4rryksen rajat.<\/p>\n<p>Ruokaa hakevien siviilien surmaaminen, humanitaaristen kuljetusten perille p\u00e4\u00e4syn est\u00e4minen ja n\u00e4l\u00e4nh\u00e4d\u00e4n aiheuttaminen, Israelin hallituksen ministerien puheet v\u00e4est\u00f6n pakkosiirrosta pois Gazasta. &#8211; N\u00e4m\u00e4 eiv\u00e4t mitenk\u00e4\u00e4n ole selitett\u00e4viss\u00e4 Hamasin kukistamisella ja Israelin oman turvallisuuden puolustamisella.<\/p>\n<blockquote><p>Aiemmin t\u00e4ss\u00e4 kuussa <strong>YK:n<\/strong> itsen\u00e4isen tutkintakomission julkaiseman arvion mukaan Gazassa on k\u00e4ynniss\u00e4 kansanmurha.<\/p><\/blockquote>\n<p>Tasavallan presidentti <strong>Alexander Stubb<\/strong> on ollut oikeassa sanoessaan sen, mik\u00e4 on tapahtunut silmiemme edess\u00e4: \u201d<em>Humanitaarinen kriisi Gazassa on osoitus kansainv\u00e4lisen j\u00e4rjestelm\u00e4n ep\u00e4onnistumisesta.<\/em>\u201d<\/p>\n<h2>&#8217;<em>K<\/em><em>ahden valtion malliin<\/em> perustuva kest\u00e4v\u00e4 rauha&#8217;<\/h2>\n<p><strong>Palestiinan valtion<\/strong> tunnustaminen ei sin\u00e4ll\u00e4\u00e4n ratkaise humanitaarista kriisi\u00e4 \u2013 eik\u00e4 kukaan niin ole v\u00e4itt\u00e4nytk\u00e4\u00e4n. Mutta se on pohja <strong><em>kahden valtion malliin<\/em><\/strong> perustuvalle kest\u00e4v\u00e4lle rauhalle ja vakaudelle, jotta vastaava ei en\u00e4\u00e4 koskaan toistuisi.<\/p>\n<blockquote><p>Kahden valtion malli edellytt\u00e4\u00e4, ett\u00e4 Israelilla ja Palestiinalla on oikeus kansalliseen suvereniteettiin, turvallisuuteen ja alueelliseen koskemattomuuteen.<\/p><\/blockquote>\n<p><strong>Euroopan komissio<\/strong> on lopultakin esitt\u00e4nyt <strong>EU<\/strong>:n ja Israelin v\u00e4lisen <strong>assosiaatiosopimuksen<\/strong> osittaista j\u00e4\u00e4dytt\u00e4mist\u00e4 kauppaan liittyen m\u00e4\u00e4r\u00e4ysten osalta sek\u00e4 pakotteiden asettamista Israelin \u00e4\u00e4rilaidan ministereit\u00e4 ja v\u00e4kivaltaisiin hy\u00f6kk\u00e4yksiin syyllistyneit\u00e4 siirtokuntalaisia kohtaan.<\/p>\n<p>On eritt\u00e4in t\u00e4rke\u00e4\u00e4, ett\u00e4 EU:ssa l\u00f6ytyy tarvittava tuki n\u00e4ille toimille ja niiden t\u00e4yt\u00e4nt\u00f6\u00f6npanolle<\/p>\n<p>\u2013 Suomen hallitukselta my\u00f6s!<\/p>\n<p>Arvoisa puhemies<\/p>\n<blockquote><p>Puhuttaessa Palestiinan tunnustamisesta tarkoitetaan <strong>L\u00e4nsirannalla<\/strong> toimivan palestiinalaishallinnon tunnustamista sek\u00e4 maltillisten ja demokraattisten voimien tukemista kansakunnan rakentamisessa.<\/p><\/blockquote>\n<p>Tunnustaminen ei miss\u00e4\u00e4n nimess\u00e4 tarkoita <strong>Hamas<\/strong>in tunnustamista ja j\u00e4rjest\u00f6n oikeuttamista. P\u00e4invastoin sen heikent\u00e4mist\u00e4 ja siirt\u00e4mist\u00e4 sivuun niin kuin esimerkiksi Ranskan ja Iso-Britannian linjauksissa on todettu.<\/p>\n<p>Hamas on terroristij\u00e4rjest\u00f6, jonka 7. lokakuuta 2023 tekem\u00e4 isku on t\u00e4ysin tuomittava.<\/p>\n<blockquote><p>Hamasin tai mink\u00e4\u00e4n muun terroritahon ei tule olla osa Palestiinan hallintoa.<\/p><\/blockquote>\n<p>My\u00f6s palestiinalaishallinnon johtaja <strong>Mahmud Abbas<\/strong> on sanonut, ettei Hamasilla pid\u00e4 olla asemaa palestiinalaishallinnossa. H\u00e4nen mukaansa palestiinalaiset eiv\u00e4t my\u00f6sk\u00e4\u00e4n hyv\u00e4ksy juutalaisvastaisuutta.<\/p>\n<p>Arvoisa puhemies<\/p>\n<p>Ranskan ja <strong>Saudi-Arabian<\/strong> is\u00e4nn\u00f6im\u00e4 kahden valtion ratkaisua edist\u00e4v\u00e4 korkean tason konferenssi j\u00e4rjestettiin viime viikolla <strong>YK:n yleiskokouksen<\/strong> yhteydess\u00e4.<\/p>\n<p>Konferenssin j\u00e4lkeen julkistettiin is\u00e4nt\u00e4maiden yhteinen lausunto, joka raamittaa edellytykset kahden valtion ratkaisulle, rauhalle ja vakaudelle.<\/p>\n<p>Lausunnon mukaisesti:<\/p>\n<ul>\n<li>Hamasin tulee luopua vallasta Gazassa ja antaa pois aseensa.<\/li>\n<li>Pysyv\u00e4 tulitauko on saatava aikaan.<\/li>\n<li>Panttivangit on vapautettava.<\/li>\n<li>Humanitaarisen avun perille p\u00e4\u00e4sy on turvattava.<\/li>\n<li>Israelin joukkojen on vet\u00e4ydytt\u00e4v\u00e4 Gazasta.<\/li>\n<li>Palestiinan omien turvallisuusviranomaisten tukemista jatketaan.<\/li>\n<li>Israelin on sitouduttava kahden valtion ratkaisuun.<\/li>\n<\/ul>\n<p>Lausunnossa lis\u00e4ksi tuetaan sitoumusta demokraattisten vaalien j\u00e4rjest\u00e4misest\u00e4 vuoden kuluessa tulitauosta.<\/p>\n<p>Eilen julkistettuun <strong>USA<\/strong>:n presidentti <strong>Donald Trump<\/strong>in rauhansuunnitelmaan sis\u00e4ltyy samoja elementtej\u00e4. Toivottavasti se johtaa tulitaukoon, panttivankien vapauttamiseen ja eteenp\u00e4in kest\u00e4v\u00e4n rauhan rakentamiseen.<\/p>\n<h2>&#8217;Namibia ollut \u201d<em>valmis valtio<\/em>\u201d itsen\u00e4istyess\u00e4\u00e4n&#8217;<\/h2>\n<p>Arvoisa puhemies<\/p>\n<p>Nobel-palkittu presidentti <strong>Martti Ahtisaari<\/strong> toimi el\u00e4m\u00e4ns\u00e4 aikana useissa merkitt\u00e4viss\u00e4 rauhanv\u00e4litysteht\u00e4viss\u00e4 \u2013 muun muassa <strong>Namibia<\/strong>ssa, <strong>Kosovo<\/strong>n itsen\u00e4istymiseen johtavissa neuvotteluissa ja rauhanv\u00e4litysteht\u00e4viss\u00e4 <strong>Indonesia<\/strong>n ja <strong>Aceh<\/strong>in maakunnan v\u00e4lisess\u00e4 konfliktissa.<\/p>\n<blockquote><p>H\u00e4nen rauhanv\u00e4litysty\u00f6st\u00e4\u00e4n voimme ammentaa oppia my\u00f6s Palestiinan tilanteeseen. Valtion tunnustaminen ei ole p\u00e4\u00e4tepiste, vaan osa prosessia rakennettaessa valtiota.<\/p><\/blockquote>\n<p>Namibian itsen\u00e4istyess\u00e4 1990 <strong>Etel\u00e4-Afrikan<\/strong> vallasta ei Namibia ollut \u201d<em>valmis valtio<\/em>\u201d. YK:n turvallisuusneuvoston mandaatilla perustettiin v\u00e4liaikainen kansainv\u00e4linen YK:n rauhanturvaoperaatio, <strong>UNTAG<\/strong>, jonka tarkoituksena oli tukea Namibiaa sen itsen\u00e4isyyden alkutaipaleella ja vaalien j\u00e4rjest\u00e4misess\u00e4.<\/p>\n<p>N\u00e4in voisi tapahtua my\u00f6s Palestiinan osalta.<\/p>\n<blockquote><p>Ranskan ja Saudi-Arabian vetoomuksessa osoitetaan tuki v\u00e4liaikaiselle vakauttamista tukevalle operaatiolle, joka perustettaisiin YK:n turvallisuusneuvoston mandaatilla.<\/p><\/blockquote>\n<p>Palestiina tarvitsee vahvaa kansainv\u00e4list\u00e4 tukea demokraattisten instituutioiden, oikeusvaltioperiaatteen ja hyv\u00e4n hallinnon juurruttamiseen.<\/p>\n<h2>&#8217;<em>Suomi j\u00e4i historiallisella hetkell\u00e4 pois kansainv\u00e4lisest\u00e4 rintamasta<\/em>&#8217;<\/h2>\n<p>Arvoisa puhemies<\/p>\n<p>Ulko- ja turvallisuuspoliittisen linjamme mukaisesti Suomi tukee kansainv\u00e4list\u00e4 oikeutta, s\u00e4\u00e4nt\u00f6pohjaisuuteen perustuvaa kansainv\u00e4list\u00e4 j\u00e4rjestelm\u00e4\u00e4, ihmisoikeuksia, rauhaa ja vakautta.<\/p>\n<blockquote><p>Nyt historiallisella hetkell\u00e4 Suomi kuitenkin j\u00e4i pois kansainv\u00e4lisest\u00e4 rintamasta, joka Palestiinan tunnustamisella osoittaa tukensa kansainv\u00e4liselle oikeudelle ja muille ulkopolitiikkaamme keskeisesti ohjaaville arvoille.<\/p>\n<p>Presidentti Stubb on puhunut selke\u00e4sti kansainv\u00e4lisen oikeuden puolesta kuten YK:n yleiskokouksessa pit\u00e4m\u00e4ss\u00e4\u00e4n puheessaan todeten, ettei Israelilla ole oikeutta rikkoa kansainv\u00e4list\u00e4 oikeutta Palestiinassa ja ett\u00e4 vuonna 1967 alkaneen miehityksen on p\u00e4\u00e4tytt\u00e4v\u00e4.<\/p><\/blockquote>\n<p>Hallituksen omissa k\u00e4siss\u00e4 on millaisena sen toiminta tai toimimattomuus L\u00e4hi-Id\u00e4n kriisin suhteen n\u00e4ytt\u00e4ytyy.<\/p>\n<blockquote><p>Vetoamme Suomen hallitukseen, ett\u00e4 se tunnustaa Palestiinan valtion v\u00e4litt\u00f6m\u00e4sti. Viel\u00e4 ei ole liian my\u00f6h\u00e4ist\u00e4, mutta pian voi olla.<\/p><\/blockquote>\n<p>On aika tullut tehd\u00e4 kahden valtion ratkaisusta todellisuutta.<\/p>\n<h2>&#8217;<em>Petteri Orpon hallitus on ajautunut toimintakyvytt\u00f6myyteen<\/em>&#8217;<\/h2>\n<p>Arvoisa puhemies<\/p>\n<p>V\u00e4likysymys on voimakas tapa osoittaa opposition tyytym\u00e4tt\u00f6myytt\u00e4 hallituksen politiikkaan. Sit\u00e4 ei helpoin perustein k\u00e4ytet\u00e4, varsinkaan ulko- ja turvallisuuspoliittisissa kysymyksiss\u00e4, jossa perinteisesti on vaalittu parlamentaarista, puolueiden rajat ylitt\u00e4v\u00e4\u00e4, yhteisymm\u00e4rryst\u00e4.<\/p>\n<p>Kun Petteri Orpon hallitus on ajautunut toimintakyvytt\u00f6myyteen tilanteessa, jossa useat Suomen kumppanimaat ovat ottaneet askeleita kahden valtion ratkaisun elvytt\u00e4miseksi, on k\u00e4ytett\u00e4v\u00e4 kaikki parlamentaarisen keinot hallituksen her\u00e4tt\u00e4miseksi.<\/p>\n<blockquote><p>Tasavallan presidentin tavoin oppositiosta on vahva tuki Palestiinan tunnustamiselle, mutta hallitus ei saa ehdotusta liikkeelle.<\/p><\/blockquote>\n<p>Arvoisa puhemies<\/p>\n<p>Teen seuraavan ep\u00e4luottamusehdotuksen:<\/p>\n<p>Aikana, jolloin kansainv\u00e4lisen oikeuden ja s\u00e4\u00e4nt\u00f6pohjaisen maailmanj\u00e4rjestyksen puolustaminen olisi t\u00e4rke\u00e4mp\u00e4\u00e4 kuin koskaan, hallitus on osoittautunut kyvytt\u00f6m\u00e4ksi yll\u00e4pit\u00e4m\u00e4\u00e4n Suomen ulkopolitiikan keskeisi\u00e4 arvoja ja pitk\u00e4\u00e4 linjaa aloitteellisessa rauhan rakentamisessa. T\u00e4m\u00e4n vuoksi esit\u00e4n, ett\u00e4 hallitus ei nauti eduskunnan luottamusta toimintakyvyss\u00e4 Palestiinan valtion tunnustamisessa.&#8221; <img loading=\"lazy\" decoding=\"async\" class=\"alignnone size-full wp-image-144\" src=\"https:\/\/www.uutispeili.fi\/wp-content\/uploads\/2023\/11\/di.gold_.gif\" alt=\"\" width=\"11\" height=\"11\" \/><\/p>\n<p>(Uutispeili ei ole muokannut artikkelin sis\u00e4lt\u00f6\u00e4.)<\/p>\n","protected":false},"excerpt":{"rendered":"<p>SDP:n ryhm\u00e4puheenvuoron v\u00e4likysymyskeskustelussa t\u00e4n\u00e4\u00e4n k\u00e4ytti kansanedustaja, ulkoasiainvaliokunnan puheenjohtaja, Johannes Koskinen. V\u00e4likysymys koski hallituksen toimintakyky\u00e4 Palestiinan valtion tunnustamisessa. SDP:n lis\u00e4ksi allekirjoittajia olivat Vasemmistoliitto ja Vihre\u00e4t. (Kuval\u00e4hde: Eduskunta 30.09. 2025.) Johannes Koskinen: &#8221;Arvoisa puhemies, YK:n yleiskokouksen korkean tason viikko tuli \u2013 ja meni. Sen yhteydess\u00e4 usea valtio ilmoitti Palestiinan tunnustamisesta, ja viitoitti tehostettuja toimia sodan ja h\u00e4d\u00e4n [&hellip;]<\/p>\n","protected":false},"author":3,"featured_media":8581,"comment_status":"open","ping_status":"open","sticky":false,"template":"","format":"standard","meta":{"footnotes":""},"categories":[49],"tags":[],"_links":{"self":[{"href":"https:\/\/www.uutispeili.fi\/index.php\/wp-json\/wp\/v2\/posts\/8580"}],"collection":[{"href":"https:\/\/www.uutispeili.fi\/index.php\/wp-json\/wp\/v2\/posts"}],"about":[{"href":"https:\/\/www.uutispeili.fi\/index.php\/wp-json\/wp\/v2\/types\/post"}],"author":[{"embeddable":true,"href":"https:\/\/www.uutispeili.fi\/index.php\/wp-json\/wp\/v2\/users\/3"}],"replies":[{"embeddable":true,"href":"https:\/\/www.uutispeili.fi\/index.php\/wp-json\/wp\/v2\/comments?post=8580"}],"version-history":[{"count":1,"href":"https:\/\/www.uutispeili.fi\/index.php\/wp-json\/wp\/v2\/posts\/8580\/revisions"}],"predecessor-version":[{"id":8582,"href":"https:\/\/www.uutispeili.fi\/index.php\/wp-json\/wp\/v2\/posts\/8580\/revisions\/8582"}],"wp:featuredmedia":[{"embeddable":true,"href":"https:\/\/www.uutispeili.fi\/index.php\/wp-json\/wp\/v2\/media\/8581"}],"wp:attachment":[{"href":"https:\/\/www.uutispeili.fi\/index.php\/wp-json\/wp\/v2\/media?parent=8580"}],"wp:term":[{"taxonomy":"category","embeddable":true,"href":"https:\/\/www.uutispeili.fi\/index.php\/wp-json\/wp\/v2\/categories?post=8580"},{"taxonomy":"post_tag","embeddable":true,"href":"https:\/\/www.uutispeili.fi\/index.php\/wp-json\/wp\/v2\/tags?post=8580"}],"curies":[{"name":"wp","href":"https:\/\/api.w.org\/{rel}","templated":true}]}}