{"id":853,"date":"2024-01-06T18:53:12","date_gmt":"2024-01-06T18:53:12","guid":{"rendered":"https:\/\/www.uutispeili.fi\/?p=853"},"modified":"2024-01-06T18:53:13","modified_gmt":"2024-01-06T18:53:13","slug":"nato-vastustajien-liikekannallepano-yltaa-jo-pahnanpohjimmaisiin","status":"publish","type":"post","link":"https:\/\/www.uutispeili.fi\/index.php\/2024\/01\/06\/nato-vastustajien-liikekannallepano-yltaa-jo-pahnanpohjimmaisiin\/","title":{"rendered":"NATO-vastustajien liikekannallepano ylt\u00e4\u00e4 jo pahnanpohjimmaisiin"},"content":{"rendered":"<p><strong>Helsingin yliopiston maailmanpolitiikan professori Heikki Patom\u00e4ki tuli eilen framille Ukrainassa k\u00e4yt\u00e4v\u00e4\u00e4 sotaa, ja my\u00f6s Suomen NATO-j\u00e4senyytt\u00e4 kommentoiden. Professorin mukaan sodan syyn\u00e4 oli Ukrainan pyrkimys hakea j\u00e4senyytt\u00e4, eik\u00e4 Suomenkaan olisi pit\u00e4nyt liitty\u00e4 NATOon.<\/strong><\/p>\n<p>(Patom\u00e4ki ei ole otsikkokuvassa, vaan taitelijaprofessori Kari Suomalaisen luoma mielikuvitushahmo.)<\/p>\n<p>Professori <strong>Heikki Patom\u00e4ki<\/strong> on eronnut <strong>Vasemmistoliitosta <\/strong>maaliskuussa 2022, -johtuen puolueen suhtautumisesta Suomen j\u00e4senyyshakemukseen <em>Pohjois-Atlantin puolustusliitoon <\/em>NATO:oon. Tarkastelemme.<\/p>\n<p><strong>Heikki Patom\u00e4en<\/strong> perusteluihin voi syventy\u00e4 <em>Iltalehden<\/em> (05.11. -linkki) uutisessa. Professori l\u00e4htee siit\u00e4, mist\u00e4 moni v\u00e4hemm\u00e4n-oppinutkin erehtyy aloittamaan Euroopan turvallisuustilanteen analysoinnin: Jos\/kun <strong>Ven\u00e4j\u00e4n<\/strong> itse itselleen m\u00e4\u00e4rittelemi\u00e4 ns. turvallisuusintressej\u00e4 loukataan, Ven\u00e4j\u00e4 on ik\u00e4\u00e4nkuin syyntakeeton, eik\u00e4 silt\u00e4 voi vaatia asiallista k\u00e4ytt\u00e4ytymist\u00e4. -Mutta ei paneuduta t\u00e4h\u00e4n, Patom\u00e4ki avautuu Iltalehdess\u00e4.<\/p>\n<p>Ven\u00e4j\u00e4n hy\u00f6kk\u00e4yssodan alkua (24.02. 2022) -ja sit\u00e4 edelt\u00e4nytt\u00e4 tilanteiden kulkua- uutisoineena muistan hyvin k\u00e4ydyt keskustelut, ja <strong>Turkin<\/strong> sek\u00e4 <strong>Valkoven\u00e4j\u00e4n<\/strong> v\u00e4litysyritykset. Keskusteluja k\u00e4ytiin ja neuvottelijat tapasivat. Ettei mit\u00e4\u00e4n yhteisesti hyv\u00e4ksytty\u00e4 l\u00f6ytynyt, siit\u00e4 saamme toivottavasti varmaa tietoa joskus, kun arkistot avautuvat. Kuva ei j\u00e4\u00e4ne niin simppelille tasolle, kuin mill\u00e4 professori Patom\u00e4ki liikkuu.<\/p>\n<h2>Ven\u00e4j\u00e4 ja sopimusten pit\u00e4minen<\/h2>\n<p><strong>Ukraina<\/strong> oli jo vuosia sitten saanut <em>turvatakuita<\/em> -takuut suvereniteetilleen ja alueellisille rajoilleen- mm. Ven\u00e4j\u00e4n ja l\u00e4nsivaltojen allekirjoituksilla. Sotaan oli niist\u00e4 huolimatta jouduttu 2014 ja uudelleen 2022. Presidentti <strong>Volodymyr Zelenskij<\/strong> ehti viel\u00e4 ennen Ven\u00e4j\u00e4n hy\u00f6kk\u00e4yksen alkua ilmoittamaan julkisesti, ett\u00e4 jos Ukrainalle l\u00f6ytyy uskottavat ja pit\u00e4v\u00e4t turvatakuut, NATO-j\u00e4senyyden tavoittelusta voidaan luopua.<\/p>\n<p>T\u00e4n\u00e4\u00e4n tied\u00e4mme, ett\u00e4 Ven\u00e4j\u00e4n sotavalmistelut olivat olleet t\u00e4ydess\u00e4 vauhdissa v\u00e4hint\u00e4\u00e4n 1-2 vuotta ennen 24.02. 2022, joten Zelenskij puhui kuuroille korville. Ven\u00e4j\u00e4 ja sopimusten pit\u00e4minen, onkin j\u00e4nn\u00e4 aihe, -mutta muut ovat jo sit\u00e4 k\u00e4sitelleet. <em><strong>Minsk-2<\/strong><\/em>:ta allekirjoitettaessa -sopimuksessa taistelut lopetettiin <em>de facto<\/em>-rintamalinjalle- Ven\u00e4j\u00e4n presidentti <strong>Vladimir Putin<\/strong> ilmoitti heti kyn\u00e4n paperista nostettuaan, ettei t\u00e4m\u00e4 sitten koske <strong>Debaltseva<\/strong>n kaistaa rintamalla.<\/p>\n<p>Ven\u00e4l\u00e4iset iskiv\u00e4t Debaltsevasta vet\u00e4ytyvi\u00e4 ukrainalaisia vastaan, siis yli sovitun demarkaatiolinjan, ja alueella joka Minskin paperin mukaan j\u00e4isi Ukrainalle. Sopimus oli siis kuollut jo ennen kuin Putin sai kyn\u00e4n takaisin taskuunsa. -T\u00e4h\u00e4n kokemukseen n\u00e4hden meneill\u00e4\u00e4n olevan konfliktin rauhanneuvottelujen tuloksettomuus ei ket\u00e4\u00e4n yll\u00e4t\u00e4.<\/p>\n<p>Patom\u00e4ki kuitenkin -ei mit\u00e4\u00e4n oppineena eik\u00e4 mit\u00e4\u00e4n unohtaneena- el\u00e4ttelee toiveita, ett\u00e4 jos Ven\u00e4j\u00e4lle annetaan jotakin, &#8221;<em>karhu rauhoittuu<\/em>&#8221;.<\/p>\n<h2>Vasemmistoliitto, NATO ja Ven\u00e4j\u00e4n sodat<\/h2>\n<p>1990-luvulla perustettu <strong>Vasemmistoliitto<\/strong> miellet\u00e4\u00e4n er\u00e4\u00e4n tietyn perinn\u00f6n kantajaksi. Sen edelt\u00e4j\u00e4puolueet muistetaan korostetusta sitoutumisesta &#8221;<em>rauhanty\u00f6h\u00f6n<\/em>&#8221;, joka valitettavan usein k\u00e4tki\u00a0 <strong>Neuvostoliiton<\/strong> (sota-)intressien ajamisen, ja silmien sulkemisen sen <em>ihmisoikeusrikkomuksilta<\/em>. T\u00e4m\u00e4n perisynnin kantajalle turvallisuuspoliittisen orientoitumisen 2000-luvulle on t\u00e4ytynyt olla erityisen haasteellista.<\/p>\n<p>Vasemmistoliitossa olikin k\u00e4yty keskustelua turvallisuuspoliittisen asennoitumisen p\u00e4ivitt\u00e4misest\u00e4 jo 2000-luvun alusta alkaen. Aloitteellisia olivat olleet mm. er\u00e4\u00e4t nais-kansanedustajat ja puolueen silloinen puheenjohtajakin. Viime vuosituhannen juoksuhaudoissa yh\u00e4 k\u00f6k\u00f6tt\u00e4vien vanhoillisten vastakampanjasta j\u00e4i el\u00e4m\u00e4\u00e4n slogan &#8221;<em>nato-kiimaisista naisista<\/em>&#8221;, joka kertoo enemm\u00e4n keksij\u00e4ns\u00e4 (mainitaan tuonnempana) kieroutuneesta suhtautumisesta naisiin, kuin herjaamisen kohteista.<\/p>\n<h3>&#8221;N\u00e4kym\u00e4t\u00f6n puolue-apparaatti&#8221;<\/h3>\n<p>Puolueesta 2006 ovet paukkuen l\u00e4htenyt puheenjohtaja (1998\u20132006)\u00a0 ja puolueensa valovoimaisin hahmo, \u00a0<strong>Suvi-Anne Siimes<\/strong>,\u00a0kertoi havainneensa puoluetta johtaessaan, ett\u00e4 puolueen s\u00e4\u00e4nt\u00f6jen mukaisen p\u00e4\u00e4t\u00f6ksenteko-menettelyn ulkopuolella, n\u00e4kym\u00e4tt\u00f6miss\u00e4, piilee toinen <em>apparaatti<\/em>, joka todellisuudessa johtaa puoluetta, -ja ohittaa itselleen ei-mieluisat p\u00e4\u00e4t\u00f6kset. Virallisissa kokouksissa p\u00e4\u00e4tetyt asiat eiv\u00e4t v\u00e4ltt\u00e4m\u00e4tt\u00e4 toteudu, kun joku n\u00e4kym\u00e4t\u00f6n p\u00e4\u00e4tt\u00e4\u00e4kin toisin. (Suvi-Anne Siimes: &#8221;<em>Politiikan julkisivu<\/em>&#8221; Otava 2007)<\/p>\n<p>Siimes nimesi pitk\u00e4aikaisen kansanedustajan ja euroedustajan <strong>Jaakko Laakso<\/strong>n t\u00e4m\u00e4n salaisen valtakoneiston <em>operatiiviksi<\/em>, mik\u00e4 ei yll\u00e4tt\u00e4nyt ket\u00e4\u00e4n politiikkaa 70-luvulta alkaen seurannutta. Jos 70-luvulla ei olisi jo nimetty kansliap\u00e4\u00e4llikk\u00f6 <strong>Perttusta<\/strong> &#8221;<em>h\u00e4mm\u00e4stytt\u00e4v\u00e4ksi h\u00e4m\u00e4h\u00e4kiksi<\/em>&#8221;, tiet\u00e4isimme kenelle nimitys kuuluu.<\/p>\n<p><img loading=\"lazy\" decoding=\"async\" class=\"size-medium wp-image-855 aligncenter\" src=\"https:\/\/www.uutispeili.fi\/wp-content\/uploads\/2024\/01\/jaakko-laakso800450-02kgb-300x169.png\" alt=\"\" width=\"300\" height=\"169\" srcset=\"https:\/\/www.uutispeili.fi\/wp-content\/uploads\/2024\/01\/jaakko-laakso800450-02kgb-300x169.png 300w, https:\/\/www.uutispeili.fi\/wp-content\/uploads\/2024\/01\/jaakko-laakso800450-02kgb-768x432.png 768w, https:\/\/www.uutispeili.fi\/wp-content\/uploads\/2024\/01\/jaakko-laakso800450-02kgb.png 800w\" sizes=\"(max-width: 300px) 100vw, 300px\" \/><\/p>\n<p><em><strong>SKDL<\/strong>-Vasemmistoliitto<\/em> -jatkumon kahdet juuret l\u00f6ytyv\u00e4t -jos sallitte yksinkertaistamisen?- 40-luvulla <em>maanalaisuudessa<\/em> tai <strong>Moskovassa<\/strong> sinnitelleest\u00e4 <strong>SKP<\/strong>:st\u00e4 (Suomen kommunistinen puolue) ja eduskunnan (sosialidemokraattisesta) &#8221;<em>rauhan oppositiosta<\/em>&#8221;. Molemmat porukat l\u00f6ysiv\u00e4t toisensa sodan j\u00e4lkeen samasta puolueesta, SKDL:st\u00e4. -Mutta heid\u00e4n maailmansa eiv\u00e4t koskaan kohdanneet: Vakoilu ja byrokraattinen k\u00e4hm\u00e4ily, ja j\u00e4rjest\u00f6demokratia ja eduskuntaty\u00f6 ovat kuin eri planeetoilta.<\/p>\n<p>SKP:n surullisen-kuuluisa <em>puolueriita<\/em> 1970-80 -luvuilla, ja Suvi-Annen kohtaamat vaikeudut ovat t\u00e4t\u00e4 perua. -Kun Moskovan k\u00e4skyj\u00e4 noudattaneet, ja konspiratiivisuuteen kasvaneet, puoluekaaderit eiv\u00e4t oikein koskaan oppineet demokratian pelis\u00e4\u00e4nt\u00f6j\u00e4, eiv\u00e4tk\u00e4 kunnioittamaan kansanvaltausuutta elup\u00e4\u00e4t\u00e4\u00e4n. -Eiv\u00e4t valtakunnanpolitiikassa, eiv\u00e4t oman puolueensa j\u00e4rjest\u00f6ty\u00f6ss\u00e4. -T\u00e4m\u00e4n perinteen &#8221;<em>soihdunkantaja<\/em>&#8221; -ihan t\u00e4lle vuosituhannelle asti, voitteko kuvitella!- oli t\u00e4m\u00e4 Siimekselle vaikeuksia tuottanut Jaakko Laakso.<\/p>\n<blockquote><p><strong>KGB<\/strong>-agenttina (koodinimi: <em>Jan<\/em>, <strong>Stasi<\/strong>n tiedostoissa <em>Mantel<\/em>) useasti mainitun Laakson karkotti Vasemmistoliiton liepeilt\u00e4 puolueen nykyinen puheenjohtaja <strong>Li Andersson<\/strong>. (Hyvin tehty!)<\/p><\/blockquote>\n<p>Uutiselle aiheen antanut <strong>Helsingin yliopiston<\/strong> maailmanpolitiikan professori Heikki Patom\u00e4ki ymm\u00e4rsi l\u00e4hte\u00e4 itse -kev\u00e4\u00e4ll\u00e4 2022- kun Vasemmisto teki reippaan turvallisuuspoliittisen ratkaisun, ja asettui NATO-j\u00e4senyyshakemuksen j\u00e4tt\u00e4misen kannalle.<\/p>\n<p>Puolueen puheenjohtajan, Li Anderssonin, poliittinen taito yll\u00e4tti politiikan tarkkailijat, kun puolueensa eduskuntaryhm\u00e4 antoi NATO-\u00e4\u00e4nestyksiss\u00e4 kansanedustajille omantunnonvapauden, -\u00e4\u00e4nest\u00e4\u00e4 siis sai hallituksen esityst\u00e4 vastaan, jos silt\u00e4 tuntuu. Loistava peli-liike: NATO-foobikoilta vedettiin matto alta, -ja heid\u00e4n harvalukuisuutensa j\u00e4i eduskunnan p\u00f6yt\u00e4kirjoihin. -Eik\u00e4 p\u00e4\u00e4sty urputtamaan &#8221;<em>pakko-natotuksesta<\/em>&#8221;, kuten lienee ollut aie? NATO-j\u00e4senhakemusta vastusti isossa salissa vain 5 vasuria, ja <strong>Ano Turtiainen<\/strong>. (Hyv\u00e4ss\u00e4 seurassa on aina kliffaa!)<\/p>\n<p>Mahdolliset <em><strong>YYA<\/strong>-kauden fossiilit<\/em> muissa puolueissa -erityiseen <em>demareissa<\/em>&#8211; joutuivat my\u00f6s suhtautumaan tilanteeseen, jossa saattaisi joutua &#8221;<em>entisist\u00e4 kommareista<\/em>&#8221; vasemmalle. Kun eduskunnan vasemmistopuolueiden p\u00e4\u00e4osan asettuminen j\u00e4senyyshakemuksen puolelle oli ratkaiseva seikka -my\u00f6s hallituskriisin v\u00e4ltt\u00e4miselle-, meill\u00e4 on nyt tiedossa henkil\u00f6t joille kiitokset voi osoittaa.<\/p>\n<p>Ovatko YYA:n ja &#8221;<em>naapuri-ysht\u00e4vyyden<\/em>&#8221; viimeiset <em>Bitter-Einderit<\/em> nyt kaivaneet esiin sotakirveens\u00e4, -se j\u00e4\u00e4 n\u00e4ht\u00e4v\u00e4ksi. <img loading=\"lazy\" decoding=\"async\" class=\"alignnone size-full wp-image-144\" src=\"https:\/\/www.uutispeili.fi\/wp-content\/uploads\/2023\/11\/di.gold_.gif\" alt=\"\" width=\"11\" height=\"11\" \/><\/p>\n<p>Pekka Kemppainen 06.01. 2024<\/p>\n<p>Luettavaa:<\/p>\n<ul>\n<li><a href=\"https:\/\/www.themoscowtimes.com\/2022\/02\/23\/ukraine-demands-security-guarantees-from-west-russia-a76542\" target=\"_blank\" rel=\"noopener\"><strong>Moscow News<\/strong><\/a> 23.02. 2022: <a href=\"https:\/\/www.themoscowtimes.com\/2022\/02\/23\/ukraine-demands-security-guarantees-from-west-russia-a76542\" target=\"_blank\" rel=\"noopener\">Ukraina vaatii turvatakuita l\u00e4nnelt\u00e4<\/a>, Ven\u00e4j\u00e4lt\u00e4: Ukrainan johtaja <strong>Volodymyr Zelenski<\/strong> vaati keskiviikkona l\u00e4nnelt\u00e4 ja Moskovalta &#8221;v\u00e4litt\u00f6mi\u00e4&#8221; turvallisuustakuita Ven\u00e4j\u00e4n pel\u00e4tyn hy\u00f6kk\u00e4yksen est\u00e4miseksi. &#8221;<em>Uskon, ett\u00e4 Ven\u00e4j\u00e4n on oltava niiden maiden joukossa, jotka antavat selv\u00e4t turvallisuustakuut.<\/em>&#8221;,<\/li>\n<li><a href=\"https:\/\/www.iltalehti.fi\/ulkomaat\/a\/d161a343-5670-446a-a906-8b0f50b3c4ae\" target=\"_blank\" rel=\"noopener\"><strong>Iltalehti<\/strong><\/a> 05.01. 2024: <a href=\"https:\/\/www.iltalehti.fi\/ulkomaat\/a\/d161a343-5670-446a-a906-8b0f50b3c4ae\" target=\"_blank\" rel=\"noopener\">Suomalaisasiantuntija: Ukrainan pit\u00e4isi pysy\u00e4 Naton ulkopuolella \u2013 Ja Suomenkin olisi kannattanut<\/a>; <span style=\"font-size: revert; color: initial;\">Professori <strong>Heikki Patom\u00e4en<\/strong> mukaan Ukrainan pit\u00e4isi sitoutua pysym\u00e4\u00e4n Naton ulkopuolella<\/span>,<\/li>\n<li><a href=\"https:\/\/www.iltalehti.fi\/politiikka\/a\/00f3403b-9fac-4718-8f34-afdaf914de3a\" target=\"_blank\" rel=\"noopener\"><strong>Iltalehti<\/strong><\/a> 06.01. 2024,\u00a0 <a href=\"https:\/\/www.iltalehti.fi\/politiikka\/a\/00f3403b-9fac-4718-8f34-afdaf914de3a\" target=\"_blank\" rel=\"noopener\">Takink\u00e4\u00e4nn\u00f6ll\u00e4 Natoon <strong>Li Andersson<\/strong> my\u00f6nt\u00e4\u00e4, ett\u00e4 Nato-j\u00e4senyytt\u00e4 vastustanut vasemmistoliitto ei ymm\u00e4rt\u00e4nyt ajoissa pohtia vaihtoehtoa Suomen turvallisuuden takaamiselle.<\/a> Juttusarjassa k\u00e4sitell\u00e4\u00e4n presidenttiehdokkaiden Ven\u00e4j\u00e4-suhdetta.,<\/li>\n<li><a href=\"https:\/\/www.talouselama.fi\/uutiset\/erittain-vakavaa-li-andersson-sanoutuu-irti-jaakko-laakson-toiminnasta-euroopan-neuvostossa\/dfa3deb3-3c77-3e48-9a50-db60cf2b4ef9\" target=\"_blank\" rel=\"noopener\"><strong>Talousel\u00e4m\u00e4<\/strong><\/a> 24.03. 2018: <a href=\"https:\/\/www.talouselama.fi\/uutiset\/erittain-vakavaa-li-andersson-sanoutuu-irti-jaakko-laakson-toiminnasta-euroopan-neuvostossa\/dfa3deb3-3c77-3e48-9a50-db60cf2b4ef9\" target=\"_blank\" rel=\"noopener\">&#8221;Eritt\u00e4in vakavaa&#8221; &#8211; <strong>Li Andersson<\/strong> sanoutuu irti <strong>Jaakko Laakson<\/strong> toiminnasta Euroopan neuvostossa<\/a>; &#8221;Laakso ei ole tervetullut Euroopan neuvoston vasemmistoryhm\u00e4n kokouksiin&#8221;,<\/li>\n<li><a href=\"https:\/\/fi.wikipedia.org\/wiki\/Suvi-Anne_Siimes\" target=\"_blank\" rel=\"noopener\"><strong>Suvi-Anne Siimes<\/strong><\/a>, Wikipedia,<\/li>\n<li><strong>Suvi-Anne Siimes<\/strong>: &#8221;<em>Politiikan julkisivu<\/em>&#8221; Otava 2007,<\/li>\n<\/ul>\n","protected":false},"excerpt":{"rendered":"<p>Helsingin yliopiston maailmanpolitiikan professori Heikki Patom\u00e4ki tuli eilen framille Ukrainassa k\u00e4yt\u00e4v\u00e4\u00e4 sotaa, ja my\u00f6s Suomen NATO-j\u00e4senyytt\u00e4 kommentoiden. Professorin mukaan sodan syyn\u00e4 oli Ukrainan pyrkimys hakea j\u00e4senyytt\u00e4, eik\u00e4 Suomenkaan olisi pit\u00e4nyt liitty\u00e4 NATOon. (Patom\u00e4ki ei ole otsikkokuvassa, vaan taitelijaprofessori Kari Suomalaisen luoma mielikuvitushahmo.) Professori Heikki Patom\u00e4ki on eronnut Vasemmistoliitosta maaliskuussa 2022, -johtuen puolueen suhtautumisesta Suomen j\u00e4senyyshakemukseen [&hellip;]<\/p>\n","protected":false},"author":3,"featured_media":854,"comment_status":"open","ping_status":"open","sticky":false,"template":"","format":"standard","meta":{"footnotes":""},"categories":[21,6],"tags":[],"_links":{"self":[{"href":"https:\/\/www.uutispeili.fi\/index.php\/wp-json\/wp\/v2\/posts\/853"}],"collection":[{"href":"https:\/\/www.uutispeili.fi\/index.php\/wp-json\/wp\/v2\/posts"}],"about":[{"href":"https:\/\/www.uutispeili.fi\/index.php\/wp-json\/wp\/v2\/types\/post"}],"author":[{"embeddable":true,"href":"https:\/\/www.uutispeili.fi\/index.php\/wp-json\/wp\/v2\/users\/3"}],"replies":[{"embeddable":true,"href":"https:\/\/www.uutispeili.fi\/index.php\/wp-json\/wp\/v2\/comments?post=853"}],"version-history":[{"count":1,"href":"https:\/\/www.uutispeili.fi\/index.php\/wp-json\/wp\/v2\/posts\/853\/revisions"}],"predecessor-version":[{"id":856,"href":"https:\/\/www.uutispeili.fi\/index.php\/wp-json\/wp\/v2\/posts\/853\/revisions\/856"}],"wp:featuredmedia":[{"embeddable":true,"href":"https:\/\/www.uutispeili.fi\/index.php\/wp-json\/wp\/v2\/media\/854"}],"wp:attachment":[{"href":"https:\/\/www.uutispeili.fi\/index.php\/wp-json\/wp\/v2\/media?parent=853"}],"wp:term":[{"taxonomy":"category","embeddable":true,"href":"https:\/\/www.uutispeili.fi\/index.php\/wp-json\/wp\/v2\/categories?post=853"},{"taxonomy":"post_tag","embeddable":true,"href":"https:\/\/www.uutispeili.fi\/index.php\/wp-json\/wp\/v2\/tags?post=853"}],"curies":[{"name":"wp","href":"https:\/\/api.w.org\/{rel}","templated":true}]}}