{"id":8441,"date":"2025-09-23T18:05:20","date_gmt":"2025-09-23T15:05:20","guid":{"rendered":"https:\/\/www.uutispeili.fi\/?p=8441"},"modified":"2025-09-23T18:05:21","modified_gmt":"2025-09-23T15:05:21","slug":"sosiaali-ja-terveysvaliokunta-esittaa-oulaskankaan-paivystysta-koskevan-kansalaisaloitteen-hylkaamista","status":"publish","type":"post","link":"https:\/\/www.uutispeili.fi\/index.php\/2025\/09\/23\/sosiaali-ja-terveysvaliokunta-esittaa-oulaskankaan-paivystysta-koskevan-kansalaisaloitteen-hylkaamista\/","title":{"rendered":"Sosiaali- ja terveysvaliokunta esitt\u00e4\u00e4 Oulaskankaan p\u00e4ivystyst\u00e4 koskevan kansalaisaloitteen hylk\u00e4\u00e4mist\u00e4"},"content":{"rendered":"<p><strong>Eduskunnan sosiaali- ja terveysvaliokunta sai tiistaina 23.9. valmiiksi mietint\u00f6ns\u00e4 kansalaisaloitteesta, jossa ehdotetaan perusterveydenhuollon y\u00f6p\u00e4ivystyksen s\u00e4ilytt\u00e4mist\u00e4 Oulaskankaan sairaalassa.<\/strong><\/p>\n<blockquote><p>Valiokunta ei kannata mietinn\u00f6ss\u00e4\u00e4n kansalaisaloitteen ehdotusta. Mietint\u00f6\u00f6n sis\u00e4ltyy <strong>sosiaalidemokraattisen<\/strong>, <strong>keskustan<\/strong> ja <strong>vasemmistoliiton<\/strong> eduskuntaryhm\u00e4n\u200byhteinen vastalause.<\/p><\/blockquote>\n<h2>Kansalaisaloite korostaa y\u00f6p\u00e4ivystyksen tarpeellisuutta<\/h2>\n<p>Kansalaisaloitteen taustalla on 1.10.2025 voimaan tuleva <strong>terveydenhuoltolain<\/strong> muutos, jonka perusteella ymp\u00e4rivuorokautista terveydenhuollon p\u00e4ivystyst\u00e4 saa j\u00e4rjest\u00e4\u00e4 vain laissa luetelluissa paikoissa. Lakimuutoksen voimaantulon j\u00e4lkeen <strong>Pohjois-Pohjanmaan<\/strong> <strong>hyvinvointialue<\/strong> ei voi en\u00e4\u00e4 j\u00e4rjest\u00e4\u00e4 <strong>Oulaskankaan<\/strong> sairaalassa y\u00f6p\u00e4ivystyst\u00e4 klo 22\u201307.<\/p>\n<blockquote><p>Kansalaisaloitteessa perustellaan Oulaskankaan y\u00f6p\u00e4ivystyksen tarpeellisuutta mm. alueen v\u00e4est\u00f6pohjan laajuudella ja pitkill\u00e4 et\u00e4isyyksill\u00e4. Lis\u00e4ksi kansalaisaloitteessa katsotaan, ettei y\u00f6p\u00e4ivystyksen lopettaminen tuo s\u00e4\u00e4st\u00f6j\u00e4 vaan pikemminkin lis\u00e4\u00e4 kustannuksia.<\/p><\/blockquote>\n<h2>Sosiaali- ja terveysvaliokunta: Palveluverkon uudistaminen on v\u00e4ltt\u00e4m\u00e4t\u00f6nt\u00e4<\/h2>\n<p>Sosiaali- ja terveysvaliokunta on kuullut laajasti asiantuntijoita, ja my\u00f6s heist\u00e4 osa on tuonut esiin potilasturvallisuuden vaarantumisen riskin, jos et\u00e4isyys y\u00f6p\u00e4ivystykseen kasvaa. Asiantuntijat ovat toisaalta korostaneet, ett\u00e4 my\u00f6s p\u00e4ivystyksen pienuus voi vaarantaa potilasturvallisuuden. Kuulemisissa on todettu my\u00f6s, ett\u00e4 on olemassa varsin rajallisesti sellaisia perusterveydenhuoltotasoista y\u00f6p\u00e4ivystyst\u00e4 vaativia tilanteita, joissa potilaan hoito ei voi odottaa aamuun.<\/p>\n<blockquote><p>Valiokunta painottaa, ett\u00e4 keskitt\u00e4misen hy\u00f6dyt potilasturvallisuudelle ovat monissa potilasryhmiss\u00e4 kiistattomat. Monien sairauksien hoidon laatu ja turvallisuus ovat parempia suurissa yksik\u00f6iss\u00e4, joissa on mahdollista pit\u00e4\u00e4 yll\u00e4 erikoituneita tiimej\u00e4.<\/p><\/blockquote>\n<p>Valiokunta painottaa my\u00f6s, ett\u00e4 palveluiden hyv\u00e4 saatavuus p\u00e4iv\u00e4ll\u00e4 ja illalla on parhaita keinoja v\u00e4hent\u00e4\u00e4 y\u00f6aikaisen p\u00e4ivystyksen tarvetta. Hyvinvointialueen on t\u00e4rke\u00e4\u00e4 varata riitt\u00e4v\u00e4sti resursseja iltaan, jotta potilaita ei olisi juuri odottamassa hoitoa en\u00e4\u00e4 klo 22. Lis\u00e4ksi valiokunta toteaa, ett\u00e4 hyvinvointialueella on mahdollisuus j\u00e4rjest\u00e4\u00e4 alueensa ensihoitopalvelut uutta tilannetta vastaaviksi esimerkiksi muuttamalla ensihoitoyksik\u00f6iden m\u00e4\u00e4r\u00e4\u00e4 ja sijaintia.<\/p>\n<blockquote><p>My\u00f6s osa asiantuntijoista on jakanut kansalaisaloitteessakin mainitun huolen siit\u00e4, ett\u00e4 ensihoidon lis\u00e4\u00e4mistarve sy\u00f6 keskitt\u00e4misen tuomat s\u00e4\u00e4st\u00f6t.<\/p><\/blockquote>\n<p>Asiantuntijoiden mukaan s\u00e4\u00e4st\u00f6jen toteutumiseen liittyykin ep\u00e4varmuustekij\u00f6it\u00e4. Valiokunta korostaa kuitenkin s\u00e4\u00e4st\u00f6potentiaaliakin kriittisemp\u00e4n\u00e4 tekij\u00e4n\u00e4 henkil\u00f6st\u00f6n saatavuutta ja riitt\u00e4vyytt\u00e4, joka on usein harvaan asutuilla alueilla taloudellisia resursseja suurempi haaste. Sairaalaverkkoon teht\u00e4vien muutosten my\u00f6t\u00e4 hyvinvointialueilla on nykyist\u00e4 parempi mahdollisuus suunnitella niukkenevien ja kilpailtujen henkil\u00f6st\u00f6resurssien k\u00e4ytt\u00f6\u00e4 ja tehokkaampaa kohdentamista.<\/p>\n<p>Sosiaali- ja terveysvaliokunnan mukaan terveydenhuoltolain p\u00e4ivystyksi\u00e4 koskevia muutoksia voidaan pit\u00e4\u00e4 siirtym\u00e4n\u00e4 kohti kest\u00e4v\u00e4\u00e4 palveluverkkoa. Nykyist\u00e4 palveluverkkoa on rakennettu kuntaperusteisessa j\u00e4rjestelm\u00e4ss\u00e4, eik\u00e4 se vastaa v\u00e4est\u00f6n muuttuneita palvelutarpeita ja tulevaa v\u00e4est\u00f6kehityst\u00e4. Palvelurakenteen uudistaminen on v\u00e4ltt\u00e4m\u00e4t\u00f6nt\u00e4, jotta v\u00e4est\u00f6n riitt\u00e4v\u00e4 hoito, hoiva ja muut palvelut voidaan turvata ty\u00f6voiman saatavuuden ja julkisen talouden heikentyneess\u00e4 tilanteessa.<\/p>\n<h3>Miten asian k\u00e4sittely jatkuu:<\/h3>\n<p>Kansalaisaloite etenee seuraavaksi <strong>eduskunnan t\u00e4ysistuntoon<\/strong>, joka k\u00e4sittelee sit\u00e4 valiokunnan mietinn\u00f6n pohjalta. <img loading=\"lazy\" decoding=\"async\" class=\"alignnone size-full wp-image-144\" src=\"https:\/\/www.uutispeili.fi\/wp-content\/uploads\/2023\/11\/di.gold_.gif\" alt=\"\" width=\"11\" height=\"11\" \/><\/p>\n<ul>\n<li>Mietint\u00f6 on luettavissa my\u00f6hemmin t\u00e4n\u00e4\u00e4n <a href=\"https:\/\/www.eduskunta.fi\/FI\/valiokunnat\/sosiaali-ja-terveysvaliokunta\/Sivut\/default.aspx\" target=\"_blank\" rel=\"noopener\">sosiaali- ja terveysvaliokunnan verkkosivuilla<\/a>.<\/li>\n<\/ul>\n","protected":false},"excerpt":{"rendered":"<p>Eduskunnan sosiaali- ja terveysvaliokunta sai tiistaina 23.9. valmiiksi mietint\u00f6ns\u00e4 kansalaisaloitteesta, jossa ehdotetaan perusterveydenhuollon y\u00f6p\u00e4ivystyksen s\u00e4ilytt\u00e4mist\u00e4 Oulaskankaan sairaalassa. Valiokunta ei kannata mietinn\u00f6ss\u00e4\u00e4n kansalaisaloitteen ehdotusta. Mietint\u00f6\u00f6n sis\u00e4ltyy sosiaalidemokraattisen, keskustan ja vasemmistoliiton eduskuntaryhm\u00e4n\u200byhteinen vastalause. Kansalaisaloite korostaa y\u00f6p\u00e4ivystyksen tarpeellisuutta Kansalaisaloitteen taustalla on 1.10.2025 voimaan tuleva terveydenhuoltolain muutos, jonka perusteella ymp\u00e4rivuorokautista terveydenhuollon p\u00e4ivystyst\u00e4 saa j\u00e4rjest\u00e4\u00e4 vain laissa luetelluissa paikoissa. Lakimuutoksen [&hellip;]<\/p>\n","protected":false},"author":3,"featured_media":8442,"comment_status":"open","ping_status":"open","sticky":false,"template":"","format":"standard","meta":{"footnotes":""},"categories":[49,9],"tags":[],"_links":{"self":[{"href":"https:\/\/www.uutispeili.fi\/index.php\/wp-json\/wp\/v2\/posts\/8441"}],"collection":[{"href":"https:\/\/www.uutispeili.fi\/index.php\/wp-json\/wp\/v2\/posts"}],"about":[{"href":"https:\/\/www.uutispeili.fi\/index.php\/wp-json\/wp\/v2\/types\/post"}],"author":[{"embeddable":true,"href":"https:\/\/www.uutispeili.fi\/index.php\/wp-json\/wp\/v2\/users\/3"}],"replies":[{"embeddable":true,"href":"https:\/\/www.uutispeili.fi\/index.php\/wp-json\/wp\/v2\/comments?post=8441"}],"version-history":[{"count":1,"href":"https:\/\/www.uutispeili.fi\/index.php\/wp-json\/wp\/v2\/posts\/8441\/revisions"}],"predecessor-version":[{"id":8443,"href":"https:\/\/www.uutispeili.fi\/index.php\/wp-json\/wp\/v2\/posts\/8441\/revisions\/8443"}],"wp:featuredmedia":[{"embeddable":true,"href":"https:\/\/www.uutispeili.fi\/index.php\/wp-json\/wp\/v2\/media\/8442"}],"wp:attachment":[{"href":"https:\/\/www.uutispeili.fi\/index.php\/wp-json\/wp\/v2\/media?parent=8441"}],"wp:term":[{"taxonomy":"category","embeddable":true,"href":"https:\/\/www.uutispeili.fi\/index.php\/wp-json\/wp\/v2\/categories?post=8441"},{"taxonomy":"post_tag","embeddable":true,"href":"https:\/\/www.uutispeili.fi\/index.php\/wp-json\/wp\/v2\/tags?post=8441"}],"curies":[{"name":"wp","href":"https:\/\/api.w.org\/{rel}","templated":true}]}}