{"id":8439,"date":"2025-09-23T17:39:23","date_gmt":"2025-09-23T14:39:23","guid":{"rendered":"https:\/\/www.uutispeili.fi\/?p=8439"},"modified":"2025-09-23T17:39:24","modified_gmt":"2025-09-23T14:39:24","slug":"eduskunnan-nato-valtuuskunta-matkustaa-espanjaan-keskustelemaan-laittomasta-maahanmuutosta-ja-iranin-uhasta","status":"publish","type":"post","link":"https:\/\/www.uutispeili.fi\/index.php\/2025\/09\/23\/eduskunnan-nato-valtuuskunta-matkustaa-espanjaan-keskustelemaan-laittomasta-maahanmuutosta-ja-iranin-uhasta\/","title":{"rendered":"Eduskunnan Nato-valtuuskunta matkustaa Espanjaan keskustelemaan laittomasta maahanmuutosta ja Iranin-uhasta"},"content":{"rendered":"<p><strong>Naton parlamentaarisen yleiskokouksen Suomen valtuuskunta matkustaa Espanjan Madridiin ja Melillaan 25.\u201327. syyskuuta. <\/strong><\/p>\n<p><strong>Espanjan<\/strong> j\u00e4rjest\u00e4m\u00e4 vierailu on suunnattu yleiskokouksen demokratia ja turvallisuus -komitealle, resilienssin ja siviiliturvallisuuden alakomitealle sek\u00e4 <strong>V\u00e4limeren<\/strong> ja <strong>L\u00e4hi-id\u00e4n<\/strong> asioihin keskittyv\u00e4lle GSM-ryhm\u00e4lle (<em>Mediterranean and Middle East Special Group<\/em>).<\/p>\n<p>Yleiskokouksen Suomen valtuuskunnasta mukana ovat sen puheenjohtaja <strong>Tomi Immonen<\/strong> (Perussuomalaiset) sek\u00e4 kansanedustajat <strong>Mikko Savola<\/strong> (Keskusta), <strong>Mika Kari<\/strong> (SDP) ja <strong>Jarno Limnel<\/strong>l (Kokoomus).<\/p>\n<h2>Esityslistalla mm. laittoman maahanmuuton tilanne<\/h2>\n<p>Vierailun ohjelma keskittyy ennen kaikkea V\u00e4limeren ja L\u00e4hi-id\u00e4n turvallisuushaasteisiin ja toisaalta kumppanuuksiin, sek\u00e4 Espanjan rooliin puolustusliitto Natossa ja <strong>Ukrainan<\/strong> tukemisessa.<\/p>\n<p>Lis\u00e4ksi parlamentaarikot k\u00e4sittelev\u00e4t laittoman maahanmuuton tilannetta V\u00e4limerell\u00e4 ja Iranin uhkaa alueelliselle turvallisuudelle. <strong>Iran<\/strong>ia k\u00e4sittelev\u00e4 raportti &#8221;<em>Iran&#8217;s Threat to Regional and Euro-Atlantic<\/em> <em>Security<\/em>&#8221; on tarkoitus julkaista t\u00e4m\u00e4n k\u00e4sittelyn j\u00e4lkeen.<\/p>\n<blockquote><p>&#8221;Espanjan ja V\u00e4limeren alueen kumppanien n\u00e4k\u00f6kulmien kuuleminen alueen turvallisuushaasteista on Suomelle t\u00e4rke\u00e4\u00e4, mutta yht\u00e4 oleellista on tuoda esille ja teroittaa entisest\u00e4\u00e4n meid\u00e4n n\u00e4kemyksi\u00e4mme Ven\u00e4j\u00e4n luomasta turvallisuusuhasta koko liittokunnalle ja etenkin Ukrainan tukemisen t\u00e4rkeydest\u00e4&#8221;, painottaa valtuuskunnan puheenjohtaja Immonen.<\/p><\/blockquote>\n<p>\u200bNaton parlamentaarisella yleiskokouksella (<em>Nato Parliamentary Assembly<\/em>) ei ole muodollista yhteytt\u00e4 Naton kanssa, mutta yhteisty\u00f6 j\u00e4rjest\u00f6jen v\u00e4lill\u00e4 on tiivist\u00e4. <img loading=\"lazy\" decoding=\"async\" class=\"alignnone size-full wp-image-144\" src=\"https:\/\/www.uutispeili.fi\/wp-content\/uploads\/2023\/11\/di.gold_.gif\" alt=\"\" width=\"11\" height=\"11\" \/><\/p>\n<p>(Uutispeili ei ole muokannut artikkelin sis\u00e4lt\u00f6\u00e4.=<\/p>\n","protected":false},"excerpt":{"rendered":"<p>Naton parlamentaarisen yleiskokouksen Suomen valtuuskunta matkustaa Espanjan Madridiin ja Melillaan 25.\u201327. syyskuuta. Espanjan j\u00e4rjest\u00e4m\u00e4 vierailu on suunnattu yleiskokouksen demokratia ja turvallisuus -komitealle, resilienssin ja siviiliturvallisuuden alakomitealle sek\u00e4 V\u00e4limeren ja L\u00e4hi-id\u00e4n asioihin keskittyv\u00e4lle GSM-ryhm\u00e4lle (Mediterranean and Middle East Special Group). Yleiskokouksen Suomen valtuuskunnasta mukana ovat sen puheenjohtaja Tomi Immonen (Perussuomalaiset) sek\u00e4 kansanedustajat Mikko Savola (Keskusta), Mika [&hellip;]<\/p>\n","protected":false},"author":3,"featured_media":3639,"comment_status":"open","ping_status":"open","sticky":false,"template":"","format":"standard","meta":{"footnotes":""},"categories":[49,73],"tags":[],"_links":{"self":[{"href":"https:\/\/www.uutispeili.fi\/index.php\/wp-json\/wp\/v2\/posts\/8439"}],"collection":[{"href":"https:\/\/www.uutispeili.fi\/index.php\/wp-json\/wp\/v2\/posts"}],"about":[{"href":"https:\/\/www.uutispeili.fi\/index.php\/wp-json\/wp\/v2\/types\/post"}],"author":[{"embeddable":true,"href":"https:\/\/www.uutispeili.fi\/index.php\/wp-json\/wp\/v2\/users\/3"}],"replies":[{"embeddable":true,"href":"https:\/\/www.uutispeili.fi\/index.php\/wp-json\/wp\/v2\/comments?post=8439"}],"version-history":[{"count":1,"href":"https:\/\/www.uutispeili.fi\/index.php\/wp-json\/wp\/v2\/posts\/8439\/revisions"}],"predecessor-version":[{"id":8440,"href":"https:\/\/www.uutispeili.fi\/index.php\/wp-json\/wp\/v2\/posts\/8439\/revisions\/8440"}],"wp:featuredmedia":[{"embeddable":true,"href":"https:\/\/www.uutispeili.fi\/index.php\/wp-json\/wp\/v2\/media\/3639"}],"wp:attachment":[{"href":"https:\/\/www.uutispeili.fi\/index.php\/wp-json\/wp\/v2\/media?parent=8439"}],"wp:term":[{"taxonomy":"category","embeddable":true,"href":"https:\/\/www.uutispeili.fi\/index.php\/wp-json\/wp\/v2\/categories?post=8439"},{"taxonomy":"post_tag","embeddable":true,"href":"https:\/\/www.uutispeili.fi\/index.php\/wp-json\/wp\/v2\/tags?post=8439"}],"curies":[{"name":"wp","href":"https:\/\/api.w.org\/{rel}","templated":true}]}}