{"id":8275,"date":"2025-09-15T15:41:02","date_gmt":"2025-09-15T12:41:02","guid":{"rendered":"https:\/\/www.uutispeili.fi\/?p=8275"},"modified":"2025-09-15T15:41:02","modified_gmt":"2025-09-15T12:41:02","slug":"rubio-vakuuttaa-horjumatonta-tukea-netanyahun-gaza-politiikalle","status":"publish","type":"post","link":"https:\/\/www.uutispeili.fi\/index.php\/2025\/09\/15\/rubio-vakuuttaa-horjumatonta-tukea-netanyahun-gaza-politiikalle\/","title":{"rendered":"Rubio vakuuttaa &#8221;horjumatonta tukea&#8221; Netanyahun Gaza-politiikalle"},"content":{"rendered":"<p><strong>Juuri kun Israelin p\u00e4\u00e4ministeri Benjamin Netanyahu on joutunut kotimaisen arvostelun kohteeksi Gaza-aselevon viivytt\u00e4misest\u00e4, avuksi rient\u00e4\u00e4 -kuin aina-valmis partiopoika- Yhdysvaltain ulkoministeri Marco Rubio.<\/strong><\/p>\n<p><strong>Yhdysvaltain<\/strong> ulkoministeri <strong>Marco Rubio<\/strong> lupasi t\u00e4n\u00e4\u00e4n maanantaina I<strong>srael<\/strong>in p\u00e4\u00e4ministerille <strong>Benjamin Netanyahu<\/strong>lle maansa &#8221;<em>horjumattoman tuen<\/em>&#8221; Gazan tavoitteiden saavuttamisessa ja vaati Hamasin h\u00e4vitt\u00e4mist\u00e4.<\/p>\n<blockquote><p>Rubio sanoi maanantaina toimittajille: \u201d<strong>Gazan<\/strong> kansa ansaitsee paremman tulevaisuuden, mutta tuo parempi tulevaisuus ei voi alkaa ennen kuin Hamas on eliminoitu.\u201d<\/p><\/blockquote>\n<h2>&#8221;Voit luottaa horjumattomaan tukeemme ja sitoutumiseemme, jotta t\u00e4m\u00e4 toteutuu.&#8221;<\/h2>\n<p>Rubion vierailu Israeliin tapahtuu sopivasti Israelin isketty\u00e4 Yhdysvaltoihin yst\u00e4v\u00e4llisesti suhtautuvaan <strong>Qatar<\/strong>in emiirikuntaan, p\u00e4\u00e4kaupunkiin <strong>Doha<\/strong>an. Qatar on aktiivisesti osallistunut Gazan sodan poliittisen ratkaisun etsint\u00e4\u00e4n, ja is\u00e4nn\u00f6inyt neuvottelutapaamisia.<\/p>\n<blockquote><p>Yhdysvallat onkin ottanut et\u00e4isyytt\u00e4 Qatarin pommittamiseen, -jonka arabimaat ovat ottaneet kovin vakavasti.<\/p><\/blockquote>\n<p>Israelin\u00a0 siirtokuntapolitiikka L\u00e4nsirannalla on my\u00f6s saanut negatiivisen vastaanoton kansainv\u00e4lisesti. Netanyahu -kotimaisen ja ulkomaisen arvostelun ristitulessa- kovasti jo kaipaili p\u00e4\u00e4nsilityst\u00e4-<\/p>\n<blockquote><p>\u201dRubion vierailu on selke\u00e4 viesti siit\u00e4, ett\u00e4 Amerikka seisoo Israelin rinnalla terrorin edess\u00e4\u201d, Israelin p\u00e4\u00e4ministeri Benjamin Netanjahu sanoi yhteisess\u00e4 lehdist\u00f6tilaisuudessa Rubion kanssa ja lis\u00e4si, ett\u00e4 Amerikalla ei ole parempaa liittolaista kuin Israel ja Israelilla ei ole parempaa liittolaista kuin Amerikka.<\/p><\/blockquote>\n<p>Netanjahu seisoo Yhdysvaltain ulkoministeri Marco Rubion rinnalla, vaikka Yhdysvaltain presidentti <strong>Donald Trump<\/strong> on yksi niist\u00e4, jotka arvostelevat Israelia uutisen johdosta, kirjoittaa saudimedia.<\/p>\n<p><strong><em>Arabimaiden<\/em><\/strong> arvostelu Israelin sotilaallista iskua Qatariin kohtaan korostaa <strong>YK:n peruskirjaa<\/strong>, ja vakiintuneita kansainv\u00e4lisi\u00e4 tapoja. Netanjahu n\u00e4ytt\u00e4\u00e4 etenev\u00e4n ajattelussaan &#8217;kosto edell\u00e4&#8217;. H\u00e4nen puolustus-argumenttinsa arvostelijoita vastaan, on uhkus viel\u00e4 hengiss\u00e4-oleville Hamasin johtajille:<\/p>\n<blockquote><p>&#8221;Voitte piiloutua, voitte paeta, mutta me saamme teid\u00e4t kiinni.&#8221;<\/p><\/blockquote>\n<p>Kuinka j\u00e4rkev\u00e4\u00e4 t\u00e4m\u00e4 on valtionjohto-tasolla, -maailmassa jossa &#8217;<em>roistovaltioiden<\/em>&#8217; leiri aikoo romuttaa kansainv\u00e4liset k\u00e4yt\u00f6stavat, jotka vahvistettiin N\u00fcrnbergin oikeudenk\u00e4ynniss\u00e4, -tuomitsemalla &#8217;<strong><em>hy\u00f6kk\u00e4yssota<\/em><\/strong>&#8217;-rikoksesta. jopa hirsipuuhun.<\/p>\n<blockquote><p>&#8217;<strong>S\u00e4\u00e4nt\u00f6per\u00e4isen maailmanj\u00e4rjestyksen<\/strong>&#8217; j\u00e4lkeisess\u00e4 olotilassa hy\u00f6kk\u00e4yssodat siis ovat uusi normaali?<\/p><\/blockquote>\n<p>Globaalissa vakiintuneiden kansainv\u00e4listen suhteiden uudelleenarvioinnissa arabimaiden (=\u00f6ljyntuottajien) orientoitumisen suunta ei liene ihan trivuaalia? -Netanyahulle se on sit\u00e4, -meille muille ei.<\/p>\n<p><strong>Yhdysvaltain Persianlahden liittolaisten<\/strong> suututtaminen toki on -jos Jerusalemista katsoo- v\u00e4h\u00e4isempi seikka, kuin Gazan konfliktin pitkitt\u00e4minen, toivossa ett\u00e4 se levi\u00e4\u00e4 my\u00f6s <strong>L\u00e4nsirannalle<\/strong>? -Voi voi, palestiinalaishallintoa ollaankin jenkkien eurooppalaisten liittolaisten -ja my\u00f6s Saudien- my\u00f6t\u00e4vaikutuksella nostamassa tunnustettujen valtioiden joukkoon. (=&gt; \u00c4kki\u00e4 piti pommittaa jotakin!?)<\/p>\n<p>Netanyahu korosti lopuksi, ett\u00e4 maailman pit\u00e4isi &#8221;asentaa prioriteettinsa ja tosiasiansa oikein&#8221; Gazan suhteen ja ett\u00e4 Israel tekee edelleen voitavansa pelastaakseen heid\u00e4t (Gazan asukkaat) vaaralta.<\/p>\n<p>Prioriteetteja on joka makuun, mutta &#8221;<em>kolmas temppeli<\/em>&#8221;, <em>Harmagedon<\/em>, etc. -Netanyahun omat oikeusjutut- eiv\u00e4t saisi dominoida eskalaatioherk\u00e4n Gazan sodan poliittisen ratkaisun etsimist\u00e4.<\/p>\n<p>Pekka Kemppainen<\/p>\n<p>Luettavaa:<\/p>\n<ul>\n<li><a href=\"https:\/\/www.timesofisrael.com\/liveblog-september-15-2025\/\" target=\"_blank\" rel=\"noopener\"><strong>The Times of Israel<\/strong><\/a> 15.09. 2025.<\/li>\n<li><a href=\"https:\/\/english.alarabiya.net\/News\/middle-east\/2025\/09\/15\/us-has-no-better-ally-than-israel-netanyahu-says-amid-rubio-visit-\" target=\"_blank\" rel=\"noopener\"><strong>al-Arabiya<\/strong><\/a> 15.09. 2025,<\/li>\n<\/ul>\n<p>Aiemmin aiheesta:<\/p>\n<blockquote class=\"wp-embedded-content\" data-secret=\"VKeGlz5WLc\"><p><a href=\"https:\/\/www.uutispeili.fi\/index.php\/2025\/09\/07\/panttivankien-omaiset-vetoavat-suoraan-trumpiin\/\">Panttivankien omaiset vetoavat suoraan Trumpiin<\/a><\/p><\/blockquote>\n<p><iframe class=\"wp-embedded-content\" sandbox=\"allow-scripts\" security=\"restricted\" style=\"position: absolute; clip: rect(1px, 1px, 1px, 1px);\" title=\"&#8221;Panttivankien omaiset vetoavat suoraan Trumpiin&#8221; &#8212; \" src=\"https:\/\/www.uutispeili.fi\/index.php\/2025\/09\/07\/panttivankien-omaiset-vetoavat-suoraan-trumpiin\/embed\/#?secret=E55eiTR8QX#?secret=VKeGlz5WLc\" data-secret=\"VKeGlz5WLc\" width=\"600\" height=\"338\" frameborder=\"0\" marginwidth=\"0\" marginheight=\"0\" scrolling=\"no\"><\/iframe><\/p>\n<p>14.09. 2025:<\/p>\n<blockquote class=\"wp-embedded-content\" data-secret=\"R2t6cYRux8\"><p><a href=\"https:\/\/www.uutispeili.fi\/index.php\/2025\/09\/14\/arabi-ja-muslimimaiden-ulkoministerit-tanaan-qatarissa-hatakokous-israelin-rikollisen-toiminnan-takia-maanantaina\/\">Arabi- ja muslimimaiden ulkoministerit t\u00e4n\u00e4\u00e4n Qatarissa: H\u00e4t\u00e4kokous Israelin &#8221;rikollisen toiminnan&#8221; takia maanantaina<\/a><\/p><\/blockquote>\n<p><iframe class=\"wp-embedded-content\" sandbox=\"allow-scripts\" security=\"restricted\" style=\"position: absolute; clip: rect(1px, 1px, 1px, 1px);\" title=\"&#8221;Arabi- ja muslimimaiden ulkoministerit t\u00e4n\u00e4\u00e4n Qatarissa: H\u00e4t\u00e4kokous Israelin &#8221;rikollisen toiminnan&#8221; takia maanantaina&#8221; &#8212; \" src=\"https:\/\/www.uutispeili.fi\/index.php\/2025\/09\/14\/arabi-ja-muslimimaiden-ulkoministerit-tanaan-qatarissa-hatakokous-israelin-rikollisen-toiminnan-takia-maanantaina\/embed\/#?secret=kxMq6abI1l#?secret=R2t6cYRux8\" data-secret=\"R2t6cYRux8\" width=\"600\" height=\"338\" frameborder=\"0\" marginwidth=\"0\" marginheight=\"0\" scrolling=\"no\"><\/iframe><\/p>\n<p>13.09. 2025:<\/p>\n<blockquote class=\"wp-embedded-content\" data-secret=\"34xSUYE0FF\"><p><a href=\"https:\/\/www.uutispeili.fi\/index.php\/2025\/09\/13\/panttivankien-perheet-tanaan-todistamme-jalleen-yritysta-sabotoida-sopimusta\/\">Panttivankien perheet t\u00e4n\u00e4\u00e4n: &#8221;Todistamme j\u00e4lleen yrityst\u00e4 sabotoida sopimusta&#8221;<\/a><\/p><\/blockquote>\n<p><iframe class=\"wp-embedded-content\" sandbox=\"allow-scripts\" security=\"restricted\" style=\"position: absolute; clip: rect(1px, 1px, 1px, 1px);\" title=\"&#8221;Panttivankien perheet t\u00e4n\u00e4\u00e4n: &#8221;Todistamme j\u00e4lleen yrityst\u00e4 sabotoida sopimusta&#8221;&#8221; &#8212; \" src=\"https:\/\/www.uutispeili.fi\/index.php\/2025\/09\/13\/panttivankien-perheet-tanaan-todistamme-jalleen-yritysta-sabotoida-sopimusta\/embed\/#?secret=LQ0ghDtvcx#?secret=34xSUYE0FF\" data-secret=\"34xSUYE0FF\" width=\"600\" height=\"338\" frameborder=\"0\" marginwidth=\"0\" marginheight=\"0\" scrolling=\"no\"><\/iframe><\/p>\n<p>12.09. 2025:<\/p>\n<blockquote class=\"wp-embedded-content\" data-secret=\"M8g8oiLIMJ\"><p><a href=\"https:\/\/www.uutispeili.fi\/index.php\/2025\/09\/12\/ykn-yleiskokous-aanesti-perjantaina-new-yorkin-julistuksesta\/\">YK:n yleiskokous \u00e4\u00e4nesti perjantaina &#8221;New Yorkin julistuksesta&#8221;<\/a><\/p><\/blockquote>\n<p><iframe class=\"wp-embedded-content\" sandbox=\"allow-scripts\" security=\"restricted\" style=\"position: absolute; clip: rect(1px, 1px, 1px, 1px);\" title=\"&#8221;YK:n yleiskokous \u00e4\u00e4nesti perjantaina &#8221;New Yorkin julistuksesta&#8221;&#8221; &#8212; \" src=\"https:\/\/www.uutispeili.fi\/index.php\/2025\/09\/12\/ykn-yleiskokous-aanesti-perjantaina-new-yorkin-julistuksesta\/embed\/#?secret=FuCclR2pE7#?secret=M8g8oiLIMJ\" data-secret=\"M8g8oiLIMJ\" width=\"600\" height=\"338\" frameborder=\"0\" marginwidth=\"0\" marginheight=\"0\" scrolling=\"no\"><\/iframe><\/p>\n<p>12.09. 2025:<\/p>\n<blockquote class=\"wp-embedded-content\" data-secret=\"AvSFYp4EK4\"><p><a href=\"https:\/\/www.uutispeili.fi\/index.php\/2025\/09\/12\/gazan-sodan-taustat-ja-ulottuvuudet\/\">Gazan sodan taustat, ja ulottuvuudet<\/a><\/p><\/blockquote>\n<p><iframe class=\"wp-embedded-content\" sandbox=\"allow-scripts\" security=\"restricted\" style=\"position: absolute; clip: rect(1px, 1px, 1px, 1px);\" title=\"&#8221;Gazan sodan taustat, ja ulottuvuudet&#8221; &#8212; \" src=\"https:\/\/www.uutispeili.fi\/index.php\/2025\/09\/12\/gazan-sodan-taustat-ja-ulottuvuudet\/embed\/#?secret=Wr1NTcYgD0#?secret=AvSFYp4EK4\" data-secret=\"AvSFYp4EK4\" width=\"600\" height=\"338\" frameborder=\"0\" marginwidth=\"0\" marginheight=\"0\" scrolling=\"no\"><\/iframe><\/p>\n<p>09.09. 2025:<\/p>\n<blockquote class=\"wp-embedded-content\" data-secret=\"ZhOmChqm6X\"><p><a href=\"https:\/\/www.uutispeili.fi\/index.php\/2025\/09\/09\/israelin-hyokkays-hamas-virkamiehia-vastaan-qatarissa-ei-edista-yhdysvaltojen-tai-israelin-etuja\/\">&#8221;Israelin hy\u00f6kk\u00e4ys Hamas-virkamiehi\u00e4 vastaan \u200b\u200bQatarissa ei edist\u00e4 Yhdysvaltojen tai Israelin etuja&#8221;<\/a><\/p><\/blockquote>\n<p><iframe class=\"wp-embedded-content\" sandbox=\"allow-scripts\" security=\"restricted\" style=\"position: absolute; clip: rect(1px, 1px, 1px, 1px);\" title=\"&#8221;&#8221;Israelin hy\u00f6kk\u00e4ys Hamas-virkamiehi\u00e4 vastaan \u200b\u200bQatarissa ei edist\u00e4 Yhdysvaltojen tai Israelin etuja&#8221;&#8221; &#8212; \" src=\"https:\/\/www.uutispeili.fi\/index.php\/2025\/09\/09\/israelin-hyokkays-hamas-virkamiehia-vastaan-qatarissa-ei-edista-yhdysvaltojen-tai-israelin-etuja\/embed\/#?secret=nKNALsYk7F#?secret=ZhOmChqm6X\" data-secret=\"ZhOmChqm6X\" width=\"600\" height=\"338\" frameborder=\"0\" marginwidth=\"0\" marginheight=\"0\" scrolling=\"no\"><\/iframe><\/p>\n","protected":false},"excerpt":{"rendered":"<p>Juuri kun Israelin p\u00e4\u00e4ministeri Benjamin Netanyahu on joutunut kotimaisen arvostelun kohteeksi Gaza-aselevon viivytt\u00e4misest\u00e4, avuksi rient\u00e4\u00e4 -kuin aina-valmis partiopoika- Yhdysvaltain ulkoministeri Marco Rubio. Yhdysvaltain ulkoministeri Marco Rubio lupasi t\u00e4n\u00e4\u00e4n maanantaina Israelin p\u00e4\u00e4ministerille Benjamin Netanyahulle maansa &#8221;horjumattoman tuen&#8221; Gazan tavoitteiden saavuttamisessa ja vaati Hamasin h\u00e4vitt\u00e4mist\u00e4. Rubio sanoi maanantaina toimittajille: \u201dGazan kansa ansaitsee paremman tulevaisuuden, mutta tuo parempi [&hellip;]<\/p>\n","protected":false},"author":3,"featured_media":8277,"comment_status":"open","ping_status":"open","sticky":false,"template":"","format":"standard","meta":{"footnotes":""},"categories":[31,151,71,127],"tags":[],"_links":{"self":[{"href":"https:\/\/www.uutispeili.fi\/index.php\/wp-json\/wp\/v2\/posts\/8275"}],"collection":[{"href":"https:\/\/www.uutispeili.fi\/index.php\/wp-json\/wp\/v2\/posts"}],"about":[{"href":"https:\/\/www.uutispeili.fi\/index.php\/wp-json\/wp\/v2\/types\/post"}],"author":[{"embeddable":true,"href":"https:\/\/www.uutispeili.fi\/index.php\/wp-json\/wp\/v2\/users\/3"}],"replies":[{"embeddable":true,"href":"https:\/\/www.uutispeili.fi\/index.php\/wp-json\/wp\/v2\/comments?post=8275"}],"version-history":[{"count":3,"href":"https:\/\/www.uutispeili.fi\/index.php\/wp-json\/wp\/v2\/posts\/8275\/revisions"}],"predecessor-version":[{"id":8280,"href":"https:\/\/www.uutispeili.fi\/index.php\/wp-json\/wp\/v2\/posts\/8275\/revisions\/8280"}],"wp:featuredmedia":[{"embeddable":true,"href":"https:\/\/www.uutispeili.fi\/index.php\/wp-json\/wp\/v2\/media\/8277"}],"wp:attachment":[{"href":"https:\/\/www.uutispeili.fi\/index.php\/wp-json\/wp\/v2\/media?parent=8275"}],"wp:term":[{"taxonomy":"category","embeddable":true,"href":"https:\/\/www.uutispeili.fi\/index.php\/wp-json\/wp\/v2\/categories?post=8275"},{"taxonomy":"post_tag","embeddable":true,"href":"https:\/\/www.uutispeili.fi\/index.php\/wp-json\/wp\/v2\/tags?post=8275"}],"curies":[{"name":"wp","href":"https:\/\/api.w.org\/{rel}","templated":true}]}}