{"id":8261,"date":"2025-09-14T18:20:43","date_gmt":"2025-09-14T15:20:43","guid":{"rendered":"https:\/\/www.uutispeili.fi\/?p=8261"},"modified":"2025-09-14T21:37:34","modified_gmt":"2025-09-14T18:37:34","slug":"iranin-parlamentti-hyvaksyy-iranin-ja-iaean-karossa-tekeman-sopimuksen","status":"publish","type":"post","link":"https:\/\/www.uutispeili.fi\/index.php\/2025\/09\/14\/iranin-parlamentti-hyvaksyy-iranin-ja-iaean-karossa-tekeman-sopimuksen\/","title":{"rendered":"Iranin parlamentti hyv\u00e4ksyy Iranin ja IAEA:n Kairossa tekem\u00e4n sopimuksen"},"content":{"rendered":"<p><strong>Iran n\u00e4ytt\u00e4\u00e4 hyv\u00e4ksyv\u00e4n YK:n atomienergiaj\u00e4rjest\u00f6n IAEA:n ja Iranin Kairossa (09.09.) tekem\u00e4n sopimuksen, mutta varauksia n\u00e4ytt\u00e4\u00e4 olevan j\u00e4ljell\u00e4.<\/strong><\/p>\n<p>(Kuvassa Egyptin ja Iranin ministerit, ja IAEA;n johtaja, kuvan aineisto mm. Egyptin UM, -pommi aivan muualta.)<\/p>\n<p><strong>Iranin parlamentin<\/strong> <em>kansallisen turvallisuus- ja ulkopolitiikan komitean<\/em> puheenjohtaja <strong>Ebrahim Azizi<\/strong> sanoo, ett\u00e4 parlamentti tukee ja yll\u00e4pit\u00e4\u00e4 kaikkia yhteisty\u00f6sopimuksia <strong>Kansainv\u00e4lisen atomienergiaj\u00e4rjest\u00f6n<\/strong> (IAEA) kanssa, jos ne ovat lain mukaisia.<\/p>\n<p>Azizi esitti huomautuksensa lauantaina (13.09.) puhuessaan toimittajille ennen illaksi parlamentin h\u00e4t\u00e4kokousta. Parlamentin puhemiehen <strong>Mohammad-Baqer Qalibafi<\/strong>n kutsumaan istuntoon osallistui ulkoministeri <strong>Abbas Araghchi<\/strong>.<\/p>\n<p>IAEA tarkasti Iranin ydinlaitoksia s\u00e4\u00e4nn\u00f6llisesti vuoden 2015 sopimuksen, -&#8217;<em>Iranin ydinsopimuksen<\/em>&#8217; (<strong>JCPOA<\/strong>:n) solmimisesta alkaen, kunnes Yhdysvallat -silloisen presidentin <strong>Donald Trump<\/strong>in p\u00e4\u00e4t\u00f6ksell\u00e4- irtisanoi sopimuksen v.2018. IAEA;n ja iranin yhteisty\u00f6 keskeutui kokonaan viime kes\u00e4kuussa <strong>Yhdysvaltain<\/strong> ja <strong>Israelin<\/strong> sotilasoperaatioihin Iraniin.Nyt ollaan aloittamassa tarkastuksia uudelleen.<\/p>\n<blockquote><p>\u201dJos tehty sopimus on lain mukainen, parlamentti tukee ja yll\u00e4pit\u00e4\u00e4 sit\u00e4\u201d, Azizi sanoi viitaten Araghchin ja IAEA:n p\u00e4\u00e4johtajan <strong>Rafael Grossi<\/strong>n v\u00e4lill\u00e4 <strong>Egypti<\/strong>ss\u00e4 viime viikolla tehtyyn sopimukseen.<\/p><\/blockquote>\n<p>Iranin korkein turvallisuuselin, <strong>SNSC<\/strong>, ilmoitti t\u00e4n\u00e4\u00e4n hyv\u00e4ksyneens\u00e4 Kairossa allekirjoitetun sopimuksen.<\/p>\n<p>Iran j\u00e4tt\u00e4\u00e4 yh\u00e4 tiettyj\u00e4 varauksia: Sopimusta noudatetaan, jos Iraniin ei kohdisteta uusia pakotteita, tai sotilaallisia iskuja. Iranin kanssa neuvottelevat &#8217;<strong>E3<\/strong>&#8217;-maat, <strong>Iso-Britannia<\/strong>, <strong>Ranska<\/strong> ja <strong>Saksa<\/strong>, ovat v\u00e4l\u00e4ytt\u00e4neet mahdollisuutta k\u00e4ytt\u00e4\u00e4 JCPOA-sopimukseen perustuvaa menettely\u00e4 -ns. <strong><em>Snapback<\/em><\/strong>-j\u00e4rjestely\u00e4- Iraniin kohdistuvien YK:n pakotteiden aktivoimiseen:<\/p>\n<blockquote><p>&#8221;Iranin korkein turvallisuuselin korosti, ett\u00e4 Teheranin ja IAEA:n sopimien uusien j\u00e4rjestelyjen t\u00e4yt\u00e4nt\u00f6\u00f6npano keskeytet\u00e4\u00e4n, jos Irania ja sen ydinaseita vastaan \u200b\u200bryhdyt\u00e4\u00e4n vihamielisiin toimiin, mukaan lukien vuoden 2015 Iranin ydinsopimuksen (JCPOA) nojalla poistettujen YK:n pakotteiden palauttaminen.&#8221;<\/p><\/blockquote>\n<p>Iranin ulkoministeri Abbas Araghchi kertoi lauantaina (13.09.), ett\u00e4 uusi tapaaminen <strong>EU<\/strong>:n ulkopolitiikan johtajan <strong>Kaja Kallas<\/strong>in kanssa j\u00e4rjestet\u00e4\u00e4n. Kallas ja Araghchi tapasivat viimeksi 5. syyskuuta <strong>Qatar<\/strong>in p\u00e4\u00e4kaupungissa <strong>Doha<\/strong>ssa. Keskustelun aihe oli silloinkin Iranin ydin-hankkeet.<\/p>\n<p>\u201d<em>Todenn\u00e4k\u00f6isesti pidet\u00e4\u00e4n toinen tapaaminen EU:n ulkopolitiikan p\u00e4\u00e4llik\u00f6n kanssa, mutta se riippuu Euroopan p\u00e4\u00e4t\u00f6ksest\u00e4<\/em>\u201d,\u00a0 totesi Iranin ulkoministeri perjantaina (12.09.)<\/p>\n<p>Araghchi ja Kallas keskustelivat Dohassa Iranin ydinasekysymykseen liittyvist\u00e4 uusimmista tapahtumista sen j\u00e4lkeen, kun kolme Euroopan maata \u2013 nimitt\u00e4in Britannia, Ranska ja Saksa,\u00a0 -jotka ovat vuoden 2015 Iranin ydinsopimuksen (JCPOA:n) allekirjoittajia\u2013 p\u00e4\u00e4ttiv\u00e4t k\u00e4ynnist\u00e4\u00e4 &#8221;<em>snapback-mekanismin<\/em>&#8221;, joka palauttaisi voimaan sopimuksen nojalla kumotut <strong>YK:n turvallisuusneuvoston<\/strong> p\u00e4\u00e4t\u00f6slauselmat.<\/p>\n<p>Iranin ulkoministeri korosti kolmen Euroopan maan, jotka tunnetaan nimell\u00e4 E3, toiminnan laittomuutta.<\/p>\n<p>H\u00e4n muistutti EU:n ulkopolitiikan p\u00e4\u00e4llikk\u00f6\u00e4 h\u00e4nen t\u00e4rke\u00e4st\u00e4 roolistaan \u200b\u200bIranin ydinsopimuksen koordinaattorina ja korosti, ett\u00e4 EU:n odotetaan t\u00e4ytt\u00e4v\u00e4n velvollisuutensa torjumalla diplomatiaa heikent\u00e4vi\u00e4 toimia.<\/p>\n<p>Araghchi ja Kallas vaihtoivat my\u00f6s n\u00e4kemyksi\u00e4 Iranin meneill\u00e4\u00e4n olevasta yhteisty\u00f6st\u00e4 YK:n ydinaseiden valvontaelimen, Kansainv\u00e4lisen atomienergiaj\u00e4rjest\u00f6n (IAEA), kanssa, -viitaten Egyptin v\u00e4litt\u00e4miin Kairon neuvotteluihin, jotka johtivatkin sopimukseen. <img loading=\"lazy\" decoding=\"async\" class=\"alignnone size-full wp-image-144\" src=\"https:\/\/www.uutispeili.fi\/wp-content\/uploads\/2023\/11\/di.gold_.gif\" alt=\"\" width=\"11\" height=\"11\" \/><\/p>\n<p>Artikkeli tukeutuu Iranin ulkoministeri\u00f6n tiedotteisiin.<\/p>\n<p>Luettavaa:<\/p>\n<ul>\n<li><a href=\"https:\/\/en.irna.ir\/news\/85938010\/Parliament-will-support-IAEA-agreement-if-it-complies-with-law\" target=\"_blank\" rel=\"noopener\"><strong>IRNA<\/strong><\/a> 13.09. 2025,<\/li>\n<li><a href=\"https:\/\/en.irna.ir\/news\/85938722\/Iran-s-top-security-body-says-it-has-approved-cooperation-agreement\" target=\"_blank\" rel=\"noopener\"><strong>IRNA<\/strong><\/a> 14.09. 2025,<\/li>\n<li><a href=\"https:\/\/en.irna.ir\/news\/85937426\/Araghchi-says-another-meeting-with-EU-foreign-policy-chief-is\" target=\"_blank\" rel=\"noopener\"><strong>IRNA<\/strong><\/a> 13.09. 2025,<\/li>\n<\/ul>\n","protected":false},"excerpt":{"rendered":"<p>Iran n\u00e4ytt\u00e4\u00e4 hyv\u00e4ksyv\u00e4n YK:n atomienergiaj\u00e4rjest\u00f6n IAEA:n ja Iranin Kairossa (09.09.) tekem\u00e4n sopimuksen, mutta varauksia n\u00e4ytt\u00e4\u00e4 olevan j\u00e4ljell\u00e4. (Kuvassa Egyptin ja Iranin ministerit, ja IAEA;n johtaja, kuvan aineisto mm. Egyptin UM, -pommi aivan muualta.) Iranin parlamentin kansallisen turvallisuus- ja ulkopolitiikan komitean puheenjohtaja Ebrahim Azizi sanoo, ett\u00e4 parlamentti tukee ja yll\u00e4pit\u00e4\u00e4 kaikkia yhteisty\u00f6sopimuksia Kansainv\u00e4lisen atomienergiaj\u00e4rjest\u00f6n (IAEA) kanssa, [&hellip;]<\/p>\n","protected":false},"author":3,"featured_media":8262,"comment_status":"open","ping_status":"open","sticky":false,"template":"","format":"standard","meta":{"footnotes":""},"categories":[207,112,148],"tags":[],"_links":{"self":[{"href":"https:\/\/www.uutispeili.fi\/index.php\/wp-json\/wp\/v2\/posts\/8261"}],"collection":[{"href":"https:\/\/www.uutispeili.fi\/index.php\/wp-json\/wp\/v2\/posts"}],"about":[{"href":"https:\/\/www.uutispeili.fi\/index.php\/wp-json\/wp\/v2\/types\/post"}],"author":[{"embeddable":true,"href":"https:\/\/www.uutispeili.fi\/index.php\/wp-json\/wp\/v2\/users\/3"}],"replies":[{"embeddable":true,"href":"https:\/\/www.uutispeili.fi\/index.php\/wp-json\/wp\/v2\/comments?post=8261"}],"version-history":[{"count":3,"href":"https:\/\/www.uutispeili.fi\/index.php\/wp-json\/wp\/v2\/posts\/8261\/revisions"}],"predecessor-version":[{"id":8271,"href":"https:\/\/www.uutispeili.fi\/index.php\/wp-json\/wp\/v2\/posts\/8261\/revisions\/8271"}],"wp:featuredmedia":[{"embeddable":true,"href":"https:\/\/www.uutispeili.fi\/index.php\/wp-json\/wp\/v2\/media\/8262"}],"wp:attachment":[{"href":"https:\/\/www.uutispeili.fi\/index.php\/wp-json\/wp\/v2\/media?parent=8261"}],"wp:term":[{"taxonomy":"category","embeddable":true,"href":"https:\/\/www.uutispeili.fi\/index.php\/wp-json\/wp\/v2\/categories?post=8261"},{"taxonomy":"post_tag","embeddable":true,"href":"https:\/\/www.uutispeili.fi\/index.php\/wp-json\/wp\/v2\/tags?post=8261"}],"curies":[{"name":"wp","href":"https:\/\/api.w.org\/{rel}","templated":true}]}}