{"id":818,"date":"2024-01-04T17:16:20","date_gmt":"2024-01-04T17:16:20","guid":{"rendered":"https:\/\/www.uutispeili.fi\/?p=818"},"modified":"2024-01-04T17:16:48","modified_gmt":"2024-01-04T17:16:48","slug":"etsinnat-pallaksella-saatu-paatokseen","status":"publish","type":"post","link":"https:\/\/www.uutispeili.fi\/index.php\/2024\/01\/04\/etsinnat-pallaksella-saatu-paatokseen\/","title":{"rendered":"Etsinn\u00e4t Pallaksella saatu p\u00e4\u00e4t\u00f6kseen"},"content":{"rendered":"<p><strong>Suomalainen \u00e4iti ja lapsi j\u00e4iv\u00e4t lumivy\u00f6ryn alle tiistaina Pallaksella oltuaan hiihtovaelluksella Pallastunturin alueella. \u00c4iti l\u00f6ytyi vy\u00f6ryn alta kuolleena jo samana p\u00e4iv\u00e4n\u00e4, noin kello 22, ja lapsi t\u00e4n\u00e4\u00e4n torstaina noin kello 11.30.<\/strong><\/p>\n<p>Lumivy\u00f6ry tapahtui <strong>Muonioss<\/strong>a sijaitsevan Pallastunturin <strong>Pyh\u00e4kurussa<\/strong>. Lumivy\u00f6ryn alle j\u00e4\u00e4neet \u00e4iti ja lapsi olivat vy\u00f6ryn sattuessa palaamassa hiihtovaellukseltaan, ja hiiht\u00e4m\u00e4ss\u00e4 <strong>Pallastunturin hotellia<\/strong>. \u00c4iti ja lapsi olivat omatoimisella vaelluksella kahdestaan. He ovat kotoisin Lapin ulkopuoliselta paikkakunnalta.<\/p>\n<p>Alueella oli tapahtuma-aikaan yli -20 asteen pakkanen ja kova tuuli, joka heikensi n\u00e4kyvyytt\u00e4 yleisesti. \u00c4iti soitti s\u00e4\u00e4olosuhteista johtuneiden ongelmien vuoksi h\u00e4t\u00e4keskukseen tiistaina (2.1.) noin kello 14.<\/p>\n<p><strong>Pelastuslaitos<\/strong> vastaanotti teht\u00e4v\u00e4n henkil\u00f6iden pelastamisesta maastosta.\u00a0 \u00a0\u00c4idin puhelussa kertomalla reitill\u00e4 suoritettiin etsint\u00f6j\u00e4 moottorikelkoilla. Pelastuslaitos ei l\u00f6ytynyt hiiht\u00e4ji\u00e4. <strong>Poliisi<\/strong> liittyi teht\u00e4v\u00e4\u00e4n tiistaina kello 16. Poliisi k\u00e4ynnisti etsinn\u00e4t alueella yhdess\u00e4 Lapin <strong>pelastuslaitoksen<\/strong> ja <strong>Vapepan<\/strong> kanssa.<\/p>\n<p>Etsinn\u00f6iss\u00e4 havaittiin Pyh\u00e4kurussa tapahtuneen noin 400 metrin leve\u00e4n lumivy\u00f6ryn. \u00c4iti l\u00f6yt\u00e4\u00e4 kuolleena lumivy\u00f6ryn alta tiistai-iltana noin kello 22.<\/p>\n<p>Etsint\u00f6j\u00e4 jatkettiin keskiviikkona haastavissa olosuhteissa keskiviikkona (3.1.) ja torstaina (4.1.) Lapin poliisin, Lapin pelastuslaitoksen, <strong>Lapin rajavartioston<\/strong>, Vapepan, pelastuskoirien ja pelastushelikopterin voimin. Etsinn\u00e4t keskitettiin Pyh\u00e4kurun lumivy\u00f6ryalueelle.<\/p>\n<p>Olosuhteet etsinn\u00e4n tekemiseen olivat eritt\u00e4in haastavat lumivy\u00f6ryriskin, kovan tuulen ja pakkasen, lumivy\u00f6ryn valuma-alueen laajuuden, sek\u00e4 pakkautuneen lumen vuoksi. <em>Pelastuskoiria<\/em> voitiin k\u00e4ytt\u00e4\u00e4 etsinn\u00f6iss\u00e4 pakkasen vuoksi ajoittain vain hyvin lyhyit\u00e4 aikoja kerrallaan.<\/p>\n<p>Etsinn\u00e4t keskeytettiin tiistai- ja keskiviikkoy\u00f6n ajaksi.<\/p>\n<blockquote><p><em>\u2013 Etsij\u00e4t ty\u00f6skenteliv\u00e4t tunturissa vaikeissa kunnossa. Etsint\u00f6jen jatkaminen \u00f6isin olisi ollut vaarallista lumivy\u00f6ryriskin, kovan pakkasen ja tuulen sek\u00e4 p\u00f6lly\u00e4v\u00e4st\u00e4 lumesta johtuvan heikon n\u00e4kyvyyden vuoksi. Etsinn\u00f6iss\u00e4 toimittiin ty\u00f6turvallisuus edell\u00e4<\/em>, kertoo tutkinnanjohtaja, rikoskomisario <strong>Kirsi Huhtam\u00e4ki<\/strong> Lapin poliisista.<\/p><\/blockquote>\n<p>Lapsi l\u00f6ytyi kuolleena torstaina noin kello 11.30, \u00e4idin l\u00f6yt\u00f6paikan l\u00e4heisyydest\u00e4 Pyh\u00e4kurusta.<\/p>\n<p>Poliisi jatkuu tapauksen tutkintaa kuolemansyyn selvitt\u00e4misen\u00e4, jonka yksityiskohdat ovat salassa pidettyj\u00e4. Poliisi ei siten tarkenna kuolemiin muita muita yksityiskohtia. Poliisi suojele asian uhrien yksityisyytt\u00e4, eik\u00e4 jaa tarkemmin muita uhreihin liittyvi\u00e4 tietoja.<\/p>\n<blockquote><p><em>\u2013 Poliisin puolesta kiit\u00e4mme etsint\u00e4\u00e4n osallistuneita henkil\u00f6it\u00e4 ja yhteisty\u00f6tahoja. Ilman tulee, vapaaehtoisten ja lumivy\u00f6ryihin perehtyneiden asiantuntijoiden tiivist\u00e4 yhteisty\u00f6t\u00e4 etsinn\u00e4t n\u00e4in haastavissa olosuhteissa olisivat olleet mahdottomat<\/em>, Huhtam\u00e4ki sanoo.<\/p><\/blockquote>\n","protected":false},"excerpt":{"rendered":"<p>Suomalainen \u00e4iti ja lapsi j\u00e4iv\u00e4t lumivy\u00f6ryn alle tiistaina Pallaksella oltuaan hiihtovaelluksella Pallastunturin alueella. \u00c4iti l\u00f6ytyi vy\u00f6ryn alta kuolleena jo samana p\u00e4iv\u00e4n\u00e4, noin kello 22, ja lapsi t\u00e4n\u00e4\u00e4n torstaina noin kello 11.30. Lumivy\u00f6ry tapahtui Muoniossa sijaitsevan Pallastunturin Pyh\u00e4kurussa. Lumivy\u00f6ryn alle j\u00e4\u00e4neet \u00e4iti ja lapsi olivat vy\u00f6ryn sattuessa palaamassa hiihtovaellukseltaan, ja hiiht\u00e4m\u00e4ss\u00e4 Pallastunturin hotellia. \u00c4iti ja lapsi [&hellip;]<\/p>\n","protected":false},"author":1,"featured_media":819,"comment_status":"open","ping_status":"open","sticky":false,"template":"","format":"standard","meta":{"footnotes":""},"categories":[6],"tags":[],"_links":{"self":[{"href":"https:\/\/www.uutispeili.fi\/index.php\/wp-json\/wp\/v2\/posts\/818"}],"collection":[{"href":"https:\/\/www.uutispeili.fi\/index.php\/wp-json\/wp\/v2\/posts"}],"about":[{"href":"https:\/\/www.uutispeili.fi\/index.php\/wp-json\/wp\/v2\/types\/post"}],"author":[{"embeddable":true,"href":"https:\/\/www.uutispeili.fi\/index.php\/wp-json\/wp\/v2\/users\/1"}],"replies":[{"embeddable":true,"href":"https:\/\/www.uutispeili.fi\/index.php\/wp-json\/wp\/v2\/comments?post=818"}],"version-history":[{"count":1,"href":"https:\/\/www.uutispeili.fi\/index.php\/wp-json\/wp\/v2\/posts\/818\/revisions"}],"predecessor-version":[{"id":820,"href":"https:\/\/www.uutispeili.fi\/index.php\/wp-json\/wp\/v2\/posts\/818\/revisions\/820"}],"wp:featuredmedia":[{"embeddable":true,"href":"https:\/\/www.uutispeili.fi\/index.php\/wp-json\/wp\/v2\/media\/819"}],"wp:attachment":[{"href":"https:\/\/www.uutispeili.fi\/index.php\/wp-json\/wp\/v2\/media?parent=818"}],"wp:term":[{"taxonomy":"category","embeddable":true,"href":"https:\/\/www.uutispeili.fi\/index.php\/wp-json\/wp\/v2\/categories?post=818"},{"taxonomy":"post_tag","embeddable":true,"href":"https:\/\/www.uutispeili.fi\/index.php\/wp-json\/wp\/v2\/tags?post=818"}],"curies":[{"name":"wp","href":"https:\/\/api.w.org\/{rel}","templated":true}]}}