{"id":8173,"date":"2025-09-10T13:24:13","date_gmt":"2025-09-10T10:24:13","guid":{"rendered":"https:\/\/www.uutispeili.fi\/?p=8173"},"modified":"2025-09-10T13:24:14","modified_gmt":"2025-09-10T10:24:14","slug":"puola-jalleen-euroopan-etulinjassa","status":"publish","type":"post","link":"https:\/\/www.uutispeili.fi\/index.php\/2025\/09\/10\/puola-jalleen-euroopan-etulinjassa\/","title":{"rendered":"Puola j\u00e4lleen Euroopan etulinjassa"},"content":{"rendered":"<p><strong>Puola -kuten Suomikin- on historiassa k\u00e4rsinyt toistuvasti ns. <em>geopolitiikasta<\/em>, -kun kulloinenkin \u00f6ykk\u00e4m\u00f6ykk\u00e4-johtajapaviaani on halunnut polkea suunnitelmiensa tiell\u00e4 olevat -puolaiset tai suomalaiset- omien sotasuunnitelmiensa tielt\u00e4. Tarkastelemme.<\/strong><\/p>\n<p>T\u00e4n\u00e4\u00e4n aamulla <strong>Ven\u00e4j\u00e4<\/strong> l\u00e4hetti parisenkymment\u00e4 droonia <strong>Puola<\/strong>n alueelle, -eik\u00e4 tapaus ollut ensimm\u00e4inen laatuaan. Ven\u00e4j\u00e4n aggressio on laajalti ymm\u00e4rretty tahalliseksi provokaatioksi, jolla testataan Euroopan yhten\u00e4isyytt\u00e4.<\/p>\n<p><a href=\"https:\/\/x.com\/donaldtusk\/status\/1965663914139824231\"><img loading=\"lazy\" decoding=\"async\" class=\"aligncenter wp-image-8174 size-full\" src=\"https:\/\/www.uutispeili.fi\/wp-content\/uploads\/2025\/09\/tusk1009.png\" alt=\"\" width=\"487\" height=\"215\" srcset=\"https:\/\/www.uutispeili.fi\/wp-content\/uploads\/2025\/09\/tusk1009.png 487w, https:\/\/www.uutispeili.fi\/wp-content\/uploads\/2025\/09\/tusk1009-300x132.png 300w\" sizes=\"(max-width: 487px) 100vw, 487px\" \/><\/a><\/p>\n<p>Puolan presidentti <strong>Donald Tusk<\/strong> on aloittanut konsultaatiot puolustusliitto <strong>NATO<\/strong>:n kanssa, mutta vilkaisemme ensin historiaa.<\/p>\n<p>Ensimm\u00e4inen syyskuuta 1939 saksalaiset joukot tunkeutuivat Puolaan. -Ikonisessa valokuvassa sotilaat repiv\u00e4t pois Puolan rajapuomia. Eurooppa j\u00e4tti Puolan tuolloin yksin, kuten my\u00f6s <strong>Ven\u00e4j\u00e4<\/strong>. Entinen Ven\u00e4j\u00e4n sotilastiedustelun <strong>GRU<\/strong>:n upseeri <strong>Vladimir Rezun<\/strong> kirjoittaa -nimimerkill\u00e4 <em>Viktor Suvorov<\/em>&#8211; virastonsa historiikkia valmistellessaan l\u00f6yt\u00e4mist\u00e4\u00e4n tiedustelutiedoista: GRU oli kertonut Ven\u00e4j\u00e4n johdolle hankkimansa tiedon, jonka mukaan Saksan armeijalta puuttuu ampumatarvikkeita: Mm. er\u00e4it\u00e4 t\u00e4rkeit\u00e4 tykist\u00f6n ammuksia oli vain noin viikon tarpeisiin.<\/p>\n<p>Silloinen <strong>Neuvostoliitto<\/strong> ei k\u00e4ytt\u00e4nyt tietoa hyv\u00e4kseen, vaan sen sijaan liittyi Puolan ry\u00f6st\u00e4jiin. -Tulemalla Puolan avuksi puna-armeija olisi voinut k\u00e4\u00e4nt\u00e4\u00e4 sodan kulun, pelastaa Puolan, ja mahdollisesti est\u00e4\u00e4 sodan eskaloitumisen maailmansodaksi. (Onko t\u00e4ll\u00e4 jokin korrelaatio nykyisiin paikallissotiin?)<\/p>\n<blockquote><p>Neuvostojohto kuitenkin toivoi Puolan katoavan: Se oli heid\u00e4n omien hy\u00f6kk\u00e4yssuunnitelmiensa tiell\u00e4.<\/p><\/blockquote>\n<p>Neuvosto-Ven\u00e4j\u00e4 ei ollut ensimm\u00e4ist\u00e4 kertaa tunkemassa Puolaan: Vuonna 1920 hy\u00f6k\u00e4ttiin suurella voimalla, tavoitteena ensin <strong>Varsova<\/strong>, ja sitten Puolan l\u00e4nsiraja. Saksa oli sopivasti sekasotkun ja vallankumouksen vallassa, ja neuvostoarmeijan tavoite oli &#8217;<em>ly\u00f6d\u00e4 k\u00e4tt\u00e4 saksalaisten toverien kanssa<\/em>&#8217;.<\/p>\n<p>Sitten koko Eurooppa olisi <em>bolshevisoitu<\/em>, so. sinne olisi pystytetty ns. <em>sosialismi<\/em> (=byrokraattinen kapitalismi), ja kommunistinen hirmuvalta. Toista puna-armeijan hy\u00f6kk\u00e4yskiilaa johti er\u00e4s <strong>Tuhatshevski<\/strong>, toista er\u00e4s <strong>Stalin<\/strong>.<\/p>\n<p>Bolshevikkien hy\u00f6kk\u00e4ys torjuttiin <strong>Veiksel<\/strong>ill\u00e4, puolalaisten pit\u00e4ess\u00e4 linjansa suurin ihrauksin. Torjuntavoittoa pidettiin jo silloin ihmeen\u00e4. Sanonnat &#8217;<em>Veikselin ihme<\/em>&#8217; tai &#8217;<em>Varsovan ihme<\/em>&#8217; ovat vakiintuneet. Otsikkokuvassa ote ratkaisevasta rynn\u00e4k\u00f6st\u00e4, puolalaisesta elokuvasta vuodelta 2011.<\/p>\n<p>Torjuntavoitto Veikselill\u00e4 teki tyhj\u00e4ksi Leninin soturien yritykset tunkeutua l\u00e4nteen, -ja tuomitsi koko neuvostokommunismin j\u00e4\u00e4m\u00e4\u00e4n eristyksiin takapajuiselle Ven\u00e4j\u00e4lle. Bolshevistinen Ven\u00e4j\u00e4 oli tuomittu v\u00e4ist\u00e4m\u00e4tt\u00e4 h\u00e4vi\u00f6\u00f6n p\u00e4\u00e4ttyv\u00e4\u00e4n kilpailuun demokraattistesti hallinnoitujen markkinatalousmaiden kanssa:<\/p>\n<blockquote><p>Kommunismi saattoi tarjota vain niukkuutta ja vapauden puutetta, ja rinnastus &#8221;kapitalistisiin&#8221; maihin, joissa m\u00e4ss\u00e4ill\u00e4\u00e4n kulutustavaroilla ja mielipiteiden vapaus kukoistaa, oli kommunismille tuhoisa.<\/p><\/blockquote>\n<p>Lenin ja kumppanit h\u00e4visiv\u00e4t Veikselill\u00e4. Stalin yritti viel\u00e4 uudelleen 1940-luvulla, mutta p\u00e4\u00e4si vain &#8217;<strong>It\u00e4-Saksaan<\/strong>&#8217; asti.\u00a0 Neuvostokommunismi sinnitteli viel\u00e4 90-luvulle, romahtaen omaan mahdottomuuteensa.<\/p>\n<p>Ent\u00e4s sitten,\u00a0 jos Puola ei olisi kest\u00e4nyt v.1920? -Jos Veikselill\u00e4 ei olisi tapahtunut ihmett\u00e4? -Vastausta ei ole, mutta rinnastusta nykyhetkeen emme voi kiert\u00e4\u00e4.<\/p>\n<p>Pekka Kemppainen<\/p>\n<p><iframe loading=\"lazy\" title=\"1920 Schlacht bei Warschau | 1920 \u2013 Die letzte Schlacht (Polen 2011)\" src=\"https:\/\/www.youtube.com\/embed\/s5nC_viVpSY\" width=\"901\" height=\"258\" frameborder=\"0\" allowfullscreen=\"allowfullscreen\"><\/iframe><\/p>\n","protected":false},"excerpt":{"rendered":"<p>Puola -kuten Suomikin- on historiassa k\u00e4rsinyt toistuvasti ns. geopolitiikasta, -kun kulloinenkin \u00f6ykk\u00e4m\u00f6ykk\u00e4-johtajapaviaani on halunnut polkea suunnitelmiensa tiell\u00e4 olevat -puolaiset tai suomalaiset- omien sotasuunnitelmiensa tielt\u00e4. Tarkastelemme. T\u00e4n\u00e4\u00e4n aamulla Ven\u00e4j\u00e4 l\u00e4hetti parisenkymment\u00e4 droonia Puolan alueelle, -eik\u00e4 tapaus ollut ensimm\u00e4inen laatuaan. Ven\u00e4j\u00e4n aggressio on laajalti ymm\u00e4rretty tahalliseksi provokaatioksi, jolla testataan Euroopan yhten\u00e4isyytt\u00e4. Puolan presidentti Donald Tusk on aloittanut [&hellip;]<\/p>\n","protected":false},"author":3,"featured_media":8175,"comment_status":"open","ping_status":"open","sticky":false,"template":"","format":"standard","meta":{"footnotes":""},"categories":[21],"tags":[],"_links":{"self":[{"href":"https:\/\/www.uutispeili.fi\/index.php\/wp-json\/wp\/v2\/posts\/8173"}],"collection":[{"href":"https:\/\/www.uutispeili.fi\/index.php\/wp-json\/wp\/v2\/posts"}],"about":[{"href":"https:\/\/www.uutispeili.fi\/index.php\/wp-json\/wp\/v2\/types\/post"}],"author":[{"embeddable":true,"href":"https:\/\/www.uutispeili.fi\/index.php\/wp-json\/wp\/v2\/users\/3"}],"replies":[{"embeddable":true,"href":"https:\/\/www.uutispeili.fi\/index.php\/wp-json\/wp\/v2\/comments?post=8173"}],"version-history":[{"count":2,"href":"https:\/\/www.uutispeili.fi\/index.php\/wp-json\/wp\/v2\/posts\/8173\/revisions"}],"predecessor-version":[{"id":8178,"href":"https:\/\/www.uutispeili.fi\/index.php\/wp-json\/wp\/v2\/posts\/8173\/revisions\/8178"}],"wp:featuredmedia":[{"embeddable":true,"href":"https:\/\/www.uutispeili.fi\/index.php\/wp-json\/wp\/v2\/media\/8175"}],"wp:attachment":[{"href":"https:\/\/www.uutispeili.fi\/index.php\/wp-json\/wp\/v2\/media?parent=8173"}],"wp:term":[{"taxonomy":"category","embeddable":true,"href":"https:\/\/www.uutispeili.fi\/index.php\/wp-json\/wp\/v2\/categories?post=8173"},{"taxonomy":"post_tag","embeddable":true,"href":"https:\/\/www.uutispeili.fi\/index.php\/wp-json\/wp\/v2\/tags?post=8173"}],"curies":[{"name":"wp","href":"https:\/\/api.w.org\/{rel}","templated":true}]}}