{"id":8124,"date":"2025-09-08T18:54:25","date_gmt":"2025-09-08T15:54:25","guid":{"rendered":"https:\/\/www.uutispeili.fi\/?p=8124"},"modified":"2025-09-08T18:54:25","modified_gmt":"2025-09-08T15:54:25","slug":"teheran-tyytyvainen-ulkoministerin-tapaamiseen-eun-edustajan-kanssa-torstaina","status":"publish","type":"post","link":"https:\/\/www.uutispeili.fi\/index.php\/2025\/09\/08\/teheran-tyytyvainen-ulkoministerin-tapaamiseen-eun-edustajan-kanssa-torstaina\/","title":{"rendered":"Teheran tyytyv\u00e4inen ulkoministerin tapaamiseen EU:n edustajan kanssa torstaina"},"content":{"rendered":"<p><strong>Diplomatia Iranin ja toisaalta E-3 -maiden ja EU:n v\u00e4lill\u00e4 Iranin ydinhankkeisiin liittyvien asioiden ratkaisemiseksi neuvottelup\u00f6yd\u00e4ss\u00e4 jatkuu aktiivisena.<\/strong><\/p>\n<p><strong>Euroopan unioni<\/strong>n ulkopolitiikan p\u00e4\u00e4llikk\u00f6 <strong>Kaja Kallas<\/strong> tapasi torstaina (04.09.) <strong>Iran<\/strong>in ulkoministeri <strong>Abbas<\/strong> <strong>Araghchi<\/strong>n\u00a0 <strong>Qatar<\/strong>in emiirikunnan p\u00e4\u00e4kaupungissa <strong>Doha<\/strong>ssa. Keskustelujen aihe oli Iranin <strong><em>ydinohjelma<\/em><\/strong> ja Irania uhkaavat pakotteet.<\/p>\n<p>Iranin ulkoministeri\u00f6n tiedottaja <strong>Esmaeil Baghaei<\/strong> kuvaili t\u00e4n\u00e4\u00e4n ulkoministeri Araghchin tapaamista<strong>\u00a0<\/strong>Kallasin kanssa hy\u00f6dylliseksi.<\/p>\n<p>Torstain tapaaminen pidettiin vain p\u00e4ivi\u00e4 sen j\u00e4lkeen, kun eurooppalaiset suurvallat &#8211;<strong>E3<\/strong>&#8211; antoivat Iranille kuukauden m\u00e4\u00e4r\u00e4ajan aloittaa neuvottelut ydinase-kysymyksest\u00e4, \u200b\u200btai vuoden 2015 ydinsopimukseen -&#8221;<em>Iranin ydinsopimuksen<\/em>&#8221; (<em>Iran nuclear deal<\/em> \/ <strong>JCPOA<\/strong>)- mukaiset pakotteet palautetaan.<\/p>\n<blockquote><p>\u201dKaja Kallas tapasi Iranin ulkoministeri Abbas Araghchin Dohassa keskustellakseen pyrkimyksist\u00e4 <strong>neuvotteluratkaisun<\/strong> saavuttamiseksi Iranin ydinasekysymykseen\u201d, anonyymi EU-virkamies kuvaili tapaamisen aiheita, kertoo IRNA.<\/p><\/blockquote>\n<p>Keskustelujen keskeisi\u00e4 asioita oli (YK:n) <strong>Kansainv\u00e4lisen atomienergiaj\u00e4rjest\u00f6n<\/strong> (IAEA) tarkastajien p\u00e4\u00e4sy Iranin ydinlaitoksiin, ja Iranin korkeaan pitoisuuteen rikastetun uraanin varastojen tulevaisuus.<\/p>\n<p>E3-ryhm\u00e4\u00e4n kuuluvat <strong>Iso-Britannia<\/strong>, <strong>Ranska<\/strong> ja <strong>Saksa<\/strong> ovat ilmaisseet halukkuutensa keskeytt\u00e4\u00e4 uudet pakotteet, jos Iran puuttuu ydinohjelmaansa liittyviin huolenaiheisiin.<\/p>\n<blockquote><p>\u201dN\u00e4emme velvollisuudeksemme hy\u00f6dynt\u00e4\u00e4 jokaista tilaisuutta edist\u00e4\u00e4 maan etuja, ilmaista vaatimuksemme ja varoittaa seurauksista, joita koituu, jos kolme Euroopan maata k\u00e4ytt\u00e4\u00e4 v\u00e4\u00e4rin YK:n turvallisuusneuvoston p\u00e4\u00e4t\u00f6slauselmien palauttamiseen tarkoitettua <strong>Snapback<\/strong>-mekanismia\u201d, Iranin ulkoministeri\u00f6n tiedottaja Baghaei sanoi maanantaina (08.09.) pit\u00e4m\u00e4ss\u00e4\u00e4n lehdist\u00f6tilaisuudessa.<\/p><\/blockquote>\n<p>Kommentoidessaan Iranin kantaa <strong>Kansainv\u00e4lisen atomienergiaj\u00e4rjest\u00f6n<\/strong> (IAEA) raporttiin Baghaei sanoi, ett\u00e4 Iran on tarkastellut raporttia ja v\u00e4litt\u00e4\u00e4 kantansa IAEA:n hallintoneuvostolle ja j\u00e4senvaltioille muistiossa.<\/p>\n<h2>Iranin UM:n edustaja syytti Yhdysvaltoja aggressiivisista aikeista<\/h2>\n<p>Baghaei syytti <strong>Yhdysvaltoja<\/strong> YK:n peruskirjan vastaisista toimista, ja kehotti kansainv\u00e4list\u00e4 yhteis\u00f6\u00e4 olemaan varuillaan siit\u00e4, ett\u00e4 Yhdysvaltain hallinto ei ilmeisesti usko YK:n peruskirjan tai oikeusvaltioperiaatteen periaatteisiin ja tavoitteisiin, ja aikoo noudattaa aggressiivisempaa l\u00e4hestymistapaa eri maita kohtaan.<\/p>\n<p><strong>Britannia<\/strong>n Irania vastaan \u200b\u200besitt\u00e4mist\u00e4 syyt\u00f6ksist\u00e4 Baghaei sanoi, ett\u00e4 n\u00e4m\u00e4 syyt\u00f6kset eiv\u00e4t ole uusia; Britannian hallitus on aiemmin esitt\u00e4nyt vastaavia v\u00e4itteit\u00e4, joihin vastasimme lausunnossa.<\/p>\n<h2>Tapaamiselle IAEA:n kanssa ei p\u00e4iv\u00e4m\u00e4\u00e4r\u00e4\u00e4<\/h2>\n<p>Seuraavan IAEA:n kanssa k\u00e4yt\u00e4vien neuvottelujen ajankohtaa ei ole viel\u00e4 vahvistettu, kertoi tiedottaja. Kolmas neuvottelukierros p\u00e4\u00e4ttyi lauantaina (07.09.).<\/p>\n<blockquote><p>Kallasin kommentit heijastelevat l\u00e4nsimaiden n\u00e4kemyst\u00e4 &#8221;<em>kilpailijoiden pit\u00e4misest\u00e4 vihollisina<\/em>&#8221;, sanoi tiedottaja.<\/p><\/blockquote>\n<p>Vastauksena kysymykseen <strong>Euroopan unionin<\/strong> ulkopolitiikan p\u00e4\u00e4llik\u00f6n Kaja Kallasin huomautuksille, ett\u00e4 <strong>Kiinan<\/strong>, <strong>Ven\u00e4j\u00e4n<\/strong> ja <strong>Iranin<\/strong> liittoutuminen uhkaa <em>s\u00e4\u00e4nt\u00f6ihin perustuvaa kansainv\u00e4list\u00e4 j\u00e4rjestyst\u00e4<\/em>, Baghaei sanoi, ett\u00e4 Kallasin esiin nostamaa n\u00e4k\u00f6kulmaa tulisi &#8217;<em>tarkastella l\u00e4nsimaiden l\u00e4hestymistavan valossa, jossa kaikkia kilpailijoita pidet\u00e4\u00e4n vihollisina<\/em>&#8217;.<\/p>\n<h2>Presidentti Pezeshkian osallistuu YK:n yleiskokoukseen<\/h2>\n<p>Yhdysvaltojen asettamien Iranin osallistumista <strong>YK:n yleiskokouksen<\/strong> kokouksiin koskevien rajoitusten osalta Baghaei sanoi, ett\u00e4 t\u00e4m\u00e4 on selv\u00e4 kansainv\u00e4lisen lain, erityisesti (YK:n) <strong>p\u00e4\u00e4majasopimuksen<\/strong>, rikkomus. Sopimus selke\u00e4sti m\u00e4\u00e4ritt\u00e4\u00e4 is\u00e4nt\u00e4maan velvoitteet.<\/p>\n<p>Presidentti Pezeshkianin on m\u00e4\u00e4r\u00e4 osallistua t\u00e4h\u00e4n istuntoon, joka osuu samaan aikaan Yhdistyneiden Kansakuntien perustamisen 80-vuotisjuhlan kanssa, totesi tiedottaja<\/p>\n<blockquote><p>Yhdysvallat uhkaa lopettaa kaikki IAEA:n rahoituksensa, jos Iranin p\u00e4\u00e4t\u00f6slauselma hyv\u00e4ksyt\u00e4\u00e4n.<\/p><\/blockquote>\n<p>Kommentoidessaan Iranin p\u00e4\u00e4t\u00f6st\u00e4 j\u00e4tt\u00e4\u00e4 p\u00e4\u00e4t\u00f6slauselmaluonnos <strong>IAEA:n yleiskonferenssille<\/strong> Baghaei sanoi, ett\u00e4 Iranin ehdottama p\u00e4\u00e4t\u00f6slauselma toistaa periaatteen, joka on ollut pitk\u00e4\u00e4n olemassa kansainv\u00e4lisess\u00e4 oikeudessa ja IAEA:n s\u00e4\u00e4nt\u00f6jen mukaisesti.<\/p>\n<blockquote><p>Kansainv\u00e4lisen lain ja IAEA:n p\u00e4\u00e4t\u00f6slauselmien nojalla kaikki hy\u00f6kk\u00e4ykset tai hy\u00f6kk\u00e4yksell\u00e4 uhkaamiset maan rauhanomaisia \u200b\u200bydinlaitoksia vastaan \u200b\u200bovat kiellettyj\u00e4, Baghaei lis\u00e4si, -viitaten Yhdysvaltain ja Israelin iskuihin Iraniin.<\/p><\/blockquote>\n<p>N\u00e4in ollen p\u00e4\u00e4t\u00f6slauselmaluonnos, jonka Iran aikoo esitell\u00e4 IAEA:n yleiskonferenssissa, joka on m\u00e4\u00e4r\u00e4 pit\u00e4\u00e4 <strong>Wien<\/strong>iss\u00e4 syyskuun lopulla, korostaa kaikenlaisten hy\u00f6kk\u00e4ysten tai uhkausten kieltoa maiden rauhanomaisia \u200b\u200bydinlaitoksia vastaan, iranilainen diplomaatti sanoi.<\/p>\n<h2>&#8221;Iranin p\u00e4\u00e4t\u00f6s vet\u00e4yty\u00e4 ydinsulkusopimuksesta tehtiin korkeimmalla tasolla<\/h2>\n<p>Vastauksena kysymykseen <strong>Israel<\/strong>in hallinnon joukkotuhoaseista, ja sen osallistumattomuudesta kansainv\u00e4lisiin <strong><em>aseidenriisuntasopimuksiin<\/em><\/strong>,\u00a0 Baghaei sanoi Israelin hallinnon olevan ilmeisesti ainoa este <em>L\u00e4nsi-Aasian joukkotuhoaseista vapaan alueen<\/em> toteutumiselle.&#8221;<\/p>\n<p>Israel on alueen ainoa toimija, joka ei ole liittynyt ydinsulkusopimukseen, ja ainoa hallinto, joka ajaa joukkotuhoaseiden hallussapitoa, Baghaei korosti.<\/p>\n<blockquote><p>\u201dKaikkien alueen maiden vaatimus kaikissa aseidenriisuntaan ja asevalvontaan liittyviss\u00e4 konferensseissa on pakottaa Israelin hallinto hyv\u00e4ksym\u00e4\u00e4n kansainv\u00e4liset asiakirjat ja pit\u00e4m\u00e4\u00e4n se vastuullisena joukkotuhoaseistaan\u201d, Baghaei toisti.<\/p><\/blockquote>\n<p><strong>Iranin parlamentissa<\/strong> on k\u00e4sittelyss\u00e4 ehdotus vet\u00e4ytymisest\u00e4 <strong>ydinsulkusopimuksesta<\/strong> (NPT)<\/p>\n<h2>Palestiinalaisviranomaisten viisumien ep\u00e4\u00e4minen YK-kokoukseen<\/h2>\n<p>Vastauksena kysymykseen Yhdysvaltojen toimista, joilla se ev\u00e4si viisumit <strong>Palestiinan itsehallinnon<\/strong> (PA) virkamiehilt\u00e4, \u200b\u200bBaghaei sanoi, ett\u00e4 Yhdysvaltojen teko on ristiriidassa sen (YK-)p\u00e4\u00e4majasopimuksen mukaisten velvoitteiden kanssa.<\/p>\n<p>Samankaltainen tapaus sattui vuonna 1988, kun <strong>Palestiinan vapautusj\u00e4rjest\u00f6\u00e4<\/strong> (PLO) estettiin osallistumasta YK:n kokouksiin, ja j\u00e4senmaat p\u00e4\u00e4ttiv\u00e4t pit\u00e4\u00e4 istunnon toisessa paikassa.<\/p>\n<p>Tiedottaja vastaili viel\u00e4 mm. Palestiinaa ja <strong>Venezuelaa<\/strong> koskeviin kysymyksiin (linkki).<\/p>\n<h2>IAEA:n johtaja muistuttaa Irania ajan kulumisesta<\/h2>\n<blockquote><p>Kansainv\u00e4lisell\u00e4 atomienergiaj\u00e4rjest\u00f6ll\u00e4 (IAEA) ei ole ollut p\u00e4\u00e4sy\u00e4 Iranin t\u00e4rkeimpiin ydinlaitoksiin sen j\u00e4lkeen, kun Yhdysvallat ja Israel pommittivat niit\u00e4 kes\u00e4kuussa.<\/p><\/blockquote>\n<p>Iran keskeytti iskujen j\u00e4lkeen yhteisty\u00f6n IAEA:n kanssa: Iranin parlamentin s\u00e4\u00e4t\u00e4m\u00e4 laki edellytt\u00e4\u00e4 kaikilta tarkastuksilta Iranin <em>kansallisen turvallisuusneuvoston<\/em> hyv\u00e4ksynt\u00e4\u00e4, ja k\u00e4sittelyss\u00e4 on laki Iranin vet\u00e4ytymisest\u00e4 <strong>ydinsulkusopimuksesta<\/strong>. Uskonnolliskonservatiiveilla on Iranin parlamentissa enemm\u00e4n vaikutusta, kuin esm. Iranin hallituksessa.<\/p>\n<p>IAEA:n johtaja <strong>Rafael Grossi<\/strong> muistuttaa, ett\u00e4 Iranin ydinlaitosten tarkastukset sis\u00e4ltyv\u00e4t -Trumpin v.2018 irtisanoman JCPOA:n lis\u00e4ksi- my\u00f6s ydinsulkusopimukseen. Sopimuksen osapuolena Iran on velvollinen sallimaan ydinlaitostensa kansainv\u00e4liset tarkastukset. IAEA ja Iran k\u00e4yv\u00e4t parhaillaan neuvotteluja tarkastusten t\u00e4yden palauttamisesta.<\/p>\n<blockquote><p>&#8221;Aikaa (neuvotteluille) on viel\u00e4, mutta ei paljon&#8221;, Grossi sanoi lausunnossaan IAEA:n 35-kansallisen hallintoneuvoston nelj\u00e4nnesvuosikokouksessa.<\/p>\n<p>\u201dEdistyst\u00e4 on tapahtunut. Toivon vilpitt\u00f6m\u00e4sti, ett\u00e4 seuraavien p\u00e4ivien aikana on mahdollista saada n\u00e4m\u00e4 keskustelut onnistuneeseen p\u00e4\u00e4t\u00f6kseen, jotta voimme helpottaa korvaamattoman yhteisty\u00f6mme jatkamista t\u00e4ysim\u00e4\u00e4r\u00e4isesti Iranin kanssa\u201d, Grossi lis\u00e4si.<\/p><\/blockquote>\n<p>Samaan aikaan, kun Iran-IAEA -skisma on kesken, E-3 maat aloittivat 28. elokuuta <em><strong>30 p\u00e4iv\u00e4n prosessin<\/strong><\/em> <strong><em>Iranin vastaisten pakotteiden<\/em><\/strong> uudelleenasettamiseksi nopeutetussa j\u00e4rjestyksess\u00e4, niin sanotun \u201d<em>snapback<\/em>-prosessin\u201d mukaisesti.<\/p>\n<p>E-3:n vaatimus on, ett\u00e4 IAEA:n tarkastukset aloitetaan Iranissa t\u00e4ysim\u00e4\u00e4r\u00e4isesti uudelleen, ja Iran jatkaa ydinneuvotteluja Yhdysvaltojen kanssa.<\/p>\n<blockquote><p>\u201dOlen luottavainen, ett\u00e4 n\u00e4iden k\u00e4yt\u00e4nn\u00f6n toimien (tarkastusten) my\u00f6t\u00e4 muut t\u00e4rke\u00e4t diplomaattiset neuvottelut ja prosessit l\u00f6yt\u00e4v\u00e4t lupaavamman pohjan edet\u00e4 kohti my\u00f6nteisi\u00e4 tuloksia\u201d, Grossi sanoi viitaten ilmeisesti Iran-IAEA -kontaktia laajempaan diplomatiaan, kuten Iranin ja E3:n keskusteluihin. <img loading=\"lazy\" decoding=\"async\" class=\"alignnone size-full wp-image-144\" src=\"https:\/\/www.uutispeili.fi\/wp-content\/uploads\/2023\/11\/di.gold_.gif\" alt=\"\" width=\"11\" height=\"11\" \/><\/p><\/blockquote>\n<p>Luettavaa:<\/p>\n<ul>\n<li><a href=\"https:\/\/en.irna.ir\/news\/85934048\/Foreign-Ministry-spokesperson-terms-Araghchi-s-meeting-with-EU\" target=\"_blank\" rel=\"noopener\"><strong>IRNA<\/strong><\/a> 08.09. 2025,<\/li>\n<li><a href=\"https:\/\/www.brusselstimes.com\/1732870\/eu-diplomatic-chief-meets-iranian-foreign-minister-over-nuclear-programme\" target=\"_blank\" rel=\"noopener\"><strong>Brussels Times<\/strong><\/a> 05.09. 2025,<\/li>\n<li><a href=\"https:\/\/english.alarabiya.net\/News\/middle-east\/2025\/09\/08\/grossi-says-progress-made-with-iran-over-resumption-of-inspections\" target=\"_blank\" rel=\"noopener\"><strong>al-Arabiya<\/strong><\/a> 08.09. 2025,<\/li>\n<\/ul>\n<p>28.08. 2025:<\/p>\n<blockquote class=\"wp-embedded-content\" data-secret=\"Vf8nt2JOzt\"><p><a href=\"https:\/\/www.uutispeili.fi\/index.php\/2025\/08\/28\/e3-maat-aikovat-kaynnistaa-pakotteet-irania-vastaan\/\">E3-maat aikovat k\u00e4ynnist\u00e4\u00e4 pakotteet Irania vastaan<\/a><\/p><\/blockquote>\n<p><iframe class=\"wp-embedded-content\" sandbox=\"allow-scripts\" security=\"restricted\" style=\"position: absolute; clip: rect(1px, 1px, 1px, 1px);\" title=\"&#8221;E3-maat aikovat k\u00e4ynnist\u00e4\u00e4 pakotteet Irania vastaan&#8221; &#8212; \" src=\"https:\/\/www.uutispeili.fi\/index.php\/2025\/08\/28\/e3-maat-aikovat-kaynnistaa-pakotteet-irania-vastaan\/embed\/#?secret=c0PbglkakQ#?secret=Vf8nt2JOzt\" data-secret=\"Vf8nt2JOzt\" width=\"600\" height=\"338\" frameborder=\"0\" marginwidth=\"0\" marginheight=\"0\" scrolling=\"no\"><\/iframe><\/p>\n<p>27.08. 2025:<\/p>\n<blockquote class=\"wp-embedded-content\" data-secret=\"AqCUuQnHoE\"><p><a href=\"https:\/\/www.uutispeili.fi\/index.php\/2025\/08\/27\/iran-kehottaa-e3-ryhmaa-ja-ykn-turvallisuusneuvostoa-antamaan-diplomatialle-aikaa-ja-tilaa\/\">&#8217;Iran kehottaa E3-ryhm\u00e4\u00e4 ja YK:n turvallisuusneuvostoa antamaan diplomatialle aikaa ja tilaa&#8217;<\/a><\/p><\/blockquote>\n<p><iframe class=\"wp-embedded-content\" sandbox=\"allow-scripts\" security=\"restricted\" style=\"position: absolute; clip: rect(1px, 1px, 1px, 1px);\" title=\"&#8221;&#8217;Iran kehottaa E3-ryhm\u00e4\u00e4 ja YK:n turvallisuusneuvostoa antamaan diplomatialle aikaa ja tilaa&#8217;&#8221; &#8212; \" src=\"https:\/\/www.uutispeili.fi\/index.php\/2025\/08\/27\/iran-kehottaa-e3-ryhmaa-ja-ykn-turvallisuusneuvostoa-antamaan-diplomatialle-aikaa-ja-tilaa\/embed\/#?secret=CZiOvj8knZ#?secret=AqCUuQnHoE\" data-secret=\"AqCUuQnHoE\" width=\"600\" height=\"338\" frameborder=\"0\" marginwidth=\"0\" marginheight=\"0\" scrolling=\"no\"><\/iframe><\/p>\n<p>13.06. 2025:<\/p>\n<blockquote class=\"wp-embedded-content\" data-secret=\"BOQ0kKJXCh\"><p><a href=\"https:\/\/www.uutispeili.fi\/index.php\/2025\/06\/13\/onneksi-edes-valtonen-on-kartalla\/\">Onneksi edes Valtonen on kartalla<\/a><\/p><\/blockquote>\n<p><iframe class=\"wp-embedded-content\" sandbox=\"allow-scripts\" security=\"restricted\" style=\"position: absolute; clip: rect(1px, 1px, 1px, 1px);\" title=\"&#8221;Onneksi edes Valtonen on kartalla&#8221; &#8212; \" src=\"https:\/\/www.uutispeili.fi\/index.php\/2025\/06\/13\/onneksi-edes-valtonen-on-kartalla\/embed\/#?secret=5158lYD6bQ#?secret=BOQ0kKJXCh\" data-secret=\"BOQ0kKJXCh\" width=\"600\" height=\"338\" frameborder=\"0\" marginwidth=\"0\" marginheight=\"0\" scrolling=\"no\"><\/iframe><\/p>\n<p>22.08. 2025:<\/p>\n<blockquote class=\"wp-embedded-content\" data-secret=\"bpaI9bdRQr\"><p><a href=\"https:\/\/www.uutispeili.fi\/index.php\/2025\/08\/22\/iranin-ja-e-3-maiden-ulkoministerit-keskustelevat-perjantaina-pakotteiden-poistamisesta\/\">Iranin ja E-3 -maiden ulkoministerit keskustelevat perjantaina pakotteiden poistamisesta<\/a><\/p><\/blockquote>\n<p><iframe class=\"wp-embedded-content\" sandbox=\"allow-scripts\" security=\"restricted\" style=\"position: absolute; clip: rect(1px, 1px, 1px, 1px);\" title=\"&#8221;Iranin ja E-3 -maiden ulkoministerit keskustelevat perjantaina pakotteiden poistamisesta&#8221; &#8212; \" src=\"https:\/\/www.uutispeili.fi\/index.php\/2025\/08\/22\/iranin-ja-e-3-maiden-ulkoministerit-keskustelevat-perjantaina-pakotteiden-poistamisesta\/embed\/#?secret=BfbFZg2OGz#?secret=bpaI9bdRQr\" data-secret=\"bpaI9bdRQr\" width=\"600\" height=\"338\" frameborder=\"0\" marginwidth=\"0\" marginheight=\"0\" scrolling=\"no\"><\/iframe><\/p>\n<p>22.07. 2025:<\/p>\n<blockquote class=\"wp-embedded-content\" data-secret=\"HayB0YpNOs\"><p><a href=\"https:\/\/www.uutispeili.fi\/index.php\/2025\/07\/24\/iran-pitaa-kiinni-ydinsulkusopimuksen-mukaisista-eduistaan-neuvottelujen-jatkamisen-ehtona\/\">Iran pit\u00e4\u00e4 kiinni ydinsulkusopimuksen mukaisista eduistaan neuvottelujen jatkamisen ehtona<\/a><\/p><\/blockquote>\n<p><iframe class=\"wp-embedded-content\" sandbox=\"allow-scripts\" security=\"restricted\" style=\"position: absolute; clip: rect(1px, 1px, 1px, 1px);\" title=\"&#8221;Iran pit\u00e4\u00e4 kiinni ydinsulkusopimuksen mukaisista eduistaan neuvottelujen jatkamisen ehtona&#8221; &#8212; \" src=\"https:\/\/www.uutispeili.fi\/index.php\/2025\/07\/24\/iran-pitaa-kiinni-ydinsulkusopimuksen-mukaisista-eduistaan-neuvottelujen-jatkamisen-ehtona\/embed\/#?secret=fVAGYWOCG0#?secret=HayB0YpNOs\" data-secret=\"HayB0YpNOs\" width=\"600\" height=\"338\" frameborder=\"0\" marginwidth=\"0\" marginheight=\"0\" scrolling=\"no\"><\/iframe><\/p>\n<p>21.06. 2025:<\/p>\n<blockquote class=\"wp-embedded-content\" data-secret=\"vOrY2nAojm\"><p><a href=\"https:\/\/www.uutispeili.fi\/index.php\/2025\/06\/21\/ranskan-ja-iranin-presidentit-keskustelivat-lauantaina\/\">Ranskan ja Iranin presidentit keskustelivat lauantaina<\/a><\/p><\/blockquote>\n<p><iframe class=\"wp-embedded-content\" sandbox=\"allow-scripts\" security=\"restricted\" style=\"position: absolute; clip: rect(1px, 1px, 1px, 1px);\" title=\"&#8221;Ranskan ja Iranin presidentit keskustelivat lauantaina&#8221; &#8212; \" src=\"https:\/\/www.uutispeili.fi\/index.php\/2025\/06\/21\/ranskan-ja-iranin-presidentit-keskustelivat-lauantaina\/embed\/#?secret=BczPHKXL5c#?secret=vOrY2nAojm\" data-secret=\"vOrY2nAojm\" width=\"600\" height=\"338\" frameborder=\"0\" marginwidth=\"0\" marginheight=\"0\" scrolling=\"no\"><\/iframe><\/p>\n<p>20.06. 2025:<\/p>\n<blockquote class=\"wp-embedded-content\" data-secret=\"nNnW20xNTF\"><p><a href=\"https:\/\/www.uutispeili.fi\/index.php\/2025\/06\/20\/e3-ryhman-ulkoministerit-tapasivat-tanaan-iranin-umn-genevessa\/\">&#8217;E3&#8217;-ryhm\u00e4n ulkoministerit tapasivat t\u00e4n\u00e4\u00e4n Iranin UM:n Genevess\u00e4<\/a><\/p><\/blockquote>\n<p><iframe class=\"wp-embedded-content\" sandbox=\"allow-scripts\" security=\"restricted\" style=\"position: absolute; clip: rect(1px, 1px, 1px, 1px);\" title=\"&#8221;&#8217;E3&#8217;-ryhm\u00e4n ulkoministerit tapasivat t\u00e4n\u00e4\u00e4n Iranin UM:n Genevess\u00e4&#8221; &#8212; \" src=\"https:\/\/www.uutispeili.fi\/index.php\/2025\/06\/20\/e3-ryhman-ulkoministerit-tapasivat-tanaan-iranin-umn-genevessa\/embed\/#?secret=SFZl9bknYF#?secret=nNnW20xNTF\" data-secret=\"nNnW20xNTF\" width=\"600\" height=\"338\" frameborder=\"0\" marginwidth=\"0\" marginheight=\"0\" scrolling=\"no\"><\/iframe><\/p>\n<p>19.06. 2025:<\/p>\n<blockquote class=\"wp-embedded-content\" data-secret=\"qpeCue7qsV\"><p><a href=\"https:\/\/www.uutispeili.fi\/index.php\/2025\/06\/19\/eurooppalainen-ratkaisu-israel-iran-eskalaatioon-voisi-ohittaa-ovaalin-ja-jerusalemin-suoria-keskusteluja-iran-usa-kayty-viikolla\/\">Eurooppalainen ratkaisu Israel-Iran eskalaatioon voisi ohittaa &#8221;ovaalin&#8221; ja Jerusalemin, -suoria keskusteluja Iran-USA k\u00e4yty viikolla<\/a><\/p><\/blockquote>\n<p><iframe class=\"wp-embedded-content\" sandbox=\"allow-scripts\" security=\"restricted\" style=\"position: absolute; clip: rect(1px, 1px, 1px, 1px);\" title=\"&#8221;Eurooppalainen ratkaisu Israel-Iran eskalaatioon voisi ohittaa &#8221;ovaalin&#8221; ja Jerusalemin, -suoria keskusteluja Iran-USA k\u00e4yty viikolla&#8221; &#8212; \" src=\"https:\/\/www.uutispeili.fi\/index.php\/2025\/06\/19\/eurooppalainen-ratkaisu-israel-iran-eskalaatioon-voisi-ohittaa-ovaalin-ja-jerusalemin-suoria-keskusteluja-iran-usa-kayty-viikolla\/embed\/#?secret=Sdg5mpqEHW#?secret=qpeCue7qsV\" data-secret=\"qpeCue7qsV\" width=\"600\" height=\"338\" frameborder=\"0\" marginwidth=\"0\" marginheight=\"0\" scrolling=\"no\"><\/iframe><\/p>\n<p>18.06. 2025:<\/p>\n<blockquote class=\"wp-embedded-content\" data-secret=\"EuSuaKDt2b\"><p><a href=\"https:\/\/www.uutispeili.fi\/index.php\/2025\/06\/18\/ranska-kokoaa-eurooppaa-lopettamaan-israelin-iranin-eskalaatiota\/\">Ranska kokoaa Eurooppaa lopettamaan Israelin-Iranin eskalaatiota<\/a><\/p><\/blockquote>\n<p><iframe class=\"wp-embedded-content\" sandbox=\"allow-scripts\" security=\"restricted\" style=\"position: absolute; clip: rect(1px, 1px, 1px, 1px);\" title=\"&#8221;Ranska kokoaa Eurooppaa lopettamaan Israelin-Iranin eskalaatiota&#8221; &#8212; \" src=\"https:\/\/www.uutispeili.fi\/index.php\/2025\/06\/18\/ranska-kokoaa-eurooppaa-lopettamaan-israelin-iranin-eskalaatiota\/embed\/#?secret=ynQ2xfJB5w#?secret=EuSuaKDt2b\" data-secret=\"EuSuaKDt2b\" width=\"600\" height=\"338\" frameborder=\"0\" marginwidth=\"0\" marginheight=\"0\" scrolling=\"no\"><\/iframe><\/p>\n<p>15.06. 2025:<\/p>\n<blockquote class=\"wp-embedded-content\" data-secret=\"wlcfEFQ4hR\"><p><a href=\"https:\/\/www.uutispeili.fi\/index.php\/2025\/06\/15\/eurooppa-laittaa-eskalaatio-hullut-jarjestykseen\/\">Eurooppa laittaa eskalaatio-hullut j\u00e4rjestykseen?<\/a><\/p><\/blockquote>\n<p><iframe class=\"wp-embedded-content\" sandbox=\"allow-scripts\" security=\"restricted\" style=\"position: absolute; clip: rect(1px, 1px, 1px, 1px);\" title=\"&#8221;Eurooppa laittaa eskalaatio-hullut j\u00e4rjestykseen?&#8221; &#8212; \" src=\"https:\/\/www.uutispeili.fi\/index.php\/2025\/06\/15\/eurooppa-laittaa-eskalaatio-hullut-jarjestykseen\/embed\/#?secret=cccZImF2RP#?secret=wlcfEFQ4hR\" data-secret=\"wlcfEFQ4hR\" width=\"600\" height=\"338\" frameborder=\"0\" marginwidth=\"0\" marginheight=\"0\" scrolling=\"no\"><\/iframe><\/p>\n","protected":false},"excerpt":{"rendered":"<p>Diplomatia Iranin ja toisaalta E-3 -maiden ja EU:n v\u00e4lill\u00e4 Iranin ydinhankkeisiin liittyvien asioiden ratkaisemiseksi neuvottelup\u00f6yd\u00e4ss\u00e4 jatkuu aktiivisena. Euroopan unionin ulkopolitiikan p\u00e4\u00e4llikk\u00f6 Kaja Kallas tapasi torstaina (04.09.) Iranin ulkoministeri Abbas Araghchin\u00a0 Qatarin emiirikunnan p\u00e4\u00e4kaupungissa Dohassa. Keskustelujen aihe oli Iranin ydinohjelma ja Irania uhkaavat pakotteet. Iranin ulkoministeri\u00f6n tiedottaja Esmaeil Baghaei kuvaili t\u00e4n\u00e4\u00e4n ulkoministeri Araghchin tapaamista\u00a0Kallasin kanssa hy\u00f6dylliseksi. [&hellip;]<\/p>\n","protected":false},"author":3,"featured_media":8126,"comment_status":"open","ping_status":"open","sticky":false,"template":"","format":"standard","meta":{"footnotes":""},"categories":[202,112,148,94],"tags":[],"_links":{"self":[{"href":"https:\/\/www.uutispeili.fi\/index.php\/wp-json\/wp\/v2\/posts\/8124"}],"collection":[{"href":"https:\/\/www.uutispeili.fi\/index.php\/wp-json\/wp\/v2\/posts"}],"about":[{"href":"https:\/\/www.uutispeili.fi\/index.php\/wp-json\/wp\/v2\/types\/post"}],"author":[{"embeddable":true,"href":"https:\/\/www.uutispeili.fi\/index.php\/wp-json\/wp\/v2\/users\/3"}],"replies":[{"embeddable":true,"href":"https:\/\/www.uutispeili.fi\/index.php\/wp-json\/wp\/v2\/comments?post=8124"}],"version-history":[{"count":2,"href":"https:\/\/www.uutispeili.fi\/index.php\/wp-json\/wp\/v2\/posts\/8124\/revisions"}],"predecessor-version":[{"id":8128,"href":"https:\/\/www.uutispeili.fi\/index.php\/wp-json\/wp\/v2\/posts\/8124\/revisions\/8128"}],"wp:featuredmedia":[{"embeddable":true,"href":"https:\/\/www.uutispeili.fi\/index.php\/wp-json\/wp\/v2\/media\/8126"}],"wp:attachment":[{"href":"https:\/\/www.uutispeili.fi\/index.php\/wp-json\/wp\/v2\/media?parent=8124"}],"wp:term":[{"taxonomy":"category","embeddable":true,"href":"https:\/\/www.uutispeili.fi\/index.php\/wp-json\/wp\/v2\/categories?post=8124"},{"taxonomy":"post_tag","embeddable":true,"href":"https:\/\/www.uutispeili.fi\/index.php\/wp-json\/wp\/v2\/tags?post=8124"}],"curies":[{"name":"wp","href":"https:\/\/api.w.org\/{rel}","templated":true}]}}