{"id":8099,"date":"2025-09-07T11:18:29","date_gmt":"2025-09-07T08:18:29","guid":{"rendered":"https:\/\/www.uutispeili.fi\/?p=8099"},"modified":"2025-09-07T11:54:49","modified_gmt":"2025-09-07T08:54:49","slug":"panttivankien-omaiset-vetoavat-suoraan-trumpiin","status":"publish","type":"post","link":"https:\/\/www.uutispeili.fi\/index.php\/2025\/09\/07\/panttivankien-omaiset-vetoavat-suoraan-trumpiin\/","title":{"rendered":"Panttivankien omaiset vetoavat suoraan Trumpiin"},"content":{"rendered":"<p><strong>Israelilaisten mielenilmaisut p\u00e4\u00e4ministeri Benjaminen Netanyahun sotaista politiikkaa vastaan ovat j\u00e4\u00e4neet v\u00e4h\u00e4lle huomiolle kansainv\u00e4lisess\u00e4 mediassa. Lauantaina Tel Avivissa tuhannet israelilaiset vetosivat suoraan Yhdysvaltain presidenttiin Gazan sodan lopettamiseksi, ja vaativat panttivankien vapauttamista.<\/strong><\/p>\n<p>(Kuvaan on k\u00e4ytetty mm. israelilaisen panttivankien keskusteluryhm\u00e4n aineistoa.)<\/p>\n<p>Eilen lauantaina (06.09.) <strong>Gaza<\/strong>ssa yh\u00e4 olevien panttivankien omaisia tukevat mielenosoittajat kohdistivat viestins\u00e4 suoraan <strong>Yhdysvaltain<\/strong> presidentille, <strong>Donald Trump<\/strong>ille.<\/p>\n<p>P\u00e4\u00e4ministeri <strong>Benjamin Netanjahu<\/strong>n asunnon l\u00e4helle\u00a0kokoontuneet israelilaiset kantoivat Israelin lippuja ja panttivankien kuvia: &#8221;<em>Presidentti Trump, pelasta<\/em> <em>panttivangit NYT!<\/em>&#8221; Mielenosoitus ei ollut ensimm\u00e4inen laatuaan.<\/p>\n<blockquote><p>&#8221;Uskomme, ett\u00e4 Trump on ainoa mies maailmassa, jolla on valta Bibin (Netanyahun kutsumanimi) yli, ja joka voi pakottaa Bibin tekem\u00e4\u00e4n t\u00e4m\u00e4n&#8221;, sanoi lehden mukaan <strong>Tel Aviv<\/strong>issa asuva 40-vuotias Boaz. &#8221;Sodalla ei ole mit\u00e4\u00e4n tarkoitusta, paitsi v\u00e4kivalta ja kuolema&#8221;, h\u00e4n jatkoi.<\/p><\/blockquote>\n<p>Israelin armeijan (IDF) tehostunut hy\u00f6kk\u00e4ys <strong>Gaza City<\/strong>ss\u00e4 on aiheuttanut huolta, ett\u00e4 Netanyahu uhraa viel\u00e4 elossa olevat panttivangit. Lehden mukaan IDF:n johdossa jaetaan omaisten huoli.<\/p>\n<h2>Mielenosoittajat vaativat tulitaukoa panttivankien vapauttamiseksi<\/h2>\n<p>Mielenosoitukset Tel Avivissa ovat olleet jokaviikkoisia, ja ne ovat kasvaneet kooltaan, -lauantaina kymmeni\u00e4tuhansia osallistujia. Mielenosoittajat vaativat hallitusta solmimaan tulitauon Hamasin kanssa panttivankien vapauttamiseksi.<\/p>\n<p><strong>Hamas<\/strong> toisti lauantaina kantansa, ett\u00e4 panttivangit vapautetaan, (vain) jos IDF vet\u00e4ytyy kokonaan Gazasta. Panttivankeja on aiemmin vapautettu, -vaihdoissa Israelin vankiloissa oleviin palestiinalaisvankeihin- m\u00e4\u00e4r\u00e4aikaisyen aselepojen yhteydess\u00e4.<\/p>\n<p>Hamas on my\u00f6nt\u00e4nyt, ettei se en\u00e4\u00e4 hallitse Gazaa sodan p\u00e4\u00e4tytty\u00e4, mutta on kielt\u00e4ytynyt keskustelemasta aseistaan luopumisesta, -mik\u00e4 on Israelin ehdoton vaatimus.<\/p>\n<p>Mielenosoittajat k\u00e4yttiv\u00e4t hyvin jyrkki\u00e4 sanontoja p\u00e4\u00e4ministeri\u00a0 Netanyshusta.<\/p>\n<blockquote><p>\u201dJuutalaisilla on ollut monia vainoojia historian aikana\u201d, Hamasin panttivangin <strong>Matan Zangauker<\/strong>in \u00e4iti <strong>Einav Zangauker<\/strong>, sanoi. \u201d<strong>Farao<\/strong> ja <strong>Haman<\/strong> tekiv\u00e4t meit\u00e4 vastaan \u200b\u200bpogromeja \u2013 mutta sin\u00e4, Benjamin Netanjahu, nouset heid\u00e4n kaikkien yl\u00e4puolelle.\u201d<\/p><\/blockquote>\n<p>\u201d<em>Netanyahu, ainoa perint\u00f6si on lokakuun 7. p\u00e4iv\u00e4n veril\u00f6yly ja ep\u00e4onnistuminen<\/em>\u201d, mielenosoituksessa puhunut\u00a0 Zangauker sanoi p\u00e4\u00e4ministerille. \u201d<em>Mutta valheesi eiv\u00e4t pys\u00e4yt\u00e4 meit\u00e4.<\/em>\u201d<\/p>\n<blockquote><p>\u201dMinun Matan-poikani tekee kaikkensa selviyty\u00e4kseen Hamasin tunneleissa; h\u00e4n on teid\u00e4n hylk\u00e4\u00e4misenne perint\u00f6\u201d, h\u00e4n huusi. \u201dMiksi ette ole vastanneet Hamasin vastaukseen kolmeen viikkoon? Miksi l\u00e4het\u00e4tte [strategisten asioiden ministeri <strong>Ron] Dermer<\/strong>in valehtelemaan [Yhdysvaltain] presidentti [Donald] Trumpille?\u201d<\/p><\/blockquote>\n<p>Aiemmin illalla Matan Zangaukerin puoliso, <strong>Ilana Gritzewsky<\/strong>, -itsekin entinen panttivanki- puhui mielenosoituksessa. Gritzewsky syytti Netanjahua panttivankeuden pitkitt\u00e4misest\u00e4 poliittisista syist\u00e4:\u00a0 \u201d<em>Ette ole tehneet kaikkea. Ette tehneet tarpeeksi, sill\u00e4 jos olisitte tehneet, he olisivat jo olleet t\u00e4\u00e4ll\u00e4.<\/em>\u201d<\/p>\n<p>Panttivankien aukion mielenosoitus p\u00e4\u00e4ttyi surmatun vangin <strong>Yossi Sharab<\/strong>in\u00a0, sisaren <strong>Yuval<\/strong>in laulamaan <em>Hatikva<\/em>-lauluun. <img loading=\"lazy\" decoding=\"async\" class=\"alignnone size-full wp-image-144\" src=\"https:\/\/www.uutispeili.fi\/wp-content\/uploads\/2023\/11\/di.gold_.gif\" alt=\"\" width=\"11\" height=\"11\" \/><\/p>\n<p>(Hatikva, &#8217;toivo&#8217;, -Israelin kansallislaulu.)<\/p>\n<p>Luettavaa:<\/p>\n<ul>\n<li><a href=\"https:\/\/english.alarabiya.net\/News\/middle-east\/2025\/09\/07\/-trump-s-legacy-crumbles-israelis-call-on-us-president-to-end-gaza-war\" target=\"_blank\" rel=\"noopener\"><strong>al-arabiya<\/strong><\/a> 07. 09. 2025,<\/li>\n<li><a href=\"https:\/\/www.timesofisrael.com\/traitor-mass-jerusalem-crowd-pans-pm-as-hostages-mom-calls-him-worst-foe-of-jewish-people\/\" target=\"_blank\" rel=\"noopener\"><strong>The Times of Israel<\/strong><\/a> 07.09. 2025,<\/li>\n<\/ul>\n<p><iframe loading=\"lazy\" title=\"Mass Protests in Israel Live: Hostage Families Slam Netanyahu, Urge Trump to save Hostage &amp; End War\" src=\"https:\/\/www.youtube.com\/embed\/Z6cFtvwENrw\" width=\"901\" height=\"258\" frameborder=\"0\" allowfullscreen=\"allowfullscreen\"><\/iframe><\/p>\n<p><blockquote class=\"wp-embedded-content\" data-secret=\"xwkDn9AYUh\"><a href=\"https:\/\/www.uutispeili.fi\/index.php\/2025\/08\/26\/presidentti-stubb-tanaan-kahden-valtion-ratkaisu-edellyttaa-palestiinan-valtion-lisaksi-myos-israelin-valtion-tunnustamista\/\">Presidentti Stubb t\u00e4n\u00e4\u00e4n: &#8217;Kahden valtion ratkaisu edellytt\u00e4\u00e4 Palestiinan valtion lis\u00e4ksi my\u00f6s Israelin valtion tunnustamista&#8217;<\/a><\/blockquote><iframe class=\"wp-embedded-content\" sandbox=\"allow-scripts\" security=\"restricted\" style=\"position: absolute; clip: rect(1px, 1px, 1px, 1px);\" title=\"&#8221;Presidentti Stubb t\u00e4n\u00e4\u00e4n: &#8217;Kahden valtion ratkaisu edellytt\u00e4\u00e4 Palestiinan valtion lis\u00e4ksi my\u00f6s Israelin valtion tunnustamista&#8217;&#8221; &#8212; \" src=\"https:\/\/www.uutispeili.fi\/index.php\/2025\/08\/26\/presidentti-stubb-tanaan-kahden-valtion-ratkaisu-edellyttaa-palestiinan-valtion-lisaksi-myos-israelin-valtion-tunnustamista\/embed\/#?secret=ZIom8HJIc7#?secret=xwkDn9AYUh\" data-secret=\"xwkDn9AYUh\" width=\"600\" height=\"338\" frameborder=\"0\" marginwidth=\"0\" marginheight=\"0\" scrolling=\"no\"><\/iframe><\/p>\n\n\n<figure class=\"wp-block-embed is-type-wp-embed is-provider-upota wp-block-embed-upota\"><div class=\"wp-block-embed__wrapper\">\n<blockquote class=\"wp-embedded-content\" data-secret=\"g8k9daXFRA\"><a href=\"https:\/\/www.uutispeili.fi\/index.php\/2025\/08\/01\/diplomaattisesti-tunnustettu-palestiinan-valtio-tulee-olemaan-tarpeellinen-gazan-rauhoittamisessa-stubb-ja-valtonen-oikealla-asialla\/\">Diplomaattisesti tunnustettu Palestiinan valtio tulee olemaan tarpeellinen Gazan rauhoittamisessa: Stubb ja Valtonen oikealla asialla<\/a><\/blockquote><iframe class=\"wp-embedded-content\" sandbox=\"allow-scripts\" security=\"restricted\" style=\"position: absolute; clip: rect(1px, 1px, 1px, 1px);\" title=\"&#8221;Diplomaattisesti tunnustettu Palestiinan valtio tulee olemaan tarpeellinen Gazan rauhoittamisessa: Stubb ja Valtonen oikealla asialla&#8221; &#8212; \" src=\"https:\/\/www.uutispeili.fi\/index.php\/2025\/08\/01\/diplomaattisesti-tunnustettu-palestiinan-valtio-tulee-olemaan-tarpeellinen-gazan-rauhoittamisessa-stubb-ja-valtonen-oikealla-asialla\/embed\/#?secret=uy8KYSVD2T#?secret=g8k9daXFRA\" data-secret=\"g8k9daXFRA\" width=\"600\" height=\"338\" frameborder=\"0\" marginwidth=\"0\" marginheight=\"0\" scrolling=\"no\"><\/iframe>\n<\/div><\/figure>\n","protected":false},"excerpt":{"rendered":"<p>Israelilaisten mielenilmaisut p\u00e4\u00e4ministeri Benjaminen Netanyahun sotaista politiikkaa vastaan ovat j\u00e4\u00e4neet v\u00e4h\u00e4lle huomiolle kansainv\u00e4lisess\u00e4 mediassa. Lauantaina Tel Avivissa tuhannet israelilaiset vetosivat suoraan Yhdysvaltain presidenttiin Gazan sodan lopettamiseksi, ja vaativat panttivankien vapauttamista. (Kuvaan on k\u00e4ytetty mm. israelilaisen panttivankien keskusteluryhm\u00e4n aineistoa.) Eilen lauantaina (06.09.) Gazassa yh\u00e4 olevien panttivankien omaisia tukevat mielenosoittajat kohdistivat viestins\u00e4 suoraan Yhdysvaltain presidentille, Donald Trumpille. [&hellip;]<\/p>\n","protected":false},"author":3,"featured_media":8100,"comment_status":"open","ping_status":"open","sticky":false,"template":"","format":"standard","meta":{"footnotes":""},"categories":[151,161,71,116],"tags":[],"_links":{"self":[{"href":"https:\/\/www.uutispeili.fi\/index.php\/wp-json\/wp\/v2\/posts\/8099"}],"collection":[{"href":"https:\/\/www.uutispeili.fi\/index.php\/wp-json\/wp\/v2\/posts"}],"about":[{"href":"https:\/\/www.uutispeili.fi\/index.php\/wp-json\/wp\/v2\/types\/post"}],"author":[{"embeddable":true,"href":"https:\/\/www.uutispeili.fi\/index.php\/wp-json\/wp\/v2\/users\/3"}],"replies":[{"embeddable":true,"href":"https:\/\/www.uutispeili.fi\/index.php\/wp-json\/wp\/v2\/comments?post=8099"}],"version-history":[{"count":4,"href":"https:\/\/www.uutispeili.fi\/index.php\/wp-json\/wp\/v2\/posts\/8099\/revisions"}],"predecessor-version":[{"id":8105,"href":"https:\/\/www.uutispeili.fi\/index.php\/wp-json\/wp\/v2\/posts\/8099\/revisions\/8105"}],"wp:featuredmedia":[{"embeddable":true,"href":"https:\/\/www.uutispeili.fi\/index.php\/wp-json\/wp\/v2\/media\/8100"}],"wp:attachment":[{"href":"https:\/\/www.uutispeili.fi\/index.php\/wp-json\/wp\/v2\/media?parent=8099"}],"wp:term":[{"taxonomy":"category","embeddable":true,"href":"https:\/\/www.uutispeili.fi\/index.php\/wp-json\/wp\/v2\/categories?post=8099"},{"taxonomy":"post_tag","embeddable":true,"href":"https:\/\/www.uutispeili.fi\/index.php\/wp-json\/wp\/v2\/tags?post=8099"}],"curies":[{"name":"wp","href":"https:\/\/api.w.org\/{rel}","templated":true}]}}